{"id":5966,"date":"2019-01-18T12:31:15","date_gmt":"2019-01-18T11:31:15","guid":{"rendered":"https:\/\/www.antifaschistische-linke.de\/?p=5966"},"modified":"2019-01-18T12:31:18","modified_gmt":"2019-01-18T11:31:18","slug":"kein-tanz-fuer-burschis-2019","status":"publish","type":"post","link":"https:\/\/www.antifaschistische-linke.de\/?p=5966","title":{"rendered":"Kein Tanz f\u00fcr Burschis 2019"},"content":{"rendered":"\n<p>Kein Tanz f\u00fcr Burschis! Am 19. Januar um 19 Uhr findet dieses Jahr der f\u00fcnfte Freiburger Studentenball im historischen Peterhofkeller auf dem Gel\u00e4nde der Albert-Ludwigs-Universit\u00e4t statt. Wie jedes Jahr sind die Organisatoren der Veranstaltung reaktion\u00e4re Burschenschaftler. <br><br>Das f\u00fcnfte Jahr in Folge organisiert der \u201eFreiburger Studentenball e.V.\u201c nun schon seine Tanzveranstaltung im Peterhofkeller. Trotz wiederholter Kritik verpasst die Albert-Ludwigs-Universit\u00e4t damit abermals die Chance, den Burschenschaftlern den Raum zu verwehren und so ein Zeichen gegen die erstarkte Rechte in Deutschland zu setzen. Denn bei dem \u201eFreiburger Studentenball\u201c handelt es sich nicht um eine harmlose Tanzveranstaltung. Niemand anders als die Burschenschaft Alemannia mit ihrem reaktion\u00e4ren Wahlspruch \u201eFreiheit, Ehre, Vaterland\u201c bittet hier zum Tanz. Unterst\u00fctzt wird das rechte Spektakel dieses Jahr von deutlich weniger Sponsoren. Die Logos der Privatsektkellerei Geldermann, der Rothaus Brauerei und der Tanzschule Fritz prangen dennoch auf dem Plakat. Von Unwissenheit, wen sie da unterst\u00fctzen, kann sicherlich keine Rede mehr sein. <br><br>Burschenschaften stehen als sexistische M\u00e4nnerb\u00fcnde  f\u00fcr ein rechts konservatives und reaktion\u00e4res Weltbild sowie f\u00fcr nationalistische Deutscht\u00fcmelei und Elitendenken. Die als \u201eFuxenzeit\u201c bezeichnete Probezeit in Verbindungen dient der Umerziehung junger Menschen im Sinne dieser rechten Ideologien. Von Gleichberechtigung, Chancengleichheit und Vielfalt, wie sie etwa die Universit\u00e4t Freiburg proklamiert, kann da keine Rede sein. Ein einfacher Blick nach \u00d6sterreich in die Reihen der rechten FP\u00d6 gen\u00fcgt auch, um zu erkennen, dass es sich bei Burschenschaften nicht um politisch irrelevante Randerscheinung an Universit\u00e4ten handelt. Ein gro\u00dfer Teil der FP\u00d6-Abgeordneten sind Burschenschaftler. Auch in Deutschland dienen Verbindungen wieder zunehmend als rechte Kaderschmieden f\u00fcr AfD und Konsorten. <br><br>Wir rufen die Albert-Ludwigs-Universit\u00e4t dazu auf, dem Freiburger Studentenball e.V. keine R\u00e4ume mehr zur Verf\u00fcgung zu stellen, sowie s\u00e4mtliche Sponsoren, ihre Unterst\u00fctzung zu entziehen. Es darf keinen Platz f\u00fcr Burschenschaften geben, ihre reaktion\u00e4re Ideologie zu feiern.  <br>Kein Raum f\u00fcr Sexismus, Nationalismus und Elitendenken! Kein Tanz f\u00fcr Burschis!<\/p>\n","protected":false},"excerpt":{"rendered":"<p>Kein Tanz f\u00fcr Burschis! Am 19. Januar um 19 Uhr findet dieses Jahr der f\u00fcnfte Freiburger Studentenball im historischen Peterhofkeller auf dem Gel\u00e4nde der Albert-Ludwigs-Universit\u00e4t statt. Wie jedes Jahr sind die Organisatoren der Veranstaltung reaktion\u00e4re Burschenschaftler. Das f\u00fcnfte Jahr in Folge organisiert der \u201eFreiburger Studentenball e.V.\u201c nun schon seine Tanzveranstaltung im Peterhofkeller. Trotz wiederholter Kritik [&hellip;]<\/p>\n","protected":false},"author":1,"featured_media":5063,"comment_status":"closed","ping_status":"closed","sticky":false,"template":"","format":"standard","meta":[],"categories":[1],"tags":[1039,207,879,127,939,13,937],"_links":{"self":[{"href":"https:\/\/www.antifaschistische-linke.de\/index.php?rest_route=\/wp\/v2\/posts\/5966"}],"collection":[{"href":"https:\/\/www.antifaschistische-linke.de\/index.php?rest_route=\/wp\/v2\/posts"}],"about":[{"href":"https:\/\/www.antifaschistische-linke.de\/index.php?rest_route=\/wp\/v2\/types\/post"}],"author":[{"embeddable":true,"href":"https:\/\/www.antifaschistische-linke.de\/index.php?rest_route=\/wp\/v2\/users\/1"}],"replies":[{"embeddable":true,"href":"https:\/\/www.antifaschistische-linke.de\/index.php?rest_route=%2Fwp%2Fv2%2Fcomments&post=5966"}],"version-history":[{"count":0,"href":"https:\/\/www.antifaschistische-linke.de\/index.php?rest_route=\/wp\/v2\/posts\/5966\/revisions"}],"wp:featuredmedia":[{"embeddable":true,"href":"https:\/\/www.antifaschistische-linke.de\/index.php?rest_route=\/wp\/v2\/media\/5063"}],"wp:attachment":[{"href":"https:\/\/www.antifaschistische-linke.de\/index.php?rest_route=%2Fwp%2Fv2%2Fmedia&parent=5966"}],"wp:term":[{"taxonomy":"category","embeddable":true,"href":"https:\/\/www.antifaschistische-linke.de\/index.php?rest_route=%2Fwp%2Fv2%2Fcategories&post=5966"},{"taxonomy":"post_tag","embeddable":true,"href":"https:\/\/www.antifaschistische-linke.de\/index.php?rest_route=%2Fwp%2Fv2%2Ftags&post=5966"}],"curies":[{"name":"wp","href":"https:\/\/api.w.org\/{rel}","templated":true}]}}