{"id":5971,"date":"2019-01-21T11:28:17","date_gmt":"2019-01-21T10:28:17","guid":{"rendered":"https:\/\/www.antifaschistische-linke.de\/?p=5971"},"modified":"2019-01-21T11:28:20","modified_gmt":"2019-01-21T10:28:20","slug":"zusammenstehen-gegen-rechte-hetzer-kein-raum-fuer-sarrazin","status":"publish","type":"post","link":"https:\/\/www.antifaschistische-linke.de\/?p=5971","title":{"rendered":"#Zusammenstehen gegen rechte Hetzer! &#8211; Kein Raum f\u00fcr Sarrazin"},"content":{"rendered":"\n<p><strong>#<\/strong><\/p>\n\n\n\n<p>2010\nerlangte Thilo Sarrazin mit der Ver\u00f6ffentlichung seines Buches\n\u201eDeutschland schafft sich ab\u201c mediale Bekanntheit. Damit\nbereitete er \u00f6ffentlich genau die Themen vor, die zum\nGr\u00fcndungsschwerpunkt der AfD werden sollten: Hetze gegen\nGeringverdiener_innen und Muslim_innen. Auch sein neustes Buch\n\u201eFeindliche \u00dcbernahme\u201c ist ein Pamphlet, das trotz oder gerade\nwegen seines hemmungslosen Rassismus auf Platz 1 der\nSpiegel-Bestsellerliste landete.<\/p>\n\n\n\n<p>Sarrazin\nist noch immer ein Stichwortgeber der Rechten in Deutschland, der\ndurch seine SPD-Mitgliedschaft zur Normalisierung von\nmenschenverachtenden Einstellungen bis weite in die vermeintliche\nMitte der Gesellschaft beitr\u00e4gt. Damit sollte klar sein: Sarrazin\nist nicht einfach ein kontroverser oder umstrittener Autor. Er ist\nein rassistischer Hetzer und geistiger Brandstifter, der mit seiner\nIdeologie entscheidend zum medialen und politischen Rechtsruck in\nDeutschland beitr\u00e4gt.<\/p>\n\n\n\n<p>Nun\nwill Sarrazin am 31. Januar um 19:30 Uhr hier in Freiburg im\nB\u00fcrgerhaus Z\u00e4hringen auftreten. F\u00fcr uns als Antifaschist_innen ist\nklar, dass wir das nicht unwidersprochen hinnehmen d\u00fcrfen. Wo\nrechten Hetzer_innen eine B\u00fchne geboten wird, gilt es dagegen zu\nhalten und immer wieder deutlich zu sagen: Rassismus,\nSozialdarwinismus und Sexismus sind keine Meinungen, sondern\nVerbrechen. Auf die Worte Sarrazins folgen die Taten von Nazis und\nanderen Gleichgesinnten auf der Stra\u00dfe. Er bietet die ideologische\nLegitimierung von Diskriminierung, Ausgrenzung und rechten\nAnschl\u00e4gen.<\/p>\n\n\n\n<p>Wir\nals Antifaschistische Linke Freiburg (IL) rufen dazu auf, sich der\nVeranstaltung von Sarrazin entgegenzustellen. Wir m\u00fcssen gemeinsam\nf\u00fcr eine solidarische Gesellschaft k\u00e4mpfen &#8211; jenseits von Reaktion,\nPatriarchat und Kapital!<\/p>\n\n\n\n<p>Deshalb:\n<strong>#Zusammenstehen gegen\nrassistische Hetzer! &#8211; Kein Raum f\u00fcr Sarrazin<\/strong><\/p>\n\n\n\n<p>Donnerstag,\n31.01.19 | 18 Uhr | Haltestelle Hornusstra\u00dfe<\/p>\n\n\n\n<figure class=\"wp-block-image\"><img decoding=\"async\" loading=\"lazy\" width=\"1000\" height=\"667\" src=\"https:\/\/www.antifaschistische-linke.de\/wp-content\/uploads\/sz.jpg\" alt=\"\" class=\"wp-image-5972\" srcset=\"https:\/\/www.antifaschistische-linke.de\/wp-content\/uploads\/sz.jpg 1000w, https:\/\/www.antifaschistische-linke.de\/wp-content\/uploads\/sz-300x200.jpg 300w\" sizes=\"(max-width: 1000px) 100vw, 1000px\" \/><\/figure>\n","protected":false},"excerpt":{"rendered":"<p># 2010 erlangte Thilo Sarrazin mit der Ver\u00f6ffentlichung seines Buches \u201eDeutschland schafft sich ab\u201c mediale Bekanntheit. Damit bereitete er \u00f6ffentlich genau die Themen vor, die zum Gr\u00fcndungsschwerpunkt der AfD werden sollten: Hetze gegen Geringverdiener_innen und Muslim_innen. Auch sein neustes Buch \u201eFeindliche \u00dcbernahme\u201c ist ein Pamphlet, das trotz oder gerade wegen seines hemmungslosen Rassismus auf Platz [&hellip;]<\/p>\n","protected":false},"author":1,"featured_media":5972,"comment_status":"closed","ping_status":"closed","sticky":false,"template":"","format":"standard","meta":[],"categories":[10,1],"tags":[974,879,127,13,1040],"_links":{"self":[{"href":"https:\/\/www.antifaschistische-linke.de\/index.php?rest_route=\/wp\/v2\/posts\/5971"}],"collection":[{"href":"https:\/\/www.antifaschistische-linke.de\/index.php?rest_route=\/wp\/v2\/posts"}],"about":[{"href":"https:\/\/www.antifaschistische-linke.de\/index.php?rest_route=\/wp\/v2\/types\/post"}],"author":[{"embeddable":true,"href":"https:\/\/www.antifaschistische-linke.de\/index.php?rest_route=\/wp\/v2\/users\/1"}],"replies":[{"embeddable":true,"href":"https:\/\/www.antifaschistische-linke.de\/index.php?rest_route=%2Fwp%2Fv2%2Fcomments&post=5971"}],"version-history":[{"count":0,"href":"https:\/\/www.antifaschistische-linke.de\/index.php?rest_route=\/wp\/v2\/posts\/5971\/revisions"}],"wp:featuredmedia":[{"embeddable":true,"href":"https:\/\/www.antifaschistische-linke.de\/index.php?rest_route=\/wp\/v2\/media\/5972"}],"wp:attachment":[{"href":"https:\/\/www.antifaschistische-linke.de\/index.php?rest_route=%2Fwp%2Fv2%2Fmedia&parent=5971"}],"wp:term":[{"taxonomy":"category","embeddable":true,"href":"https:\/\/www.antifaschistische-linke.de\/index.php?rest_route=%2Fwp%2Fv2%2Fcategories&post=5971"},{"taxonomy":"post_tag","embeddable":true,"href":"https:\/\/www.antifaschistische-linke.de\/index.php?rest_route=%2Fwp%2Fv2%2Ftags&post=5971"}],"curies":[{"name":"wp","href":"https:\/\/api.w.org\/{rel}","templated":true}]}}