{"id":6093,"date":"2019-04-12T07:45:40","date_gmt":"2019-04-12T05:45:40","guid":{"rendered":"https:\/\/www.antifaschistische-linke.de\/?p=6093"},"modified":"2019-05-15T17:50:35","modified_gmt":"2019-05-15T15:50:35","slug":"demonstration-am-18-mai-gegen-verdraengung-und-steigende-mieten-alle-fuer-eine-solidarische-stadt","status":"publish","type":"post","link":"https:\/\/www.antifaschistische-linke.de\/?p=6093","title":{"rendered":"Demonstration am 18. Mai: Gegen Verdr\u00e4ngung und steigende Mieten! Alle f\u00fcr eine solidarische Stadt!"},"content":{"rendered":"\n<p><strong>B\u00fcndnisaufruf: Wem geh\u00f6rt die Stadt\u2026 wenn nicht denen die darin leben?!<\/strong><\/p>\n\n\n\n<p><a href=\"https:\/\/www.antifaschistische-linke.de\/?p=6039\">Unseren Aufruf zum Vergessellschaften!-Block auf der Demonstration findet ihr hier.<\/a><\/p>\n\n\n\n<p>Weil\nbezahlbarer Wohnraum Mangelware ist, sind steigende Mieten, hohe\nWohnkosten und die daraus folgende Verdr\u00e4ngung von Menschen in\nvielen europ\u00e4ischen St\u00e4dten zum gravierenden Problem geworden.\nVielerorts ist daher der Wunsch nach einem selbstbestimmten,\nbezahlbaren Wohnen und Leben zum allt\u00e4glichen \u00dcberlebenskampf\ngeworden! Allein in Freiburg\nfehlen f\u00fcr 72% der \u00e4rmeren Bev\u00f6lkerung leistbare Wohnungen, was\nbei den vierth\u00f6chsten\nMietpreisen Deutschlands\nkaum verwunderlich ist! \n<\/p>\n\n\n\n<p>Dabei\nm\u00fcsste\nes selbstverst\u00e4ndlich sein,\ndass die St\u00e4dte denen geh\u00f6ren, die darin leben! Stattdessen hat\nsich die Logik des freien Marktes durchgesetzt, in der die\nProfitmaximierung der Immobilienbesitzer_innen und Investor_innen\nsehr viel mehr Wert ist, als das Grundbed\u00fcrfnis und Grundrecht auf\nein w\u00fcrdevolles Wohnen und Leben. Diese\nWohnpolitik des\nfreien Marktes hat\nauf ganzer Linie versagt! \n<\/p>\n\n\n\n<p>Anstatt dass der sogenannte Sozialstaat diesem Ausverkauf der St\u00e4dte Grenzen setzt, beteiligt er sich daran, wo er nur kann und erkl\u00e4rt anschlie\u00dfend, dass diese Politik alternativlos w\u00e4re.<\/p>\n\n\n\n<p>Das\nErgebnis ist: Wohnraum f\u00fcr Reiche, Verdr\u00e4ngung von Menschen mit\ngeringem und mittlerem Einkommen, die Schlie\u00dfung von Freir\u00e4umen\nsowie der Versuch der sozialen und rassistischen Spaltung\nvon St\u00e4dten und den Menschen, die darin leben!<\/p>\n\n\n\n<p><strong>Wenn eins nicht geht dann das! Und zweitens wir!<\/strong><\/p>\n\n\n\n<p>Das alles k\u00f6nnen und wollen wir nicht l\u00e4nger hinnehmen! \u00dcberall werden daher die Rufe nach Mietenstopps, gemeinn\u00fctziger Rekommunalisierung und Enteignung lauter. Auch in Freiburg m\u00fcssen wir zusammenstehen, damit unsere Stadt endlich wieder sozial, demokratisch und solidarisch wird!  <\/p>\n\n\n\n<p>Daf\u00fcr\nhaben wir zum Beispiel begonnen uns als Mieter_innen zu organisieren.\nIn vielen Vierteln gibt es bereits Initiativen und Gruppen, wie die\n<em>Wiehre f\u00fcr Alle<\/em> oder die <em>Metzgergr\u00fcn-Initiative<\/em>, die\nsich der Verdr\u00e4ngung widersetzen und f\u00fcr den Erhalt von bezahlbaren\nWohnungen k\u00e4mpfen.<\/p>\n\n\n\n<p>Oder\naber wir holen uns den Wohnraum zur\u00fcck, der seit Jahren ungenutzt\nbleibt, weil den Eigent\u00fcmer_innen die Wohnungsnot egal ist. Die <em>WG<\/em>\n(WohnraumGestalten) besetzt seit einigen Monaten H\u00e4user, um die\nUngerechtigkeit auf dem Wohnungsmarkt sichtbar zu machen, Wohnraum\nzur\u00fcck zu erobern und ihn den Menschen zur Verf\u00fcgung zu stellen,\ndie ihn brauchen. \n<\/p>\n\n\n\n<p>Auch\nim <em>Freiburger Mietenb\u00fcndnis<\/em> kommen wir seit einigen Monaten\nzusammen, um uns gegen die herrschende Ausverkaufslogik in der Stadt\nzu wehren. Veranstaltungen werden organisiert, Mieter_innen vernetzen\nsich und es wird flei\u00dfig diskutiert, wie man Druck auf die\nStadtpolitik aus\u00fcben kann. Wichtige stadtpolitische Forderungen und\nIdeen wurden dabei bereits im Mieten-Manifest verschriftlicht.<\/p>\n\n\n\n<p>Eine Stadt f\u00fcr Alle, hei\u00dft f\u00fcr uns auch eine Stadt frei von Rassismus und sozialer Ausgrenzung. Deshalb k\u00e4mpfen wir f\u00fcr die Umsetzung einer <em>SolidarityCity-Freiburg<\/em>: in Freiburg sollen alle Einwohner_innen unabh\u00e4ngig von Herkunft, Aufenthalts- und sozialem Status den gleichen Zugang z.B. zu \u00f6ffentlichen Einrichtungen, zu Bildung, menschenw\u00fcrdigem Wohnraum, medizinischer Versorgung haben und die M\u00f6glichkeit zur kulturellen und politischen Teilhabe bekommen.<\/p>\n\n\n\n<p><strong>Eine\nStadt f\u00fcr Alle, nicht f\u00fcr Profite!<\/strong><\/p>\n\n\n\n<p>So\nwie es ist, kann es nicht bleiben! Lasst uns daher gemeinsam ein\nZeichen setzen, denn Freiburg reicht\u2018s: Wir sind die Stadt und\nwollen zur\u00fcckholen, was allen geh\u00f6rt! Die Spirale der Mietpreise,\nder Aufwertung, Verdr\u00e4ngung und Ausgrenzung wird sich immer\nweiterdrehen, wenn wir\nnicht dagegen aktiv werden! \n<\/p>\n\n\n\n<p>Deshalb rufen wir gemeinsam zur <strong>Demonstration am 18. Mai<\/strong> auf: Wir lassen uns nicht l\u00e4nger einsch\u00fcchtern und werden keine Ruhe geben! Wir fordern eine solidarische und demokratische Stadt, die ein gutes Leben f\u00fcr Alle erm\u00f6glicht!<\/p>\n\n\n\n<p><\/p>\n\n\n\n<p><a href=\"https:\/\/www.facebook.com\/162057648028083\/videos\/574673383022125\/\">Mobi-Video<\/a> (FB-Link)<\/p>\n\n\n\n<p><a href=\"https:\/\/www.facebook.com\/events\/725303501200938\/\">Basteltag am 10. Mai<\/a> (FB-Link)<\/p>\n\n\n\n<p><a href=\"https:\/\/www.facebook.com\/events\/2369398306715158\/\">Vortrag am 11. Mai<\/a> (FB-Link)<\/p>\n\n\n\n<p><a href=\"https:\/\/www.facebook.com\/events\/664654220632540\/\">Demonstration am 18. Mai (FB-Link)<br><\/a><\/p>\n\n\n\n<p><strong> <\/strong><em><strong>Demo 18. Mai 2019 \/ 15 Uhr \/ Platz der Alten Synagoge<\/strong> <\/em> <\/p>\n\n\n\n<figure class=\"wp-block-image\"><img decoding=\"async\" loading=\"lazy\" width=\"726\" height=\"1024\" src=\"https:\/\/www.antifaschistische-linke.de\/wp-content\/uploads\/b_f_o-726x1024.jpg\" alt=\"\" class=\"wp-image-6069\" srcset=\"https:\/\/www.antifaschistische-linke.de\/wp-content\/uploads\/b_f_o-726x1024.jpg 726w, https:\/\/www.antifaschistische-linke.de\/wp-content\/uploads\/b_f_o-213x300.jpg 213w, https:\/\/www.antifaschistische-linke.de\/wp-content\/uploads\/b_f_o.jpg 1000w\" sizes=\"(max-width: 726px) 100vw, 726px\" \/><\/figure>\n","protected":false},"excerpt":{"rendered":"<p>B\u00fcndnisaufruf: Wem geh\u00f6rt die Stadt\u2026 wenn nicht denen die darin leben?! Unseren Aufruf zum Vergessellschaften!-Block auf der Demonstration findet ihr hier. Weil bezahlbarer Wohnraum Mangelware ist, sind steigende Mieten, hohe Wohnkosten und die daraus folgende Verdr\u00e4ngung von Menschen in vielen europ\u00e4ischen St\u00e4dten zum gravierenden Problem geworden. Vielerorts ist daher der Wunsch nach einem selbstbestimmten, bezahlbaren [&hellip;]<\/p>\n","protected":false},"author":1,"featured_media":6069,"comment_status":"closed","ping_status":"closed","sticky":false,"template":"","format":"standard","meta":[],"categories":[10,1030,1032,4,317,7],"tags":[316,1046,1056,50,1050,884,1055],"_links":{"self":[{"href":"https:\/\/www.antifaschistische-linke.de\/index.php?rest_route=\/wp\/v2\/posts\/6093"}],"collection":[{"href":"https:\/\/www.antifaschistische-linke.de\/index.php?rest_route=\/wp\/v2\/posts"}],"about":[{"href":"https:\/\/www.antifaschistische-linke.de\/index.php?rest_route=\/wp\/v2\/types\/post"}],"author":[{"embeddable":true,"href":"https:\/\/www.antifaschistische-linke.de\/index.php?rest_route=\/wp\/v2\/users\/1"}],"replies":[{"embeddable":true,"href":"https:\/\/www.antifaschistische-linke.de\/index.php?rest_route=%2Fwp%2Fv2%2Fcomments&post=6093"}],"version-history":[{"count":0,"href":"https:\/\/www.antifaschistische-linke.de\/index.php?rest_route=\/wp\/v2\/posts\/6093\/revisions"}],"wp:featuredmedia":[{"embeddable":true,"href":"https:\/\/www.antifaschistische-linke.de\/index.php?rest_route=\/wp\/v2\/media\/6069"}],"wp:attachment":[{"href":"https:\/\/www.antifaschistische-linke.de\/index.php?rest_route=%2Fwp%2Fv2%2Fmedia&parent=6093"}],"wp:term":[{"taxonomy":"category","embeddable":true,"href":"https:\/\/www.antifaschistische-linke.de\/index.php?rest_route=%2Fwp%2Fv2%2Fcategories&post=6093"},{"taxonomy":"post_tag","embeddable":true,"href":"https:\/\/www.antifaschistische-linke.de\/index.php?rest_route=%2Fwp%2Fv2%2Ftags&post=6093"}],"curies":[{"name":"wp","href":"https:\/\/api.w.org\/{rel}","templated":true}]}}