{"id":6213,"date":"2019-06-04T19:16:46","date_gmt":"2019-06-04T17:16:46","guid":{"rendered":"https:\/\/www.antifaschistische-linke.de\/?p=6213"},"modified":"2019-06-04T19:16:59","modified_gmt":"2019-06-04T17:16:59","slug":"nopolgbw-gemeinsam-das-neue-polizeigesetz-verhindern","status":"publish","type":"post","link":"https:\/\/www.antifaschistische-linke.de\/?p=6213","title":{"rendered":"#NoPolGBW &#8211; Gemeinsam das neue Polizeigesetz verhindern"},"content":{"rendered":"\n<p>Landesweite Demo am 13. Juli 2019 | 12 Uhr | Lautenschlagerstra\u00dfe, Stuttgart<\/p>\n\n\n\n<p>Unterst\u00fctzt\ndie Kampagne gegen alte und neue Polizeigesetze!<\/p>\n\n\n\n<p>Nach\nder massiven Versch\u00e4rfung des Polizeigesetzes in Baden-W\u00fcrttemberg\nEnde 2017 plant die CDU im Innenministerium nun, der Polizei noch\nweitreichendere Befugnisse zur \u00dcberwachung einzur\u00e4umen. Diese\nVersch\u00e4rfung reiht sich ein in \u00e4hnliche Gesetzesver\u00e4nderungen in\nBayern, NRW und Sachsen. Wie in diesen Bundesl\u00e4ndern formiert sich\nnun auch in Baden-W\u00fcrttemberg Widerstand gegen die\nfreiheitsfeindlichen Gesetzgebungsverfahren der aktuellen Regierung.\nWie in Bayern, NRW und Sachsen ist es auch hier h\u00f6chste Zeit, dass\nder Unmut \u00fcber diese Aufr\u00fcstung im Inneren sichtbar wird. Bereits\nEnde 2017 wurde in Baden-W\u00fcrttemberg eine der sch\u00e4rfsten\nPolizeigesetzes-Novellen der Bundesrepublik verabschiedet.<\/p>\n\n\n\n<p>Dabei\nwurden folgende Neuerungen eingef\u00fchrt:<\/p>\n\n\n\n<p>\u2022\nAlkoholverbote: zeitlich begrenzt auf \u00f6ffentlichen Pl\u00e4tzen<\/p>\n\n\n\n<p>\u2022\nStaatstrojaner: pr\u00e4ventive Befugnisse zur \u00dcberwachung der laufenden\nKommunikation<\/p>\n\n\n\n<p>\u2022\n\u201eintelligente\u201c Video\u00fcberwachung: algorithmengest\u00fctzte\nEchtzeit-\u00dcberwachung im \u00f6ffentlichen<\/p>\n\n\n\n<p>\u2022\nRaumAufenthalts- und Kontaktverbote: pr\u00e4ventiv, beim blo\u00dfen\nVerdacht auf schwere<\/p>\n\n\n\n<p>\u2022\nStraftatenElektronische Fu\u00dffesseln: zur Kontrolle der Einhaltung von\nAufenthalts- und Kontaktverboten<\/p>\n\n\n\n<p>\u2022\nKriegswaffen f\u00fcr die Polizei: Handgranaten, Sprenggeschosse und\nkonventionelle Sprengmittel zum Einsatz im Inneren gegen einzelne\nPersonen<\/p>\n\n\n\n<p>Innenminister\nStrobl plant nun eine weitere Versch\u00e4rfung, die unter anderem eine\nmassive Ausweitung der Schleierfahndung (anlasslose\nPersonenkontrollen in einem 30 km breiten Streifen entlang der\nStaatsgrenzen), Onlinedurchsuchung aller Daten eines Ger\u00e4ts mittels\nStaatstrojaner, Vorkontrollen bei Demonstrationen, Body-Cams in\nWohnungen und pr\u00e4ventive DNA Untersuchungen legalisieren soll. Zudem\nsoll eine unendlich verl\u00e4ngerbare Pr\u00e4ventivhaft f\u00fcr sogenannte\n\u201eGef\u00e4hrder\u201c eingef\u00fchrt werden, denen juristisch nichts\nvorgeworfen wird.<\/p>\n\n\n\n<p>Auf\nBundesebene plant die Innenministerkonferenz unter dem Vorsitz der\nCSU eine Vereinheitlichung der Gesetzgebung, die zur sch\u00e4rfsten\nUnterdr\u00fcckung b\u00fcrgerlicher Freiheiten seit dem deutschen Faschismus\nf\u00fchren d\u00fcrfte. Dies reiht sich in den derzeitigen Rechtsruck ein\nund zeigt, dass dieser nicht nur die Gesellschaft, sondern auch die\nstaatlichen Organe erfasst hat. Darum ist Engagement gegen den Abbau\nvon Freiheitsrechten wichtiger denn je.<\/p>\n\n\n\n<p>Unter\n#NoPolGBW haben sich verschiedene Gruppen, Initiativen, Parteien und\nEinzelpersonen zusammengeschlossen, um sich gegen die\nGesetzesversch\u00e4rfungen zur Wehr zu setzen. Wir sehen die\nVersch\u00e4rfung der Polizeigesetze als einen bedrohlichen Angriff auf\ndie Freiheitsrechte aller.<\/p>\n\n\n\n<p>Wir\nfordern:<\/p>\n\n\n\n<p>\u2022\nR\u00fccknahme der Versch\u00e4rfungen von 2017!<\/p>\n\n\n\n<p>\u2022\nNein zur Ausweitung der Schleierfahndung!<\/p>\n\n\n\n<p>\u2022\nNein zu Vorkontrollen bei Demonstrationen!<\/p>\n\n\n\n<p>\u2022\nNein zu Body-Cams in Privatwohnungen!<\/p>\n\n\n\n<p>\u2022\nNein zu (pr\u00e4ventiven) DNA-Untersuchungen!<\/p>\n\n\n\n<p>\u2022\nNein zur Online-Durchsuchung!<\/p>\n\n\n\n<p>\u2022\nNein zur Unendlichkeitshaft!<\/p>\n\n\n\n<p>\u2022\nKeine weitere Versch\u00e4rfung der Polizei- und\nVerfassungsschutzgesetze!<\/p>\n\n\n\n<p>\u2022\nKennzeichnungspflicht f\u00fcr die Polizei!<\/p>\n\n\n\n<p>\u2022\nSchaffung von unabh\u00e4ngigen Ermittlungsstellen zu polizeilichem\nFehlverhalten!<\/p>\n\n\n\n<p>Gemeinsam\ngegen neue Polizeigesetze! Freiheitsrechte verteidigen!<\/p>\n\n\n\n<p>nopolgbw.org<\/p>\n\n\n\n<figure class=\"wp-block-image\"><img decoding=\"async\" loading=\"lazy\" width=\"731\" height=\"1024\" src=\"https:\/\/www.antifaschistische-linke.de\/wp-content\/uploads\/posterpinkstuttgart-731x1024.jpg\" alt=\"\" class=\"wp-image-6214\" srcset=\"https:\/\/www.antifaschistische-linke.de\/wp-content\/uploads\/posterpinkstuttgart-731x1024.jpg 731w, https:\/\/www.antifaschistische-linke.de\/wp-content\/uploads\/posterpinkstuttgart-214x300.jpg 214w, https:\/\/www.antifaschistische-linke.de\/wp-content\/uploads\/posterpinkstuttgart.jpg 1711w\" sizes=\"(max-width: 731px) 100vw, 731px\" \/><\/figure>\n","protected":false},"excerpt":{"rendered":"<p>Landesweite Demo am 13. Juli 2019 | 12 Uhr | Lautenschlagerstra\u00dfe, Stuttgart Unterst\u00fctzt die Kampagne gegen alte und neue Polizeigesetze! Nach der massiven Versch\u00e4rfung des Polizeigesetzes in Baden-W\u00fcrttemberg Ende 2017 plant die CDU im Innenministerium nun, der Polizei noch weitreichendere Befugnisse zur \u00dcberwachung einzur\u00e4umen. Diese Versch\u00e4rfung reiht sich ein in \u00e4hnliche Gesetzesver\u00e4nderungen in Bayern, NRW [&hellip;]<\/p>\n","protected":false},"author":1,"featured_media":6214,"comment_status":"closed","ping_status":"closed","sticky":false,"template":"","format":"standard","meta":[],"categories":[1],"tags":[1066,127,53,101,13,1067,120],"_links":{"self":[{"href":"https:\/\/www.antifaschistische-linke.de\/index.php?rest_route=\/wp\/v2\/posts\/6213"}],"collection":[{"href":"https:\/\/www.antifaschistische-linke.de\/index.php?rest_route=\/wp\/v2\/posts"}],"about":[{"href":"https:\/\/www.antifaschistische-linke.de\/index.php?rest_route=\/wp\/v2\/types\/post"}],"author":[{"embeddable":true,"href":"https:\/\/www.antifaschistische-linke.de\/index.php?rest_route=\/wp\/v2\/users\/1"}],"replies":[{"embeddable":true,"href":"https:\/\/www.antifaschistische-linke.de\/index.php?rest_route=%2Fwp%2Fv2%2Fcomments&post=6213"}],"version-history":[{"count":0,"href":"https:\/\/www.antifaschistische-linke.de\/index.php?rest_route=\/wp\/v2\/posts\/6213\/revisions"}],"wp:featuredmedia":[{"embeddable":true,"href":"https:\/\/www.antifaschistische-linke.de\/index.php?rest_route=\/wp\/v2\/media\/6214"}],"wp:attachment":[{"href":"https:\/\/www.antifaschistische-linke.de\/index.php?rest_route=%2Fwp%2Fv2%2Fmedia&parent=6213"}],"wp:term":[{"taxonomy":"category","embeddable":true,"href":"https:\/\/www.antifaschistische-linke.de\/index.php?rest_route=%2Fwp%2Fv2%2Fcategories&post=6213"},{"taxonomy":"post_tag","embeddable":true,"href":"https:\/\/www.antifaschistische-linke.de\/index.php?rest_route=%2Fwp%2Fv2%2Ftags&post=6213"}],"curies":[{"name":"wp","href":"https:\/\/api.w.org\/{rel}","templated":true}]}}