{"id":6229,"date":"2019-07-04T10:40:06","date_gmt":"2019-07-04T08:40:06","guid":{"rendered":"https:\/\/www.antifaschistische-linke.de\/?p=6229"},"modified":"2019-07-04T10:40:08","modified_gmt":"2019-07-04T08:40:08","slug":"kein-schlussstrich","status":"publish","type":"post","link":"https:\/\/www.antifaschistische-linke.de\/?p=6229","title":{"rendered":"Kein Schlussstrich!"},"content":{"rendered":"\n<p><strong>Wann: 11.07.2019 um 19:00 Uhr<\/strong><\/p>\n\n\n\n<p><strong>Wo: Platz der altem Synagoge<\/strong><\/p>\n\n\n\n<p>Kein Schlussstrich! &#8211; Nazi Netzwerke aufdecken und zerschlagen!<\/p>\n\n\n\n<p>Am 11. Juli 2018 wurde nach 5 Jahren ein Urteil im NSU-Prozess gef\u00e4llt.<br>\nDurch die Verurteilung von Beate Zsch\u00e4pe und 4 Helfern ist der NSU-Komplex jedoch nicht einmal ansatzweise aufgekl\u00e4rt!<\/p>\n\n\n\n<p>Innerhalb der Verhandlungen sind hunderte Beweise f\u00fcr weitere<br>\nUnterst\u00fctzer_innen, staatliche Verstrickungen, Ermittlungspannen und<br>\nzahlreichen Ungereimtheiten ans Licht gekommen. Doch keiner der<br>\nVerantwortlichen in Verfassungsschutz, Polizei oder Politik wurden bis heute zu Rechenschaft gezogen!<\/p>\n\n\n\n<p>Seit dem Urteil hat sich daran wenig ge\u00e4ndert. Das Nazis keinerlei<br>\nskrupel besitzen Andersdenkende und Migrant_innen zu t\u00f6ten, zeigte auch<br>\ndie j\u00fcngste Vergangenheit. So wurde der hessische Innenminister Walter<br>\nL\u00fcbcke am 2.Juni 2019 vermutlich von einem bekannten Neonazi auf grausame Weise hingerichtet. Auch wenn die Bundesanwaltschaft weiter in Richtung des Combat 18 Netzwerks ermittelt, denken wir auch hier, dass eine wirkliche Aufkl\u00e4rung der Nazinetzwerke nicht stattfinden wird.<\/p>\n\n\n\n<p>F\u00fcr uns bleibt auch einem Jahr nach dem Urteil die gleiche Losung bestehen!<\/p>\n\n\n\n<p>Kein Schlussstrich &#8211; Nazi Netzwerke aufdecken und zerschlagen!<br>\nAntifaschistischen Selbstschutz organisieren!<\/p>\n","protected":false},"excerpt":{"rendered":"<p>Wann: 11.07.2019 um 19:00 Uhr Wo: Platz der altem Synagoge Kein Schlussstrich! &#8211; Nazi Netzwerke aufdecken und zerschlagen! Am 11. Juli 2018 wurde nach 5 Jahren ein Urteil im NSU-Prozess gef\u00e4llt. Durch die Verurteilung von Beate Zsch\u00e4pe und 4 Helfern ist der NSU-Komplex jedoch nicht einmal ansatzweise aufgekl\u00e4rt! Innerhalb der Verhandlungen sind hunderte Beweise f\u00fcr [&hellip;]<\/p>\n","protected":false},"author":1,"featured_media":6232,"comment_status":"closed","ping_status":"closed","sticky":false,"template":"","format":"standard","meta":[],"categories":[1],"tags":[],"_links":{"self":[{"href":"https:\/\/www.antifaschistische-linke.de\/index.php?rest_route=\/wp\/v2\/posts\/6229"}],"collection":[{"href":"https:\/\/www.antifaschistische-linke.de\/index.php?rest_route=\/wp\/v2\/posts"}],"about":[{"href":"https:\/\/www.antifaschistische-linke.de\/index.php?rest_route=\/wp\/v2\/types\/post"}],"author":[{"embeddable":true,"href":"https:\/\/www.antifaschistische-linke.de\/index.php?rest_route=\/wp\/v2\/users\/1"}],"replies":[{"embeddable":true,"href":"https:\/\/www.antifaschistische-linke.de\/index.php?rest_route=%2Fwp%2Fv2%2Fcomments&post=6229"}],"version-history":[{"count":0,"href":"https:\/\/www.antifaschistische-linke.de\/index.php?rest_route=\/wp\/v2\/posts\/6229\/revisions"}],"wp:featuredmedia":[{"embeddable":true,"href":"https:\/\/www.antifaschistische-linke.de\/index.php?rest_route=\/wp\/v2\/media\/6232"}],"wp:attachment":[{"href":"https:\/\/www.antifaschistische-linke.de\/index.php?rest_route=%2Fwp%2Fv2%2Fmedia&parent=6229"}],"wp:term":[{"taxonomy":"category","embeddable":true,"href":"https:\/\/www.antifaschistische-linke.de\/index.php?rest_route=%2Fwp%2Fv2%2Fcategories&post=6229"},{"taxonomy":"post_tag","embeddable":true,"href":"https:\/\/www.antifaschistische-linke.de\/index.php?rest_route=%2Fwp%2Fv2%2Ftags&post=6229"}],"curies":[{"name":"wp","href":"https:\/\/api.w.org\/{rel}","templated":true}]}}