{"id":6321,"date":"2019-10-04T12:22:01","date_gmt":"2019-10-04T10:22:01","guid":{"rendered":"https:\/\/www.antifaschistische-linke.de\/?p=6321"},"modified":"2019-10-06T21:40:19","modified_gmt":"2019-10-06T19:40:19","slug":"kicken-gegen-rassismus-2019-2","status":"publish","type":"post","link":"https:\/\/www.antifaschistische-linke.de\/?p=6321","title":{"rendered":"Kicken gegen Rassismus 2019"},"content":{"rendered":"\n<figure class=\"wp-block-image\"><img decoding=\"async\" loading=\"lazy\" width=\"1024\" height=\"681\" src=\"https:\/\/www.antifaschistische-linke.de\/wp-content\/uploads\/PIXEL1-1024x681.jpg\" alt=\"\" class=\"wp-image-6322\" srcset=\"https:\/\/www.antifaschistische-linke.de\/wp-content\/uploads\/PIXEL1-1024x681.jpg 1024w, https:\/\/www.antifaschistische-linke.de\/wp-content\/uploads\/PIXEL1-300x199.jpg 300w\" sizes=\"(max-width: 1024px) 100vw, 1024px\" \/><\/figure>\n\n\n\n<p>Letzten Samstag, am 28.09.2019, fand das 6. Kicken gegen Rassismus in Freiburg statt. Veranstaltet wurde das Fu\u00dfballturnier vom Offenen Antifa Treffen (OAT) und den Falken Freiburg (SJD) um ein klares Zeichen gegen Rassismus zu setzen. Insgesamt sieben Teams haben bei perfektem Fu\u00dfball-Wetter f\u00fcr spannende Spiele und gute Stimmung gesorgt. Zwischen den Spielen gab es die M\u00f6glichkeit, sich an den Infost\u00e4nden zu informieren und sich auf Spendenbasis mit Kuchen, Br\u00f6tchen und Getr\u00e4nken zu verpflegen. Alle Einnahmen werden f\u00fcr die politische Arbeit des OATs genutzt.<\/p>\n\n\n\n<p>Wir danken allen Helfer*innen und Teams f\u00fcr den tollen Turniertag und freuen uns darauf euch n\u00e4chstes Jahr wieder auf dem Fu\u00dfballplatz begr\u00fc\u00dfen zu d\u00fcrfen!<br><\/p>\n\n\n\n<figure class=\"wp-block-image\"><img decoding=\"async\" loading=\"lazy\" width=\"1024\" height=\"681\" src=\"https:\/\/www.antifaschistische-linke.de\/wp-content\/uploads\/DSC_0069pixel-1024x681.jpg\" alt=\"\" class=\"wp-image-6324\" srcset=\"https:\/\/www.antifaschistische-linke.de\/wp-content\/uploads\/DSC_0069pixel-1024x681.jpg 1024w, https:\/\/www.antifaschistische-linke.de\/wp-content\/uploads\/DSC_0069pixel-300x199.jpg 300w\" sizes=\"(max-width: 1024px) 100vw, 1024px\" \/><\/figure>\n\n\n\n<figure class=\"wp-block-image\"><img decoding=\"async\" loading=\"lazy\" width=\"1024\" height=\"681\" src=\"https:\/\/www.antifaschistische-linke.de\/wp-content\/uploads\/DSC_0090pixel-1024x681.jpg\" alt=\"\" class=\"wp-image-6325\" srcset=\"https:\/\/www.antifaschistische-linke.de\/wp-content\/uploads\/DSC_0090pixel-1024x681.jpg 1024w, https:\/\/www.antifaschistische-linke.de\/wp-content\/uploads\/DSC_0090pixel-300x199.jpg 300w\" sizes=\"(max-width: 1024px) 100vw, 1024px\" \/><\/figure>\n\n\n\n<figure class=\"wp-block-image\"><img decoding=\"async\" loading=\"lazy\" width=\"1024\" height=\"681\" src=\"https:\/\/www.antifaschistische-linke.de\/wp-content\/uploads\/DSC_0160pixel-1024x681.jpg\" alt=\"\" class=\"wp-image-6327\" srcset=\"https:\/\/www.antifaschistische-linke.de\/wp-content\/uploads\/DSC_0160pixel-1024x681.jpg 1024w, https:\/\/www.antifaschistische-linke.de\/wp-content\/uploads\/DSC_0160pixel-300x199.jpg 300w\" sizes=\"(max-width: 1024px) 100vw, 1024px\" \/><\/figure>\n","protected":false},"excerpt":{"rendered":"<p>Letzten Samstag, am 28.09.2019, fand das 6. Kicken gegen Rassismus in Freiburg statt. Veranstaltet wurde das Fu\u00dfballturnier vom Offenen Antifa Treffen (OAT) und den Falken Freiburg (SJD) um ein klares Zeichen gegen Rassismus zu setzen. Insgesamt sieben Teams haben bei perfektem Fu\u00dfball-Wetter f\u00fcr spannende Spiele und gute Stimmung gesorgt. Zwischen den Spielen gab es die [&hellip;]<\/p>\n","protected":false},"author":1,"featured_media":0,"comment_status":"closed","ping_status":"closed","sticky":false,"template":"","format":"standard","meta":[],"categories":[1],"tags":[500,907,113],"_links":{"self":[{"href":"https:\/\/www.antifaschistische-linke.de\/index.php?rest_route=\/wp\/v2\/posts\/6321"}],"collection":[{"href":"https:\/\/www.antifaschistische-linke.de\/index.php?rest_route=\/wp\/v2\/posts"}],"about":[{"href":"https:\/\/www.antifaschistische-linke.de\/index.php?rest_route=\/wp\/v2\/types\/post"}],"author":[{"embeddable":true,"href":"https:\/\/www.antifaschistische-linke.de\/index.php?rest_route=\/wp\/v2\/users\/1"}],"replies":[{"embeddable":true,"href":"https:\/\/www.antifaschistische-linke.de\/index.php?rest_route=%2Fwp%2Fv2%2Fcomments&post=6321"}],"version-history":[{"count":0,"href":"https:\/\/www.antifaschistische-linke.de\/index.php?rest_route=\/wp\/v2\/posts\/6321\/revisions"}],"wp:attachment":[{"href":"https:\/\/www.antifaschistische-linke.de\/index.php?rest_route=%2Fwp%2Fv2%2Fmedia&parent=6321"}],"wp:term":[{"taxonomy":"category","embeddable":true,"href":"https:\/\/www.antifaschistische-linke.de\/index.php?rest_route=%2Fwp%2Fv2%2Fcategories&post=6321"},{"taxonomy":"post_tag","embeddable":true,"href":"https:\/\/www.antifaschistische-linke.de\/index.php?rest_route=%2Fwp%2Fv2%2Ftags&post=6321"}],"curies":[{"name":"wp","href":"https:\/\/api.w.org\/{rel}","templated":true}]}}