{"id":6337,"date":"2019-10-11T19:31:54","date_gmt":"2019-10-11T17:31:54","guid":{"rendered":"https:\/\/www.antifaschistische-linke.de\/?p=6337"},"modified":"2019-10-15T22:49:06","modified_gmt":"2019-10-15T20:49:06","slug":"marx-fuer-alle-marx-kapitalismuskritik-fuer-einsteiger_innen-ein-workshop","status":"publish","type":"post","link":"https:\/\/www.antifaschistische-linke.de\/?p=6337","title":{"rendered":"Marx f\u00fcr Alle! Marx\u2019 Kapitalismuskritik f\u00fcr Einsteiger_innen &#8211; ein Workshop"},"content":{"rendered":"\n<p>Karl Marx\u2019 Analyse des Kapitalismus und seine \nKritik daran sind bis heute die wichtigste Grundlage f\u00fcr ein linkes \nVerst\u00e4ndnis des herrschenden Wirtschafts- und Gesellschaftssystems und \neiner linken Kritik daran. Ziel des Seminars ist es, Marx\u2019 Theorie f\u00fcr \nEinsteiger_innen verst\u00e4ndlich und diskutierbar zu machen. Dabei wird \nkein Vorwissen \u00fcber die \u00f6konomische Theorie von Marx oder anderen \nAutor_innen vorausgesetzt. Ausgehend von verschiedenen Fragen schauen \nwir uns grundlegende Ideen und Konzepte von Marx\u2019 Theorie an, unter \nanderem:<\/p>\n\n\n\n<ul><li>Was ist Kapitalismus und was macht die kapitalistische Produktionsweise aus?<\/li><li>Wie entsteht Profit im Kapitalismus?<\/li><li>Welche Rolle spielen Klassen und Klassenkampf?<\/li><li>Wie funktioniert Kommunismus?<\/li><\/ul>\n\n\n\n<p><strong>Sonntag, 27.10.19 | 14-18h | Linkes Zentrum Freiburg, Gl\u00fcmerstra\u00dfe 2<\/strong><\/p>\n\n\n\n<p>Die Veranstaltung ist kein Lekt\u00fcreseminar. Wir \nbesch\u00e4ftigen uns stattdessen mit dem Thema anhand von Schaubildern sowie\n kurzen Textausschnitten und diskutieren gemeinsam dar\u00fcber.<\/p>\n\n\n\n<p><strong>Was ist \u00bbAlles anders!\u00ab?<\/strong><br> \u00bbAlles anders!\u00ab ist ein offener Gespr\u00e4chsabend mit der  Antifaschistischen Linken Freiburg (IL). In entspannter Atmosph\u00e4re  wollen wir uns \u00fcber aktuelle politische Themen, Strategien und  Handlungsalternativen austauschen. Dabei steht jeder Abend unter einem  thematischen Schwerpunkt \u2013 vom Aufstieg der AfD \u00fcber Klimak\u00e4mpfe bis hin  zur Frage, warum wir noch immer im Kapitalismus leben. Egal, ob ihr nur  reinschnuppern, einen geselligen Abend verbringen oder mitdiskutieren  wollt \u2013 jede_r ist herzlich willkommen. Wir freuen uns auf euch!<\/p>\n\n\n\n<ul class=\"is-layout-flex wp-block-gallery-1 wp-block-gallery columns-0 is-cropped\"><\/ul>\n\n\n\n<figure class=\"wp-block-image\"><img decoding=\"async\" loading=\"lazy\" width=\"727\" height=\"1024\" src=\"https:\/\/www.antifaschistische-linke.de\/wp-content\/uploads\/marxfueralle-727x1024.jpg\" alt=\"\" class=\"wp-image-6334\" srcset=\"https:\/\/www.antifaschistische-linke.de\/wp-content\/uploads\/marxfueralle-727x1024.jpg 727w, https:\/\/www.antifaschistische-linke.de\/wp-content\/uploads\/marxfueralle-213x300.jpg 213w, https:\/\/www.antifaschistische-linke.de\/wp-content\/uploads\/marxfueralle.jpg 750w\" sizes=\"(max-width: 727px) 100vw, 727px\" \/><\/figure>\n","protected":false},"excerpt":{"rendered":"<p>Karl Marx\u2019 Analyse des Kapitalismus und seine Kritik daran sind bis heute die wichtigste Grundlage f\u00fcr ein linkes Verst\u00e4ndnis des herrschenden Wirtschafts- und Gesellschaftssystems und einer linken Kritik daran. Ziel des Seminars ist es, Marx\u2019 Theorie f\u00fcr Einsteiger_innen verst\u00e4ndlich und diskutierbar zu machen. Dabei wird kein Vorwissen \u00fcber die \u00f6konomische Theorie von Marx oder anderen [&hellip;]<\/p>\n","protected":false},"author":1,"featured_media":6334,"comment_status":"closed","ping_status":"closed","sticky":false,"template":"","format":"standard","meta":[],"categories":[969,1087,1017,7,9,11],"tags":[970,88,1012,248,999,1086],"_links":{"self":[{"href":"https:\/\/www.antifaschistische-linke.de\/index.php?rest_route=\/wp\/v2\/posts\/6337"}],"collection":[{"href":"https:\/\/www.antifaschistische-linke.de\/index.php?rest_route=\/wp\/v2\/posts"}],"about":[{"href":"https:\/\/www.antifaschistische-linke.de\/index.php?rest_route=\/wp\/v2\/types\/post"}],"author":[{"embeddable":true,"href":"https:\/\/www.antifaschistische-linke.de\/index.php?rest_route=\/wp\/v2\/users\/1"}],"replies":[{"embeddable":true,"href":"https:\/\/www.antifaschistische-linke.de\/index.php?rest_route=%2Fwp%2Fv2%2Fcomments&post=6337"}],"version-history":[{"count":0,"href":"https:\/\/www.antifaschistische-linke.de\/index.php?rest_route=\/wp\/v2\/posts\/6337\/revisions"}],"wp:featuredmedia":[{"embeddable":true,"href":"https:\/\/www.antifaschistische-linke.de\/index.php?rest_route=\/wp\/v2\/media\/6334"}],"wp:attachment":[{"href":"https:\/\/www.antifaschistische-linke.de\/index.php?rest_route=%2Fwp%2Fv2%2Fmedia&parent=6337"}],"wp:term":[{"taxonomy":"category","embeddable":true,"href":"https:\/\/www.antifaschistische-linke.de\/index.php?rest_route=%2Fwp%2Fv2%2Fcategories&post=6337"},{"taxonomy":"post_tag","embeddable":true,"href":"https:\/\/www.antifaschistische-linke.de\/index.php?rest_route=%2Fwp%2Fv2%2Ftags&post=6337"}],"curies":[{"name":"wp","href":"https:\/\/api.w.org\/{rel}","templated":true}]}}