{"id":64,"date":"2009-07-20T15:25:58","date_gmt":"2009-07-20T13:25:58","guid":{"rendered":"http:\/\/alfr.blogsport.de\/2009\/07\/20\/selbstverstaendnis-veroeffentlicht\/"},"modified":"2009-07-20T15:25:58","modified_gmt":"2009-07-20T13:25:58","slug":"selbstverstaendnis-veroeffentlicht","status":"publish","type":"post","link":"https:\/\/www.antifaschistische-linke.de\/?p=64","title":{"rendered":"Selbstverst\u00e4ndnis ver\u00f6ffentlicht"},"content":{"rendered":"<p><img decoding=\"async\" src=\"http:\/\/www.antifaschistische-linke.de\/Bilder\/afalogogross.png\" align=\"left\" alt=\"Antifaschistische Linke Freiburg\" \/>In Freiburg hatte sich im M\u00e4rz 2009 nach einem l\u00e4ngeren Prozess und der Aufl\u00f6sung der <a href=\"http:\/\/www.antifaschistische-aktion.net\/spip.php?page=antifa&#038;id_rubrique=1&#038;design=1\">Antifaschistischen Aktion Freiburg<\/a> eine neue politische Organisation <a href=\"http:\/\/alfr.blogsport.de\/2009\/03\/19\/antifaschistische-linke-freiburg-alfr-gegruendet\/\">gebildet<\/a>, die den Namen Antifaschistische Linke Freiburg (ALFR) tr\u00e4gt. Dieser Schritt wurde gegangen, weil wir trotz mehrj\u00e4hriger, durchaus erfolgreicher antifaschistischer Arbeit zu dem Punkt gekommen sind, dass eine gemeinsame Gegnerschaft gegen\u00fcber Nazis nicht hinlangt, eine antifaschistische Gruppe zusammenzuhalten. Es bedarf vielmehr der \u00dcbereinstimmung in grundlegenden politischen Fragen, um den antifaschistischen Kampf auch dauerhaft erfolgreich und mit einer politischen Perspektive zu f\u00fchren. Aus diesem Grund haben wir, die ALFR, ein <a href=\"http:\/\/alfr.blogsport.de\/ueberuns\/\">Selbstverst\u00e4ndnis<\/a> formuliert. Wir freuen uns \u00fcber viele neue Mitstreiterinnen und Mitstreiter.<\/p>\n","protected":false},"excerpt":{"rendered":"<p>In Freiburg hatte sich im M\u00e4rz 2009 nach einem l\u00e4ngeren Prozess und der Aufl\u00f6sung der Antifaschistischen Aktion Freiburg eine neue politische Organisation gebildet, die den Namen Antifaschistische Linke Freiburg (ALFR) tr\u00e4gt. Dieser Schritt wurde gegangen, weil wir trotz mehrj\u00e4hriger, durchaus erfolgreicher antifaschistischer Arbeit zu dem Punkt gekommen sind, dass eine gemeinsame Gegnerschaft gegen\u00fcber Nazis nicht [&hellip;]<\/p>\n","protected":false},"author":1,"featured_media":0,"comment_status":"closed","ping_status":"closed","sticky":false,"template":"","format":"standard","meta":[],"categories":[1],"tags":[],"_links":{"self":[{"href":"https:\/\/www.antifaschistische-linke.de\/index.php?rest_route=\/wp\/v2\/posts\/64"}],"collection":[{"href":"https:\/\/www.antifaschistische-linke.de\/index.php?rest_route=\/wp\/v2\/posts"}],"about":[{"href":"https:\/\/www.antifaschistische-linke.de\/index.php?rest_route=\/wp\/v2\/types\/post"}],"author":[{"embeddable":true,"href":"https:\/\/www.antifaschistische-linke.de\/index.php?rest_route=\/wp\/v2\/users\/1"}],"replies":[{"embeddable":true,"href":"https:\/\/www.antifaschistische-linke.de\/index.php?rest_route=%2Fwp%2Fv2%2Fcomments&post=64"}],"version-history":[{"count":0,"href":"https:\/\/www.antifaschistische-linke.de\/index.php?rest_route=\/wp\/v2\/posts\/64\/revisions"}],"wp:attachment":[{"href":"https:\/\/www.antifaschistische-linke.de\/index.php?rest_route=%2Fwp%2Fv2%2Fmedia&parent=64"}],"wp:term":[{"taxonomy":"category","embeddable":true,"href":"https:\/\/www.antifaschistische-linke.de\/index.php?rest_route=%2Fwp%2Fv2%2Fcategories&post=64"},{"taxonomy":"post_tag","embeddable":true,"href":"https:\/\/www.antifaschistische-linke.de\/index.php?rest_route=%2Fwp%2Fv2%2Ftags&post=64"}],"curies":[{"name":"wp","href":"https:\/\/api.w.org\/{rel}","templated":true}]}}