{"id":6522,"date":"2020-02-21T10:20:31","date_gmt":"2020-02-21T09:20:31","guid":{"rendered":"https:\/\/www.antifaschistische-linke.de\/?p=6522"},"modified":"2020-02-21T10:20:31","modified_gmt":"2020-02-21T09:20:31","slug":"kundgebung-rechten-terror-stoppen","status":"publish","type":"post","link":"https:\/\/www.antifaschistische-linke.de\/?p=6522","title":{"rendered":"Kundgebung: Rechten Terror stoppen!"},"content":{"rendered":"\n<p>Gestern, am 20.02.20, beteiligten sich \u00fcber 400 Personen an der Kundgebung vor der Johanneskirche anl\u00e4sslich des rechten Terrors in Hanau. Mit drei Redebeitr\u00e4gen von der Antifaschistischen Linken Freiburg (IL), Fantifa Freiburg und dem kurdischen Kulturverein, mit Musik und einer Schweigeminute wurde den Opfern und Angeh\u00f6rigen gedacht.  <\/p>\n\n\n\n<p>Gleichzeitig\nwurden die Hintergr\u00fcnde, die den N\u00e4hrboden f\u00fcr solche Taten\nliefern, angeklagt. Dabei wurden die fehlende Abgrenzung gegen Rechts\nseitens der sogenannten Mitte, die Einordnung solcher Taten als\nEinzeltaten und die rassistischen Debatten in der Gesellschaft sowie\ndie mediale Berichterstattung dar\u00fcber angeprangert. \n<\/p>\n\n\n\n<p>In einer stillen aber dennoch kraftvollen Atmosph\u00e4re wurde sich mit allen Betroffenen rechter Gewalt solidarisiert und gezeigt, dass ein Klima, das solche Taten erm\u00f6glicht, nicht l\u00e4nger hingenommen werden kann und es das Ziel sein muss, es aktiv zu ver\u00e4ndern.<\/p>\n\n\n\n<p><a href=\"https:\/\/www.swr.de\/swraktuell\/baden-wuerttemberg\/suedbaden\/Solidaritaetsbekundung-mit-Hanauer-Opfern,meldung-44322.html\">https:\/\/www.swr.de\/swraktuell\/baden-wuerttemberg\/suedbaden\/Solidaritaetsbekundung-mit-Hanauer-Opfern,meldung-44322.html<\/a> <\/p>\n\n\n\n<p><\/p>\n\n\n\n<figure class=\"wp-block-image size-large\"><img decoding=\"async\" loading=\"lazy\" width=\"1024\" height=\"681\" src=\"https:\/\/www.antifaschistische-linke.de\/wp-content\/uploads\/DSC_0025-1024x681.jpg\" alt=\"\" class=\"wp-image-6524\" srcset=\"https:\/\/www.antifaschistische-linke.de\/wp-content\/uploads\/DSC_0025-1024x681.jpg 1024w, https:\/\/www.antifaschistische-linke.de\/wp-content\/uploads\/DSC_0025-300x199.jpg 300w, https:\/\/www.antifaschistische-linke.de\/wp-content\/uploads\/DSC_0025-1536x1021.jpg 1536w, https:\/\/www.antifaschistische-linke.de\/wp-content\/uploads\/DSC_0025-2048x1362.jpg 2048w\" sizes=\"(max-width: 1024px) 100vw, 1024px\" \/><\/figure>\n\n\n\n<figure class=\"is-layout-flex wp-block-gallery-1 wp-block-gallery columns-0 is-cropped\"><ul class=\"blocks-gallery-grid\"><\/ul><\/figure>\n\n\n","protected":false},"excerpt":{"rendered":"<p>Gestern, am 20.02.20, beteiligten sich \u00fcber 400 Personen an der Kundgebung vor der Johanneskirche anl\u00e4sslich des rechten Terrors in Hanau. Mit drei Redebeitr\u00e4gen von der Antifaschistischen Linken Freiburg (IL), Fantifa Freiburg und dem kurdischen Kulturverein, mit Musik und einer Schweigeminute wurde den Opfern und Angeh\u00f6rigen gedacht. Gleichzeitig wurden die Hintergr\u00fcnde, die den N\u00e4hrboden f\u00fcr solche [&hellip;]<\/p>\n","protected":false},"author":1,"featured_media":0,"comment_status":"closed","ping_status":"closed","sticky":false,"template":"","format":"standard","meta":[],"categories":[1],"tags":[17,879],"_links":{"self":[{"href":"https:\/\/www.antifaschistische-linke.de\/index.php?rest_route=\/wp\/v2\/posts\/6522"}],"collection":[{"href":"https:\/\/www.antifaschistische-linke.de\/index.php?rest_route=\/wp\/v2\/posts"}],"about":[{"href":"https:\/\/www.antifaschistische-linke.de\/index.php?rest_route=\/wp\/v2\/types\/post"}],"author":[{"embeddable":true,"href":"https:\/\/www.antifaschistische-linke.de\/index.php?rest_route=\/wp\/v2\/users\/1"}],"replies":[{"embeddable":true,"href":"https:\/\/www.antifaschistische-linke.de\/index.php?rest_route=%2Fwp%2Fv2%2Fcomments&post=6522"}],"version-history":[{"count":0,"href":"https:\/\/www.antifaschistische-linke.de\/index.php?rest_route=\/wp\/v2\/posts\/6522\/revisions"}],"wp:attachment":[{"href":"https:\/\/www.antifaschistische-linke.de\/index.php?rest_route=%2Fwp%2Fv2%2Fmedia&parent=6522"}],"wp:term":[{"taxonomy":"category","embeddable":true,"href":"https:\/\/www.antifaschistische-linke.de\/index.php?rest_route=%2Fwp%2Fv2%2Fcategories&post=6522"},{"taxonomy":"post_tag","embeddable":true,"href":"https:\/\/www.antifaschistische-linke.de\/index.php?rest_route=%2Fwp%2Fv2%2Ftags&post=6522"}],"curies":[{"name":"wp","href":"https:\/\/api.w.org\/{rel}","templated":true}]}}