{"id":6613,"date":"2020-04-15T21:49:55","date_gmt":"2020-04-15T19:49:55","guid":{"rendered":"https:\/\/www.antifaschistische-linke.de\/?p=6613"},"modified":"2020-04-15T21:49:55","modified_gmt":"2020-04-15T19:49:55","slug":"corona-51-punkte","status":"publish","type":"post","link":"https:\/\/www.antifaschistische-linke.de\/?p=6613","title":{"rendered":"Corona: 5+1 Punkte"},"content":{"rendered":"\n<p>Alle sprechen von Solidarit\u00e4t, wir sprechen von Solidarit\u00e4t f\u00fcr ALLE. Seit ein paar Tagen h\u00e4ngen \u00fcberall in Freiburg Plakate der Interventionistischen Linken. Darauf findet ihr ganz konkrete Forderungen, die im hier und jetzt umgesetzt werden m\u00fcssen, damit niemand auf der Strecke bleibt. Hier k\u00f6nnt ihr Forderungen auch nochmal in Ruhe nachlesen. <\/p>\n\n\n\n<figure class=\"wp-block-image size-large\"><img decoding=\"async\" loading=\"lazy\" width=\"724\" height=\"1024\" src=\"https:\/\/www.antifaschistische-linke.de\/wp-content\/uploads\/vorlage_il_gesamt-page-001-724x1024.jpg\" alt=\"\" class=\"wp-image-6614\" srcset=\"https:\/\/www.antifaschistische-linke.de\/wp-content\/uploads\/vorlage_il_gesamt-page-001-724x1024.jpg 724w, https:\/\/www.antifaschistische-linke.de\/wp-content\/uploads\/vorlage_il_gesamt-page-001-212x300.jpg 212w, https:\/\/www.antifaschistische-linke.de\/wp-content\/uploads\/vorlage_il_gesamt-page-001-1086x1536.jpg 1086w, https:\/\/www.antifaschistische-linke.de\/wp-content\/uploads\/vorlage_il_gesamt-page-001-1448x2048.jpg 1448w, https:\/\/www.antifaschistische-linke.de\/wp-content\/uploads\/vorlage_il_gesamt-page-001.jpg 1754w\" sizes=\"(max-width: 724px) 100vw, 724px\" \/><\/figure>\n\n\n\n<figure class=\"wp-block-image size-large\"><img decoding=\"async\" loading=\"lazy\" width=\"724\" height=\"1024\" src=\"https:\/\/www.antifaschistische-linke.de\/wp-content\/uploads\/vorlage_il_gesamt-page-002-724x1024.jpg\" alt=\"\" class=\"wp-image-6615\" srcset=\"https:\/\/www.antifaschistische-linke.de\/wp-content\/uploads\/vorlage_il_gesamt-page-002-724x1024.jpg 724w, https:\/\/www.antifaschistische-linke.de\/wp-content\/uploads\/vorlage_il_gesamt-page-002-212x300.jpg 212w, https:\/\/www.antifaschistische-linke.de\/wp-content\/uploads\/vorlage_il_gesamt-page-002-1086x1536.jpg 1086w, https:\/\/www.antifaschistische-linke.de\/wp-content\/uploads\/vorlage_il_gesamt-page-002-1448x2048.jpg 1448w, https:\/\/www.antifaschistische-linke.de\/wp-content\/uploads\/vorlage_il_gesamt-page-002.jpg 1754w\" sizes=\"(max-width: 724px) 100vw, 724px\" \/><\/figure>\n\n\n\n<figure class=\"wp-block-image size-large\"><img decoding=\"async\" loading=\"lazy\" width=\"724\" height=\"1024\" src=\"https:\/\/www.antifaschistische-linke.de\/wp-content\/uploads\/vorlage_il_gesamt-page-003-724x1024.jpg\" alt=\"\" class=\"wp-image-6616\" srcset=\"https:\/\/www.antifaschistische-linke.de\/wp-content\/uploads\/vorlage_il_gesamt-page-003-724x1024.jpg 724w, https:\/\/www.antifaschistische-linke.de\/wp-content\/uploads\/vorlage_il_gesamt-page-003-212x300.jpg 212w, https:\/\/www.antifaschistische-linke.de\/wp-content\/uploads\/vorlage_il_gesamt-page-003-1086x1536.jpg 1086w, https:\/\/www.antifaschistische-linke.de\/wp-content\/uploads\/vorlage_il_gesamt-page-003-1448x2048.jpg 1448w, https:\/\/www.antifaschistische-linke.de\/wp-content\/uploads\/vorlage_il_gesamt-page-003.jpg 1754w\" sizes=\"(max-width: 724px) 100vw, 724px\" \/><\/figure>\n\n\n\n<figure class=\"wp-block-image size-large\"><img decoding=\"async\" loading=\"lazy\" width=\"724\" height=\"1024\" src=\"https:\/\/www.antifaschistische-linke.de\/wp-content\/uploads\/vorlage_il_gesamt-page-004-724x1024.jpg\" alt=\"\" class=\"wp-image-6617\" srcset=\"https:\/\/www.antifaschistische-linke.de\/wp-content\/uploads\/vorlage_il_gesamt-page-004-724x1024.jpg 724w, https:\/\/www.antifaschistische-linke.de\/wp-content\/uploads\/vorlage_il_gesamt-page-004-212x300.jpg 212w, https:\/\/www.antifaschistische-linke.de\/wp-content\/uploads\/vorlage_il_gesamt-page-004-1086x1536.jpg 1086w, https:\/\/www.antifaschistische-linke.de\/wp-content\/uploads\/vorlage_il_gesamt-page-004-1448x2048.jpg 1448w, https:\/\/www.antifaschistische-linke.de\/wp-content\/uploads\/vorlage_il_gesamt-page-004.jpg 1754w\" sizes=\"(max-width: 724px) 100vw, 724px\" \/><\/figure>\n\n\n\n<figure class=\"is-layout-flex wp-block-gallery-1 wp-block-gallery columns-0 is-cropped\"><ul class=\"blocks-gallery-grid\"><\/ul><\/figure>\n\n\n\n<figure class=\"wp-block-image size-large\"><img decoding=\"async\" loading=\"lazy\" width=\"724\" height=\"1024\" src=\"https:\/\/www.antifaschistische-linke.de\/wp-content\/uploads\/vorlage_il_gesamt-page-006-724x1024.jpg\" alt=\"\" class=\"wp-image-6619\" srcset=\"https:\/\/www.antifaschistische-linke.de\/wp-content\/uploads\/vorlage_il_gesamt-page-006-724x1024.jpg 724w, https:\/\/www.antifaschistische-linke.de\/wp-content\/uploads\/vorlage_il_gesamt-page-006-212x300.jpg 212w, https:\/\/www.antifaschistische-linke.de\/wp-content\/uploads\/vorlage_il_gesamt-page-006-1086x1536.jpg 1086w, https:\/\/www.antifaschistische-linke.de\/wp-content\/uploads\/vorlage_il_gesamt-page-006-1448x2048.jpg 1448w, https:\/\/www.antifaschistische-linke.de\/wp-content\/uploads\/vorlage_il_gesamt-page-006.jpg 1754w\" sizes=\"(max-width: 724px) 100vw, 724px\" \/><\/figure>\n","protected":false},"excerpt":{"rendered":"<p>Alle sprechen von Solidarit\u00e4t, wir sprechen von Solidarit\u00e4t f\u00fcr ALLE. Seit ein paar Tagen h\u00e4ngen \u00fcberall in Freiburg Plakate der Interventionistischen Linken. Darauf findet ihr ganz konkrete Forderungen, die im hier und jetzt umgesetzt werden m\u00fcssen, damit niemand auf der Strecke bleibt. Hier k\u00f6nnt ihr Forderungen auch nochmal in Ruhe nachlesen.<\/p>\n","protected":false},"author":1,"featured_media":5411,"comment_status":"closed","ping_status":"closed","sticky":false,"template":"","format":"standard","meta":[],"categories":[10,1087,1032,4],"tags":[],"_links":{"self":[{"href":"https:\/\/www.antifaschistische-linke.de\/index.php?rest_route=\/wp\/v2\/posts\/6613"}],"collection":[{"href":"https:\/\/www.antifaschistische-linke.de\/index.php?rest_route=\/wp\/v2\/posts"}],"about":[{"href":"https:\/\/www.antifaschistische-linke.de\/index.php?rest_route=\/wp\/v2\/types\/post"}],"author":[{"embeddable":true,"href":"https:\/\/www.antifaschistische-linke.de\/index.php?rest_route=\/wp\/v2\/users\/1"}],"replies":[{"embeddable":true,"href":"https:\/\/www.antifaschistische-linke.de\/index.php?rest_route=%2Fwp%2Fv2%2Fcomments&post=6613"}],"version-history":[{"count":0,"href":"https:\/\/www.antifaschistische-linke.de\/index.php?rest_route=\/wp\/v2\/posts\/6613\/revisions"}],"wp:featuredmedia":[{"embeddable":true,"href":"https:\/\/www.antifaschistische-linke.de\/index.php?rest_route=\/wp\/v2\/media\/5411"}],"wp:attachment":[{"href":"https:\/\/www.antifaschistische-linke.de\/index.php?rest_route=%2Fwp%2Fv2%2Fmedia&parent=6613"}],"wp:term":[{"taxonomy":"category","embeddable":true,"href":"https:\/\/www.antifaschistische-linke.de\/index.php?rest_route=%2Fwp%2Fv2%2Fcategories&post=6613"},{"taxonomy":"post_tag","embeddable":true,"href":"https:\/\/www.antifaschistische-linke.de\/index.php?rest_route=%2Fwp%2Fv2%2Ftags&post=6613"}],"curies":[{"name":"wp","href":"https:\/\/api.w.org\/{rel}","templated":true}]}}