{"id":6634,"date":"2020-04-24T13:43:40","date_gmt":"2020-04-24T11:43:40","guid":{"rendered":"https:\/\/www.antifaschistische-linke.de\/?p=6634"},"modified":"2020-04-28T21:32:48","modified_gmt":"2020-04-28T19:32:48","slug":"gegenprotest-kein-ungestoerter-auftritt-der-afd","status":"publish","type":"post","link":"https:\/\/www.antifaschistische-linke.de\/?p=6634","title":{"rendered":"Gegenprotest: Kein ungest\u00f6rter Auftritt der AfD!"},"content":{"rendered":"\n<p><strong>Gegen die Demo der AfD | 2.5. | 12 Uhr | Platz der alten Synagoge <\/strong><\/p>\n\n\n\n<p>Wie bereits von AfD-Stadtrat Mandic angek\u00fcndigt, will die AfD in Freiburg eine Demo machen. Diese ist f\u00fcr den 2.5. angemeldet und von der Stadt genehmigt worden. Unter dem Motto \u201eSeid Wachsam! Demo f\u00fcr das Leben\u201c wollen sie gegen die Einschr\u00e4nkungen im Zuge der Eind\u00e4mmung des Coronavirus und f\u00fcr angebliche Freiheitsrechte demonstrieren. Die AfD stellt sich als Bewahrer der Demokratie dar, doch konstruktive Antworten auf die Coronakrise sucht man bei ihr dagegen vergeblich. Stattdessen wird die AfD auch diese Kundgebung nur daf\u00fcr nutzen, ihre rechte Hetzte zu verbreiten. Freiheit bei der rechtspopulistischen und neoliberalen Partei gilt nur f\u00fcr junge, gesunde und reiche Deutsche. Das wird auch in Mandics Videos deutlich, in denen er eine Aufhebung aller Einschr\u00e4nkungen fordert. Dass Menschen der Risikogruppe dadurch sterben k\u00f6nnen, wird billigend in Kauf genommen. Damit werden die Interessen der Konzerne, nicht die der Menschen vertreten.<\/p>\n\n\n\n<p>Doch f\u00fcr uns ist Freiheit nur m\u00f6glich, wenn sie f\u00fcr alle gilt. Dabei darf nicht nach Gesundheit, Alter, Geschlecht, Klasse oder Herkunft unterschieden werden.<\/p>\n\n\n\n<p>Beteiligt euch an kreativen Protesten gegen die Demo der rechten Hetzer. Auch in Zeiten von Corona hei\u00dft es: kein ungest\u00f6rter Aufritt der AfD!<\/p>\n\n\n\n<p>Wir gehen davon aus, dass durch die aktuelle Situation mit einem besonders hohen Polizeiaufgebot zu rechnen ist. Sch\u00fctzt euch und andere, indem ihr auf die Einhaltung von Schutzma\u00dfnahmen wie die Einhaltung des Mindestabstands und das Tragen eines Mundschutzes, achtet.<\/p>\n\n\n\n<p>Link zur Facebook-Veranstaltung: <a href=\"https:\/\/www.facebook.com\/events\/271679987190496\/\">https:\/\/www.facebook.com\/events\/271679987190496\/<\/a><\/p>\n\n\n\n<figure class=\"wp-block-image size-large\"><img decoding=\"async\" loading=\"lazy\" width=\"1024\" height=\"1024\" src=\"https:\/\/www.antifaschistische-linke.de\/wp-content\/uploads\/200502AfD-Regeln.cleaned-1024x1024.png\" alt=\"\" class=\"wp-image-6658\" srcset=\"https:\/\/www.antifaschistische-linke.de\/wp-content\/uploads\/200502AfD-Regeln.cleaned-1024x1024.png 1024w, https:\/\/www.antifaschistische-linke.de\/wp-content\/uploads\/200502AfD-Regeln.cleaned-300x300.png 300w, https:\/\/www.antifaschistische-linke.de\/wp-content\/uploads\/200502AfD-Regeln.cleaned-180x180.png 180w, https:\/\/www.antifaschistische-linke.de\/wp-content\/uploads\/200502AfD-Regeln.cleaned-1536x1536.png 1536w, https:\/\/www.antifaschistische-linke.de\/wp-content\/uploads\/200502AfD-Regeln.cleaned-50x50.png 50w, https:\/\/www.antifaschistische-linke.de\/wp-content\/uploads\/200502AfD-Regeln.cleaned-80x80.png 80w, https:\/\/www.antifaschistische-linke.de\/wp-content\/uploads\/200502AfD-Regeln.cleaned.png 1968w\" sizes=\"(max-width: 1024px) 100vw, 1024px\" \/><\/figure>\n\n\n\n<p>Damit wir am 2. Mai einen gelungenen Gegenprotest gegen die Kundgebung der AfD auf die Beine stellen k\u00f6nnen, ist es wichtig, ein paar Dinge zu beachten.<\/p>\n\n\n\n<p>Es werden verschiedene Kundgebungen bei der Stadt angemeldet. Ob diese genehmigt werden, bleibt abzuwarten. Falls ja, treffen wir uns dort an verschiedenen Orten rund um den Platz der Alten Synagoge.<\/p>\n\n\n\n<p>Bitte haltet den Mindestabstand von 2 Metern zu allen anderen Personen ein. Das gilt sowohl vor, w\u00e4hrend und auch nach der Veranstaltung und zu allen Menschen auf und um den Platz. Haltet euch maximal zu zweit zusammen auf und tragt alle einen Mundschutz.<\/p>\n\n\n\n<p>Fangt keinen Stress mit anderen Menschen an, sonst kann der Abstand nicht gewahrt werden. Am Ende hat niemand etwas davon, au\u00dfer, dass Bu\u00dfgelder verh\u00e4ngt werden und eine negative Au\u00dfenwirkung entsteht \u2013 das wollen wir auf keinen Fall. Bitte \u00fcberlegt euch bei allen Aktionsformen genau, ob die Sicherheitsvorkehrungen dabei eingehalten werden k\u00f6nnen und falls nicht, spart sie euch auf f\u00fcr Zeiten nach Corona.<\/p>\n\n\n\n<p>Sollten die Gegenkundgebungen nicht genehmigt werden, \u00fcberlegt euch, wie ihr auf einem anderen Weg als einer klassischen Gegendemonstration, bei der viele Menschen auf engem Raum sind, ein Zeichen in der Stadt setzten und euch den \u00f6ffentlichen Raum nehmen k\u00f6nnt.<\/p>\n\n\n\n<p>Unabh\u00e4ngig von den Genehmigungen der Kundgebungen: malt Schilder, Plakate und Transparente, die ihr auf dem Platz legen k\u00f6nnt, h\u00e4ngt Banner aus euren Fenstern und Balkonen oder auf dem Platz auf. Werdet kreativ und gestaltet den Platz der Alten um.<\/p>\n\n\n\n<p>Setzt euch auf den Platz und cornert zusammen mit maximal einer Person, nehmt einen mobilen Lautsprecher mit und h\u00f6rt laute Musik.<\/p>\n\n\n\n<p>Wir freuen uns, wenn m\u00f6glichst viele Menschen an dem Tag die Kundgebung der AfD nicht ungest\u00f6rt lassen, appellieren aber im Interesse aller, die besonderen Umst\u00e4nde zu beachten.<\/p>\n\n\n\n<p>Zeigt der Stadt, dass die AfD nicht willkommen ist, auch in Zeiten von Corona!<\/p>\n\n\n\n<p>Passt dabei auf euch und andere auf.<\/p>\n","protected":false},"excerpt":{"rendered":"<p>Gegen die Demo der AfD | 2.5. | 12 Uhr | Platz der alten Synagoge Wie bereits von AfD-Stadtrat Mandic angek\u00fcndigt, will die AfD in Freiburg eine Demo machen. Diese ist f\u00fcr den 2.5. angemeldet und von der Stadt genehmigt worden. Unter dem Motto \u201eSeid Wachsam! Demo f\u00fcr das Leben\u201c wollen sie gegen die Einschr\u00e4nkungen [&hellip;]<\/p>\n","protected":false},"author":1,"featured_media":6639,"comment_status":"closed","ping_status":"closed","sticky":false,"template":"","format":"standard","meta":[],"categories":[1033,10,1,1030],"tags":[],"_links":{"self":[{"href":"https:\/\/www.antifaschistische-linke.de\/index.php?rest_route=\/wp\/v2\/posts\/6634"}],"collection":[{"href":"https:\/\/www.antifaschistische-linke.de\/index.php?rest_route=\/wp\/v2\/posts"}],"about":[{"href":"https:\/\/www.antifaschistische-linke.de\/index.php?rest_route=\/wp\/v2\/types\/post"}],"author":[{"embeddable":true,"href":"https:\/\/www.antifaschistische-linke.de\/index.php?rest_route=\/wp\/v2\/users\/1"}],"replies":[{"embeddable":true,"href":"https:\/\/www.antifaschistische-linke.de\/index.php?rest_route=%2Fwp%2Fv2%2Fcomments&post=6634"}],"version-history":[{"count":0,"href":"https:\/\/www.antifaschistische-linke.de\/index.php?rest_route=\/wp\/v2\/posts\/6634\/revisions"}],"wp:featuredmedia":[{"embeddable":true,"href":"https:\/\/www.antifaschistische-linke.de\/index.php?rest_route=\/wp\/v2\/media\/6639"}],"wp:attachment":[{"href":"https:\/\/www.antifaschistische-linke.de\/index.php?rest_route=%2Fwp%2Fv2%2Fmedia&parent=6634"}],"wp:term":[{"taxonomy":"category","embeddable":true,"href":"https:\/\/www.antifaschistische-linke.de\/index.php?rest_route=%2Fwp%2Fv2%2Fcategories&post=6634"},{"taxonomy":"post_tag","embeddable":true,"href":"https:\/\/www.antifaschistische-linke.de\/index.php?rest_route=%2Fwp%2Fv2%2Ftags&post=6634"}],"curies":[{"name":"wp","href":"https:\/\/api.w.org\/{rel}","templated":true}]}}