{"id":6653,"date":"2020-04-28T20:23:46","date_gmt":"2020-04-28T18:23:46","guid":{"rendered":"https:\/\/www.antifaschistische-linke.de\/?p=6653"},"modified":"2020-04-30T18:08:25","modified_gmt":"2020-04-30T16:08:25","slug":"mietstreiks-in-katalonien-spanien-auch-hier-denkbar","status":"publish","type":"post","link":"https:\/\/www.antifaschistische-linke.de\/?p=6653","title":{"rendered":"Onlineveranstaltung: Mietstreiks in Katalonien &#038; Spanien &#8211; auch hier denkbar?"},"content":{"rendered":"\n<p>Eine Veranstaltung des <a href=\"https:\/\/www.mietenbuendnis-freiburg.de\/2020\/04\/mietstreiks-in-katalonien-spanien-auch-hier-denkbar\/\">Mietenb\u00fcndnis Freiburg:<\/a><\/p>\n\n\n\n<p><strong>Am 5. Mai 2020 um 19:00 Uhr, Vortrag und Diskussion online<\/strong> mit dem Journalisten Ralf Streck (Donosti \/ San Sebastian) zu den Hintergr\u00fcnden des Mietstreiks und die Perspektive der Mieter*innenk\u00e4mpfe! Ralf hat die Proteste in Spanien und Katalonien hautnah miterlebt.<\/p>\n\n\n\n<p>Die Veranstaltung findet wegen der Corona-Pandemie auf einer Internet-Plattform f\u00fcr Videokonferenzen statt. Um teilzunehmen, m\u00fcsst ihr euch \u00fcber folgenden Zoom-Link einschalten:\u00a0 <a href=\"https:\/\/zoom.us\/j\/98536387079\">https:\/\/zoom.us\/j\/98536387079<\/a><\/p>\n\n\n\n<p>Wir freuen uns auf eure Teilnahme. Es wird unsere Online-Premiere.<\/p>\n\n\n\n<figure class=\"wp-block-image size-large\"><img decoding=\"async\" loading=\"lazy\" width=\"722\" height=\"1024\" src=\"https:\/\/www.antifaschistische-linke.de\/wp-content\/uploads\/Flyer_Vortrag_Spanien-722x1024.jpg\" alt=\"\" class=\"wp-image-6655\" srcset=\"https:\/\/www.antifaschistische-linke.de\/wp-content\/uploads\/Flyer_Vortrag_Spanien-722x1024.jpg 722w, https:\/\/www.antifaschistische-linke.de\/wp-content\/uploads\/Flyer_Vortrag_Spanien-211x300.jpg 211w, https:\/\/www.antifaschistische-linke.de\/wp-content\/uploads\/Flyer_Vortrag_Spanien.jpg 850w\" sizes=\"(max-width: 722px) 100vw, 722px\" \/><\/figure>\n","protected":false},"excerpt":{"rendered":"<p>Eine Veranstaltung des Mietenb\u00fcndnis Freiburg: Am 5. Mai 2020 um 19:00 Uhr, Vortrag und Diskussion online mit dem Journalisten Ralf Streck (Donosti \/ San Sebastian) zu den Hintergr\u00fcnden des Mietstreiks und die Perspektive der Mieter*innenk\u00e4mpfe! Ralf hat die Proteste in Spanien und Katalonien hautnah miterlebt. Die Veranstaltung findet wegen der Corona-Pandemie auf einer Internet-Plattform f\u00fcr [&hellip;]<\/p>\n","protected":false},"author":1,"featured_media":6655,"comment_status":"closed","ping_status":"closed","sticky":false,"template":"","format":"standard","meta":[],"categories":[6,4,317,7,11],"tags":[],"_links":{"self":[{"href":"https:\/\/www.antifaschistische-linke.de\/index.php?rest_route=\/wp\/v2\/posts\/6653"}],"collection":[{"href":"https:\/\/www.antifaschistische-linke.de\/index.php?rest_route=\/wp\/v2\/posts"}],"about":[{"href":"https:\/\/www.antifaschistische-linke.de\/index.php?rest_route=\/wp\/v2\/types\/post"}],"author":[{"embeddable":true,"href":"https:\/\/www.antifaschistische-linke.de\/index.php?rest_route=\/wp\/v2\/users\/1"}],"replies":[{"embeddable":true,"href":"https:\/\/www.antifaschistische-linke.de\/index.php?rest_route=%2Fwp%2Fv2%2Fcomments&post=6653"}],"version-history":[{"count":0,"href":"https:\/\/www.antifaschistische-linke.de\/index.php?rest_route=\/wp\/v2\/posts\/6653\/revisions"}],"wp:featuredmedia":[{"embeddable":true,"href":"https:\/\/www.antifaschistische-linke.de\/index.php?rest_route=\/wp\/v2\/media\/6655"}],"wp:attachment":[{"href":"https:\/\/www.antifaschistische-linke.de\/index.php?rest_route=%2Fwp%2Fv2%2Fmedia&parent=6653"}],"wp:term":[{"taxonomy":"category","embeddable":true,"href":"https:\/\/www.antifaschistische-linke.de\/index.php?rest_route=%2Fwp%2Fv2%2Fcategories&post=6653"},{"taxonomy":"post_tag","embeddable":true,"href":"https:\/\/www.antifaschistische-linke.de\/index.php?rest_route=%2Fwp%2Fv2%2Ftags&post=6653"}],"curies":[{"name":"wp","href":"https:\/\/api.w.org\/{rel}","templated":true}]}}