{"id":6681,"date":"2020-05-03T13:41:35","date_gmt":"2020-05-03T11:41:35","guid":{"rendered":"https:\/\/www.antifaschistische-linke.de\/?p=6681"},"modified":"2020-05-03T13:41:35","modified_gmt":"2020-05-03T11:41:35","slug":"proteste-gegen-die-afd-am-2-5-in-freiburg","status":"publish","type":"post","link":"https:\/\/www.antifaschistische-linke.de\/?p=6681","title":{"rendered":"Proteste gegen die AfD am 2.5. in Freiburg"},"content":{"rendered":"\n<p>Trotz starkem Regen protestierten heute rund 1000 Antifaschist*innen gegen den Versuch der AfD, die Coronakrise zu nutzen um ihre \u00fcbliche Hetze und Verschw\u00f6rungstheorien zu streuen. Die Rechten rund um Mandic und Seitz konnten lediglich 30 Anh\u00e4nger*innen mobilisieren. Mandic musste im Verlauf der Kundgebung mehrfach darauf hingewiesen werden, statt einer Karnevalsmaske einen echten Mundschutz anzulegen. In ihren Redebeitr\u00e4gen handelten die Rechten ihre \u00fcbliche Mischung aus Hetze und Verschw\u00f6rungstheorien ab.<\/p>\n\n\n\n<p>Die Polizei war mit einem Gro\u00dfaufgebot, Pferden und Hamburger Gittern vor Ort um die Kundgebung der Rechten zu erm\u00f6glichen. Trotz dem Einhalten der Abstandsregeln ist es heute gelungen, den Rechten aufzuzeigen, dass ihnen auch in Coronazeiten in Freiburg entschlossen entgegengetreten wird. Daher auch in Zukunft: <a href=\"https:\/\/www.facebook.com\/hashtag\/zusammenstehen?source=feed_text&amp;epa=HASHTAG&amp;__xts__%5B0%5D=68.ARCTXAEcLqQfkHr847y1NRF2ZrIIqOjML8FX4RgetAckIBb4rMd88VeYB0q9r09DEgPrmnsxUGHpT-iKm5ooGnfH5x-ZaXMuOdApNlrj10winwo52BBekMileKJT_1Acut594CwJeoHR4-owGAzOCYUPz9nMTJDgrQxxubqCyD-A8wAAGQxBjgyK8_B6iVllLd2y5XjZoSEv2EIJxHotO-CLjpD0mD_34GSweTgNOqyoAES7_2xBGSuxwKw-PVAYXPpQtSB0IPFP5yaex6MJ6zFHyAM5I2DX2tCZvERuyhfblw9nAlZ3jNnM5ROmbssQwLCgzn9TUOec01w3MWMNhY4frA&amp;__tn__=%2ANK-R\">#Zusammenstehen<\/a> gegen die Rechten!<\/p>\n\n\n\n<p>Den <strong>Aufruf<\/strong> zu den Gegenprotesten findet ihr hier: <a href=\"https:\/\/www.antifaschistische-linke.de\/?p=6634\">https:\/\/www.antifaschistische-linke.de\/?p=6634<\/a><\/p>\n\n\n\n<p>Und hier k\u00f6nnt ihr unseren <strong>Redebeitrag<\/strong> nachlesen:<\/p>\n\n\n\n<p><em>&#8222;Auch in Zeiten von Corona scheint es der AfD Freiburg rund um ihren geltungss\u00fcchtigen Stadtrat Dubravko Mandic ein starkes Bed\u00fcrfnis zu sein, keine sich bietende Gelegenheit auszulassen, um ihre Hetze und ihre verschobenen Ansichten unter die Leute zu bringen. Es wundert uns nicht. Im Gegenteil: die Intention, die die AfD heute trotz Corona auf die Stra\u00dfe treibt, ist leicht zu durchschauen.<\/em><\/p>\n\n\n\n<p><em>Die AfD konnte in der Vergangenheit noch nie konkrete L\u00f6sungen f\u00fcr die tats\u00e4chlichen Probleme der Bev\u00f6lkerung anbieten. Aber sie hat es geschafft diese Tatsache gekonnt zu verschleiern, indem sie umso lauter gepoltert hat um \u00fcber ihr politisches Unverm\u00f6gen hinwegzut\u00e4uschen. Mittlerweile kennen wir ihre Versuche die Bev\u00f6lkerung zu spalten, zu t\u00e4uschen, zu hetzen und dreiste Unwahrheiten zu verbreiten nur allzu gut.<\/em><\/p>\n\n\n\n<p><em>Seit Corona war es allerdings zun\u00e4chst auffallend still um die AfD. Der Grund ist offensichtlich. Wieder einmal hat sie nichts anzubieten, was in der jetzigen Situation dazu geeignet w\u00e4re, den Menschen tats\u00e4chlich weiterzuhelfen. Aber in den letzten Wochen schien noch nicht einmal ihre ansonsten altbew\u00e4hrte Hetze die gew\u00fcnschte Wirkung zu erzielen.<\/em><\/p>\n\n\n\n<p><em>Daher hatte man es innerhalb der AfD wohl ersteinmal vorgezogen, etwas k\u00fcrzer zu treten und ungewohnterweise den Mund zu halten. Zumal vieles von dem was momentan von der Regierung umgesetzt wird ohnehin in keinem Widerspruch zum Parteiprogramm der AfD steht. Sei es der Versuch der Baden-W\u00fcrttembergischen Landesregierung, im Windschatten der Corona-Krise eine Versch\u00e4rfung der Polizeigesetze und massive Einschr\u00e4nkungen der Versammlungsfreiheit in Baden-W\u00fcrttemberg durchzusetzen. Sei es die Lockerung bestehender Arbeitszeitgesetze zum Nachteil der Besch\u00e4ftigten, sei es das Hofieren gro\u00dfer Kapitaleigner, die mit milliardenschweren Coronahilfspaketen subventioniert werden, w\u00e4hrend alle anderen mit Brotkrumen abgespeist werden.<\/em><\/p>\n\n\n\n<p><em>Politisch steht das alles nicht im geringsten Widerspruch zur AfD. Auch schon vor der Coronakrise war klar, dass es sich bei der AFD um eine Partei der herrschenden Klasse handelt, allem vermeintlich oppositionellem Gehabe zum Trotz. Ihre Forderungen waren dabei stets nur die zugespitzte und nationalistisch aufgeladene Form eines strauchelnden Kapitalismus. An der grunds\u00e4tzlich systemst\u00fctzenden Rolle der AfD, gab es aber auch in der Vergangenheit wenig zu diskutieren.<\/em><\/p>\n\n\n\n<p><em>Es war nur eine Frage der Zeit, bis Rechte aller Coleur die derzeitige Situation zum Anlass nehmen w\u00fcrden, um vermeintlich einfache L\u00f6sungen zu pr\u00e4sentieren oder schlicht die gesundheitlichen Aspekte der Pandemie in Abrede zu stellen. An genau diesem Punkt setzt Mandic und die Freiburger AfD an. Dass es diesen Gestalten dort dr\u00fcben heute nicht darum geht, tats\u00e4chliche Missst\u00e4nde aufzuzeigen oder m\u00f6gliche L\u00f6sungen zu formulieren, zeigt sich allein schon an ihrem wahnwitzigen aber inhaltsleeren Aufruf. Unter dem nichtssagenden Motto: \u201eSeid wachsam \u2013 Demo f\u00fcr das Leben\u201c haben sie sich heute versammelt, um wieder einmal das zu tun was sie eben am besten k\u00f6nnen. Hetzen, vorhandene Unsicherheiten ausnutzen und Unwahrheiten verbreiten. Dass das gerade im Bezug auf Corona wirklich gef\u00e4hrlich wird zeigt sich daran, wie sich die Freiburger AfD einen Umgang mit der Pandemie konkret vorstellt. In ihrem Ank\u00fcndigungsvideo klingt das dann n\u00e4mlich so:<\/em><\/p>\n\n\n\n<p><em>Zitat: \u201eDann sterbe ich eben 3 Tage fr\u00fcher, ja und, ich habe Gottvertrauen, ich gehe dann zum liebenden Gott. Das ist die Einstellung die wir uns vorstellen. Das hei\u00dft nat\u00fcrlich nicht, dass wir jetzt Leute opfern wollen ABER es geht darum, die Position zu st\u00e4rken die f\u00fcr das Leben, f\u00fcr das wahre Leben am st\u00e4rksten und besten ist.\u201c Zitat Ende<\/em><\/p>\n\n\n\n<p><em>Was hinter dieser Aussage steht ist klar. Die derzeitigen Beschr\u00e4nkungen sollen aufgehoben werden, damit die Wirtschaft wieder ohne Einschr\u00e4nkungen anlaufen kann. Diejenigen, die aufgrund dessen an den Folgen des Virus sterben werden, sollen sich laut der AfD nicht so anstellen und stattdessen in Gottvertrauen sterben. So stellt sich die AFD das mit der Freiheit vor. Denn ihre Freiheit gilt nur f\u00fcr junge, gesunde und reiche Deutsche. Menschen der Risikogruppen, aber auch die Gesundheit aller anderen, spielt hierbei keine Rolle. Einzig die Interessen der Konzerne werden hier vertreten. Und auch hier wird neben dem offenen Sozialchauvinismus einmal mehr deutlich, wie sehr sich die Inhalte der AfD mit anderen neoliberalen Positionen decken. Denn auch Lindner, Merz oder Sch\u00e4uble haben in den letzten Tagen nichts anderes gefordert, auch wenn das bei ihnen meist kl\u00fcger klingt.<\/em><\/p>\n\n\n\n<p><em>Aber f\u00fcr uns ist Freiheit nur m\u00f6glich, wenn sie f\u00fcr alle gilt. Dabei darf nicht nach Gesundheit, Alter, Geschlecht, Klasse oder Herkunft unterschieden werden. Darum sind wir auch heute hier, um den Ansichten der AfD entschieden entgegenzutreten. Denn f\u00fcr uns gilt nach wie vor: Zusammenstehen gegen die AfD!&#8220;<\/em><\/p>\n\n\n\n<p>Einige <strong>Fotos<\/strong> von den Protesten:<\/p>\n\n\n\n<figure class=\"wp-block-image size-large\"><img decoding=\"async\" loading=\"lazy\" width=\"960\" height=\"637\" src=\"https:\/\/www.antifaschistische-linke.de\/wp-content\/uploads\/5.cleaned.jpg\" alt=\"\" class=\"wp-image-6682\" srcset=\"https:\/\/www.antifaschistische-linke.de\/wp-content\/uploads\/5.cleaned.jpg 960w, https:\/\/www.antifaschistische-linke.de\/wp-content\/uploads\/5.cleaned-300x199.jpg 300w\" sizes=\"(max-width: 960px) 100vw, 960px\" \/><\/figure>\n\n\n\n<figure class=\"wp-block-image size-large\"><img decoding=\"async\" loading=\"lazy\" width=\"960\" height=\"637\" src=\"https:\/\/www.antifaschistische-linke.de\/wp-content\/uploads\/7.cleaned.jpg\" alt=\"\" class=\"wp-image-6683\" srcset=\"https:\/\/www.antifaschistische-linke.de\/wp-content\/uploads\/7.cleaned.jpg 960w, https:\/\/www.antifaschistische-linke.de\/wp-content\/uploads\/7.cleaned-300x199.jpg 300w\" sizes=\"(max-width: 960px) 100vw, 960px\" \/><\/figure>\n\n\n\n<figure class=\"wp-block-image size-large\"><img decoding=\"async\" loading=\"lazy\" width=\"960\" height=\"637\" src=\"https:\/\/www.antifaschistische-linke.de\/wp-content\/uploads\/6.cleaned.jpg\" alt=\"\" class=\"wp-image-6684\" srcset=\"https:\/\/www.antifaschistische-linke.de\/wp-content\/uploads\/6.cleaned.jpg 960w, https:\/\/www.antifaschistische-linke.de\/wp-content\/uploads\/6.cleaned-300x199.jpg 300w\" sizes=\"(max-width: 960px) 100vw, 960px\" \/><\/figure>\n\n\n\n<figure class=\"wp-block-image size-large\"><img decoding=\"async\" loading=\"lazy\" width=\"960\" height=\"637\" src=\"https:\/\/www.antifaschistische-linke.de\/wp-content\/uploads\/4.cleaned.jpg\" alt=\"\" class=\"wp-image-6685\" srcset=\"https:\/\/www.antifaschistische-linke.de\/wp-content\/uploads\/4.cleaned.jpg 960w, https:\/\/www.antifaschistische-linke.de\/wp-content\/uploads\/4.cleaned-300x199.jpg 300w\" sizes=\"(max-width: 960px) 100vw, 960px\" \/><\/figure>\n\n\n\n<figure class=\"wp-block-image size-large\"><img decoding=\"async\" loading=\"lazy\" width=\"960\" height=\"637\" src=\"https:\/\/www.antifaschistische-linke.de\/wp-content\/uploads\/9.cleaned.jpg\" alt=\"\" class=\"wp-image-6686\" srcset=\"https:\/\/www.antifaschistische-linke.de\/wp-content\/uploads\/9.cleaned.jpg 960w, https:\/\/www.antifaschistische-linke.de\/wp-content\/uploads\/9.cleaned-300x199.jpg 300w\" sizes=\"(max-width: 960px) 100vw, 960px\" \/><\/figure>\n\n\n\n<figure class=\"wp-block-image size-large\"><img decoding=\"async\" loading=\"lazy\" width=\"960\" height=\"637\" src=\"https:\/\/www.antifaschistische-linke.de\/wp-content\/uploads\/12.cleaned.jpg\" alt=\"\" class=\"wp-image-6687\" srcset=\"https:\/\/www.antifaschistische-linke.de\/wp-content\/uploads\/12.cleaned.jpg 960w, https:\/\/www.antifaschistische-linke.de\/wp-content\/uploads\/12.cleaned-300x199.jpg 300w\" sizes=\"(max-width: 960px) 100vw, 960px\" \/><\/figure>\n\n\n\n<figure class=\"wp-block-image size-large\"><img decoding=\"async\" loading=\"lazy\" width=\"960\" height=\"637\" src=\"https:\/\/www.antifaschistische-linke.de\/wp-content\/uploads\/10.cleaned.jpg\" alt=\"\" class=\"wp-image-6688\" srcset=\"https:\/\/www.antifaschistische-linke.de\/wp-content\/uploads\/10.cleaned.jpg 960w, https:\/\/www.antifaschistische-linke.de\/wp-content\/uploads\/10.cleaned-300x199.jpg 300w\" sizes=\"(max-width: 960px) 100vw, 960px\" \/><\/figure>\n\n\n\n<figure class=\"wp-block-image size-large\"><img decoding=\"async\" loading=\"lazy\" width=\"960\" height=\"637\" src=\"https:\/\/www.antifaschistische-linke.de\/wp-content\/uploads\/1.cleaned.jpg\" alt=\"\" class=\"wp-image-6689\" srcset=\"https:\/\/www.antifaschistische-linke.de\/wp-content\/uploads\/1.cleaned.jpg 960w, https:\/\/www.antifaschistische-linke.de\/wp-content\/uploads\/1.cleaned-300x199.jpg 300w\" sizes=\"(max-width: 960px) 100vw, 960px\" \/><\/figure>\n\n\n\n<figure class=\"wp-block-image size-large\"><img decoding=\"async\" loading=\"lazy\" width=\"960\" height=\"637\" src=\"https:\/\/www.antifaschistische-linke.de\/wp-content\/uploads\/2.cleaned.jpg\" alt=\"\" class=\"wp-image-6690\" srcset=\"https:\/\/www.antifaschistische-linke.de\/wp-content\/uploads\/2.cleaned.jpg 960w, https:\/\/www.antifaschistische-linke.de\/wp-content\/uploads\/2.cleaned-300x199.jpg 300w\" sizes=\"(max-width: 960px) 100vw, 960px\" \/><\/figure>\n\n\n\n<figure class=\"wp-block-image size-large\"><img decoding=\"async\" loading=\"lazy\" width=\"960\" height=\"637\" src=\"https:\/\/www.antifaschistische-linke.de\/wp-content\/uploads\/3.cleaned.jpg\" alt=\"\" class=\"wp-image-6691\" srcset=\"https:\/\/www.antifaschistische-linke.de\/wp-content\/uploads\/3.cleaned.jpg 960w, https:\/\/www.antifaschistische-linke.de\/wp-content\/uploads\/3.cleaned-300x199.jpg 300w\" sizes=\"(max-width: 960px) 100vw, 960px\" \/><\/figure>\n\n\n\n<figure class=\"wp-block-image size-large\"><img decoding=\"async\" loading=\"lazy\" width=\"960\" height=\"637\" src=\"https:\/\/www.antifaschistische-linke.de\/wp-content\/uploads\/8.cleaned.jpg\" alt=\"\" class=\"wp-image-6692\" srcset=\"https:\/\/www.antifaschistische-linke.de\/wp-content\/uploads\/8.cleaned.jpg 960w, https:\/\/www.antifaschistische-linke.de\/wp-content\/uploads\/8.cleaned-300x199.jpg 300w\" sizes=\"(max-width: 960px) 100vw, 960px\" \/><\/figure>\n\n\n\n<figure class=\"wp-block-image size-large\"><img decoding=\"async\" loading=\"lazy\" width=\"960\" height=\"637\" src=\"https:\/\/www.antifaschistische-linke.de\/wp-content\/uploads\/11.cleaned.jpg\" alt=\"\" class=\"wp-image-6694\" srcset=\"https:\/\/www.antifaschistische-linke.de\/wp-content\/uploads\/11.cleaned.jpg 960w, https:\/\/www.antifaschistische-linke.de\/wp-content\/uploads\/11.cleaned-300x199.jpg 300w\" sizes=\"(max-width: 960px) 100vw, 960px\" \/><\/figure>\n","protected":false},"excerpt":{"rendered":"<p>Trotz starkem Regen protestierten heute rund 1000 Antifaschist*innen gegen den Versuch der AfD, die Coronakrise zu nutzen um ihre \u00fcbliche Hetze und Verschw\u00f6rungstheorien zu streuen. Die Rechten rund um Mandic und Seitz konnten lediglich 30 Anh\u00e4nger*innen mobilisieren. Mandic musste im Verlauf der Kundgebung mehrfach darauf hingewiesen werden, statt einer Karnevalsmaske einen echten Mundschutz anzulegen. In [&hellip;]<\/p>\n","protected":false},"author":1,"featured_media":6695,"comment_status":"closed","ping_status":"closed","sticky":false,"template":"","format":"standard","meta":[],"categories":[1033,10,1,1030,1032],"tags":[981,974],"_links":{"self":[{"href":"https:\/\/www.antifaschistische-linke.de\/index.php?rest_route=\/wp\/v2\/posts\/6681"}],"collection":[{"href":"https:\/\/www.antifaschistische-linke.de\/index.php?rest_route=\/wp\/v2\/posts"}],"about":[{"href":"https:\/\/www.antifaschistische-linke.de\/index.php?rest_route=\/wp\/v2\/types\/post"}],"author":[{"embeddable":true,"href":"https:\/\/www.antifaschistische-linke.de\/index.php?rest_route=\/wp\/v2\/users\/1"}],"replies":[{"embeddable":true,"href":"https:\/\/www.antifaschistische-linke.de\/index.php?rest_route=%2Fwp%2Fv2%2Fcomments&post=6681"}],"version-history":[{"count":0,"href":"https:\/\/www.antifaschistische-linke.de\/index.php?rest_route=\/wp\/v2\/posts\/6681\/revisions"}],"wp:featuredmedia":[{"embeddable":true,"href":"https:\/\/www.antifaschistische-linke.de\/index.php?rest_route=\/wp\/v2\/media\/6695"}],"wp:attachment":[{"href":"https:\/\/www.antifaschistische-linke.de\/index.php?rest_route=%2Fwp%2Fv2%2Fmedia&parent=6681"}],"wp:term":[{"taxonomy":"category","embeddable":true,"href":"https:\/\/www.antifaschistische-linke.de\/index.php?rest_route=%2Fwp%2Fv2%2Fcategories&post=6681"},{"taxonomy":"post_tag","embeddable":true,"href":"https:\/\/www.antifaschistische-linke.de\/index.php?rest_route=%2Fwp%2Fv2%2Ftags&post=6681"}],"curies":[{"name":"wp","href":"https:\/\/api.w.org\/{rel}","templated":true}]}}