{"id":6703,"date":"2020-05-08T19:35:34","date_gmt":"2020-05-08T17:35:34","guid":{"rendered":"https:\/\/www.antifaschistische-linke.de\/?p=6703"},"modified":"2020-05-08T19:35:34","modified_gmt":"2020-05-08T17:35:34","slug":"kundgebung-zum-tag-der-befreiung-in-freiburg","status":"publish","type":"post","link":"https:\/\/www.antifaschistische-linke.de\/?p=6703","title":{"rendered":"Kundgebung zum Tag der Befreiung in Freiburg"},"content":{"rendered":"\n<p>Aus unserer <a href=\"https:\/\/www.antifaschistische-linke.de\/?p=6700\">Rede<\/a> auf der Freiburger Kundgebung zum Tag der Befreiung. Rund 200 Menschen folgten dem Aufruf der VVN-BdA Freiburg.<\/p>\n\n\n\n<p>&#8222;Kein Schlussstrich bedeutet f\u00fcr uns auch weiterhin aktiv zu sein, gegen Nazis, Verschw\u00f6rungstheoretiker<em>innen und rechte Verstrickungen im Staatsapparat! Denn klar ist, die Einzelt\u00e4ter<\/em>innenthese ist schlicht die Unwahrheit. Es gibt keine rechten Einzelt\u00e4ter*innen in einem Staat, in dem faschistische Netzwerke seit Jahrzehnten mehr oder weniger ungest\u00f6rt existieren und seitens staatlicher Beh\u00f6rden mindestens toleriert werden. Ob damals oder heute muss daher gelten: Gegen die Rechten, ob auf der Arbeit, innerhalb der Beh\u00f6rden oder auf der Stra\u00dfe!&#8220;<\/p>\n\n\n\n<figure class=\"wp-block-image size-large\"><img decoding=\"async\" loading=\"lazy\" width=\"1024\" height=\"681\" src=\"https:\/\/www.antifaschistische-linke.de\/wp-content\/uploads\/1-5-1024x681.jpg\" alt=\"\" class=\"wp-image-6705\" srcset=\"https:\/\/www.antifaschistische-linke.de\/wp-content\/uploads\/1-5-1024x681.jpg 1024w, https:\/\/www.antifaschistische-linke.de\/wp-content\/uploads\/1-5-300x199.jpg 300w, https:\/\/www.antifaschistische-linke.de\/wp-content\/uploads\/1-5.jpg 1250w\" sizes=\"(max-width: 1024px) 100vw, 1024px\" \/><\/figure>\n\n\n\n<figure class=\"wp-block-image size-large\"><img decoding=\"async\" loading=\"lazy\" width=\"681\" height=\"1024\" src=\"https:\/\/www.antifaschistische-linke.de\/wp-content\/uploads\/2-3-681x1024.jpg\" alt=\"\" class=\"wp-image-6706\" srcset=\"https:\/\/www.antifaschistische-linke.de\/wp-content\/uploads\/2-3-681x1024.jpg 681w, https:\/\/www.antifaschistische-linke.de\/wp-content\/uploads\/2-3-199x300.jpg 199w, https:\/\/www.antifaschistische-linke.de\/wp-content\/uploads\/2-3.jpg 831w\" sizes=\"(max-width: 681px) 100vw, 681px\" \/><\/figure>\n\n\n\n<figure class=\"wp-block-image size-large\"><img decoding=\"async\" loading=\"lazy\" width=\"1024\" height=\"681\" src=\"https:\/\/www.antifaschistische-linke.de\/wp-content\/uploads\/3-2-1024x681.jpg\" alt=\"\" class=\"wp-image-6707\" srcset=\"https:\/\/www.antifaschistische-linke.de\/wp-content\/uploads\/3-2-1024x681.jpg 1024w, https:\/\/www.antifaschistische-linke.de\/wp-content\/uploads\/3-2-300x199.jpg 300w, https:\/\/www.antifaschistische-linke.de\/wp-content\/uploads\/3-2.jpg 1250w\" sizes=\"(max-width: 1024px) 100vw, 1024px\" \/><\/figure>\n\n\n\n<figure class=\"wp-block-image size-large\"><img decoding=\"async\" loading=\"lazy\" width=\"1000\" height=\"665\" src=\"https:\/\/www.antifaschistische-linke.de\/wp-content\/uploads\/4-2.jpg\" alt=\"\" class=\"wp-image-6708\" srcset=\"https:\/\/www.antifaschistische-linke.de\/wp-content\/uploads\/4-2.jpg 1000w, https:\/\/www.antifaschistische-linke.de\/wp-content\/uploads\/4-2-300x200.jpg 300w\" sizes=\"(max-width: 1000px) 100vw, 1000px\" \/><\/figure>\n","protected":false},"excerpt":{"rendered":"<p>Aus unserer Rede auf der Freiburger Kundgebung zum Tag der Befreiung. Rund 200 Menschen folgten dem Aufruf der VVN-BdA Freiburg. &#8222;Kein Schlussstrich bedeutet f\u00fcr uns auch weiterhin aktiv zu sein, gegen Nazis, Verschw\u00f6rungstheoretikerinnen und rechte Verstrickungen im Staatsapparat! Denn klar ist, die Einzelt\u00e4terinnenthese ist schlicht die Unwahrheit. Es gibt keine rechten Einzelt\u00e4ter*innen in einem Staat, [&hellip;]<\/p>\n","protected":false},"author":1,"featured_media":6707,"comment_status":"closed","ping_status":"closed","sticky":false,"template":"","format":"standard","meta":[],"categories":[1],"tags":[1122,1121,212,645],"_links":{"self":[{"href":"https:\/\/www.antifaschistische-linke.de\/index.php?rest_route=\/wp\/v2\/posts\/6703"}],"collection":[{"href":"https:\/\/www.antifaschistische-linke.de\/index.php?rest_route=\/wp\/v2\/posts"}],"about":[{"href":"https:\/\/www.antifaschistische-linke.de\/index.php?rest_route=\/wp\/v2\/types\/post"}],"author":[{"embeddable":true,"href":"https:\/\/www.antifaschistische-linke.de\/index.php?rest_route=\/wp\/v2\/users\/1"}],"replies":[{"embeddable":true,"href":"https:\/\/www.antifaschistische-linke.de\/index.php?rest_route=%2Fwp%2Fv2%2Fcomments&post=6703"}],"version-history":[{"count":0,"href":"https:\/\/www.antifaschistische-linke.de\/index.php?rest_route=\/wp\/v2\/posts\/6703\/revisions"}],"wp:featuredmedia":[{"embeddable":true,"href":"https:\/\/www.antifaschistische-linke.de\/index.php?rest_route=\/wp\/v2\/media\/6707"}],"wp:attachment":[{"href":"https:\/\/www.antifaschistische-linke.de\/index.php?rest_route=%2Fwp%2Fv2%2Fmedia&parent=6703"}],"wp:term":[{"taxonomy":"category","embeddable":true,"href":"https:\/\/www.antifaschistische-linke.de\/index.php?rest_route=%2Fwp%2Fv2%2Fcategories&post=6703"},{"taxonomy":"post_tag","embeddable":true,"href":"https:\/\/www.antifaschistische-linke.de\/index.php?rest_route=%2Fwp%2Fv2%2Ftags&post=6703"}],"curies":[{"name":"wp","href":"https:\/\/api.w.org\/{rel}","templated":true}]}}