{"id":6760,"date":"2020-07-28T19:15:23","date_gmt":"2020-07-28T17:15:23","guid":{"rendered":"https:\/\/www.antifaschistische-linke.de\/?p=6760"},"modified":"2020-07-28T19:15:23","modified_gmt":"2020-07-28T17:15:23","slug":"die-corona-pandemie-als-weckruf-nutzen","status":"publish","type":"post","link":"https:\/\/www.antifaschistische-linke.de\/?p=6760","title":{"rendered":"Die Corona-Pandemie als Weckruf nutzen"},"content":{"rendered":"\n<p>Es scheint als w\u00fcrde Corona viele neue Probleme schaffen. Doch tats\u00e4chlich verschlimmert es Probleme, die schon vor dem Virus existiert haben und macht diese nochmal deutlich sichtbarer. Menschen, die schon vor dem Virus keine Wohnung hatten, haben auch jetzt keinen R\u00fcckzugsraum um ihre Gesundheit zu sch\u00fctzen. Menschen, die in Sammelunterk\u00fcnften untergebracht wurden, mussten schon vor dem Virus auf engstem Raum miteinander leben und haben auch jetzt keine M\u00f6glichkeit sich zu distanzieren und sind somit einem besonders hohen Ansteckungsrisiko ausgesetzt. Schon in den letzten Jahren zahlten Menschen v\u00f6llig \u00fcberteuerte Mieten. Durch die jetzigen Lohnausf\u00e4lle werden Menschen endg\u00fcltig in ihrer Existenz bedroht. Die Krise hei\u00dft nicht nur Corona, die Krise hei\u00dft auch kapitalistischer Wohnungsmarkt!<\/p>\n\n\n\n<p>Wir von der Antifaschistischen Linken Freiburg k\u00e4mpfen dagegen, dass Konzerne wie die Deutsche Wohnen, Vonovia und Co. von hohen Mieten profitieren w\u00e4hrend Mieter*innen ausgebeutet werden. Unser Gegenentwurf zur jetzigen Situation ist eine Stadt f\u00fcr alle. <strong>Grundlage daf\u00fcr ist die Vergesellschaftung von Wohnraum. Wir wollen Wohnraum f\u00fcr alle zu menschenw\u00fcrdigen und lebenswerten Bedingungen, der demokratisch verwaltet wird.<\/strong> Auf dem Weg dorthin gibt es bundesweite Initiativen wie die Mietenwahnsinn-Kampagne, doch auch lokal bei uns in Freiburg passiert viel. Zum Beispiele gibt es den Einwohner*innenantrag zum Mietstopp bei der Stadtbau, Besetzungen von leerstehenden H\u00e4usern, Zusammenschl\u00fcsse wie das Mietenb\u00fcndnis oder Mieter*inneninitiativen.<\/p>\n\n\n\n<p><strong>F\u00fcr uns als Antifaschistische Linke steht fest: Die Vergesellschaftung von Wohnraum muss her. <\/strong>Lasst uns den gegenw\u00e4rtigen Ausnahmezustand als Weckruf nutzen, um unseren Forderungen Nachdruck zu verleihen und langfristige Verbesserungen zu erk\u00e4mpfen!<\/p>\n\n\n\n<p>Lokal sind wir im Mietenb\u00fcndnis aktiv, bundesweit sind wir Teil der interventionistischen Linken. Auch diese setzt sich f\u00fcr Enteignungen und eine Stadt der Vielen ein. <a rel=\"noreferrer noopener\" href=\"https:\/\/interventionistische-linke.org\/beitrag\/enteignen-ist-die-halbe-miete-investoren-verdraengen-wohnraum-vergesellschaften\" target=\"_blank\">Mehr dazu findet ihr in der neuen Brosch\u00fcre<\/a>.<\/p>\n\n\n\n<p>Dieser Beitrag wurde auch im <a href=\"https:\/\/www.freiburger-forum.net\/wordpress\/wp-content\/uploads\/2020\/07\/SolCity-Newsletter-Nr.3.pdf\" target=\"_blank\" rel=\"noreferrer noopener\">3. Solidarity City Newsletter zum Thema Wohnen (mit und ohne Corona)<\/a> ver\u00f6ffentlicht.<\/p>\n","protected":false},"excerpt":{"rendered":"<p>Es scheint als w\u00fcrde Corona viele neue Probleme schaffen. Doch tats\u00e4chlich verschlimmert es Probleme, die schon vor dem Virus existiert haben und macht diese nochmal deutlich sichtbarer. Menschen, die schon vor dem Virus keine Wohnung hatten, haben auch jetzt keinen R\u00fcckzugsraum um ihre Gesundheit zu sch\u00fctzen. Menschen, die in Sammelunterk\u00fcnften untergebracht wurden, mussten schon vor [&hellip;]<\/p>\n","protected":false},"author":1,"featured_media":6196,"comment_status":"closed","ping_status":"closed","sticky":false,"template":"","format":"standard","meta":[],"categories":[1,1032,642,4,317],"tags":[],"_links":{"self":[{"href":"https:\/\/www.antifaschistische-linke.de\/index.php?rest_route=\/wp\/v2\/posts\/6760"}],"collection":[{"href":"https:\/\/www.antifaschistische-linke.de\/index.php?rest_route=\/wp\/v2\/posts"}],"about":[{"href":"https:\/\/www.antifaschistische-linke.de\/index.php?rest_route=\/wp\/v2\/types\/post"}],"author":[{"embeddable":true,"href":"https:\/\/www.antifaschistische-linke.de\/index.php?rest_route=\/wp\/v2\/users\/1"}],"replies":[{"embeddable":true,"href":"https:\/\/www.antifaschistische-linke.de\/index.php?rest_route=%2Fwp%2Fv2%2Fcomments&post=6760"}],"version-history":[{"count":0,"href":"https:\/\/www.antifaschistische-linke.de\/index.php?rest_route=\/wp\/v2\/posts\/6760\/revisions"}],"wp:featuredmedia":[{"embeddable":true,"href":"https:\/\/www.antifaschistische-linke.de\/index.php?rest_route=\/wp\/v2\/media\/6196"}],"wp:attachment":[{"href":"https:\/\/www.antifaschistische-linke.de\/index.php?rest_route=%2Fwp%2Fv2%2Fmedia&parent=6760"}],"wp:term":[{"taxonomy":"category","embeddable":true,"href":"https:\/\/www.antifaschistische-linke.de\/index.php?rest_route=%2Fwp%2Fv2%2Fcategories&post=6760"},{"taxonomy":"post_tag","embeddable":true,"href":"https:\/\/www.antifaschistische-linke.de\/index.php?rest_route=%2Fwp%2Fv2%2Ftags&post=6760"}],"curies":[{"name":"wp","href":"https:\/\/api.w.org\/{rel}","templated":true}]}}