{"id":6765,"date":"2020-08-06T11:52:43","date_gmt":"2020-08-06T09:52:43","guid":{"rendered":"https:\/\/www.antifaschistische-linke.de\/?p=6765"},"modified":"2020-08-27T14:41:12","modified_gmt":"2020-08-27T12:41:12","slug":"offenes-antifa-treffen-startet-wieder","status":"publish","type":"post","link":"https:\/\/www.antifaschistische-linke.de\/?p=6765","title":{"rendered":"Offenes Antifa Treffen startet wieder"},"content":{"rendered":"\n<p><strong>Nach einer Corona-bedingten Pause geht es wieder los: Am Freitag, den 07. August um 18:30 l\u00e4dt das Offene Antifa Treffen Freiburg alle, die gegen Faschismus, Rassismus und eine erstarkende Rechte aktiv werden wollen ins LiZ ein. Neuerungen gibt es auch: zus\u00e4tzlich zu den Offenen Treffen wird es ab dem 21.8. jeden Monat ein offenes und kostenloses Kampfsport- und Selbstverteidigungstraining geben.<\/strong><\/p>\n\n\n\n<p>&#8222;Das Offene Antifa Treffen Freiburg (OAT) ist ein Anlaufpunkt f\u00fcr antifaschistische Vernetzung in Freiburg. Gerade in Zeiten, in denen ein immer st\u00e4rkerer Rechtsruck zu sp\u00fcren ist, halten wir es f\u00fcr notwendig, sich zusammenzuschlie\u00dfen, um Faschist*innen und rechten Hetzer*innen gemeinsam entgegentreten zu k\u00f6nnen. Dabei will das OAT ein Ort sein, an dem sich Antifaschist*innen mit unterschiedlichen Erfahrungen austauschen und vernetzen k\u00f6nnen. Neben Vortr\u00e4gen, Konzerten und Infoveranstaltungen wollen wir auch gemeinsam Aktionen planen, auf Demonstrationen fahren und antifaschistische Politik in Freiburg betreiben.<\/p>\n\n\n\n<p>Das OAT ist ein offener Kreis f\u00fcr alle Personen, die in Freiburg antifaschistisch aktiv werden wollen. Hast du Probleme mit Faschist*innen in deinem Viertel oder in der Schule? Tauchen in deiner Nachbarschaft immer wieder Nazischmierereien auf? Willst du zusammen mit anderen Antifaschist*innen gemeinsam auf Demos fahren, Aktionen planen und selbst aktiv werden? Dann schau beim Offenen Antifa Treffen vorbei und schlie\u00df dich mit uns zusammen! Dabei ist es v\u00f6llig egal, welche Erfahrungen du mitbringst.&#8220;<br><br><\/p>\n\n\n\n<h3><strong>Join your local Antifa!<\/strong><\/h3>\n\n\n\n<p><br><strong><span class=\"has-inline-color has-very-dark-gray-color\">Offenes Antifa Treffen<\/span><\/strong><br>Organisieren, diskutieren, vernetzen.<br>Jeden 1. Freitag im Monat um 18:30 Uhr im Linken Zentrum \u00a1adelante! (Gl\u00fcmerstr. 2)<\/p>\n\n\n\n<p><strong><span class=\"has-inline-color has-very-dark-gray-color\">Antifa-Kneipe<\/span><\/strong><br>Du willst andere Antifaschist*innen in lockerer Athmosph\u00e4re kennenlernen? Oder dich bei einem Bier oder einer Limo mit Gleichgesinnten connecten? Dann schau doch mal bei der Kneipe vorbei!<br>Jeden 1. Freitag im Monat ab 20:30 Uhr im Linken Zentrum \u00a1adelante! (Gl\u00fcmerstr. 2)<\/p>\n\n\n\n<p><strong><span class=\"has-inline-color has-very-dark-gray-color\">Offenes Kampfsporttraining<\/span><br><\/strong>Zus\u00e4tzlich zu Offenen Antifa Treffen gibts jetzt einmal im Monat ein offenes und kostenloses Kampfsport- und Selbstverteidigungstraining. Hier bringen wir uns die Grundlagen des (Kick-)Boxens bei uns halten uns fit.<br>Willst du mitmachen? Sprich uns einfach bei den Treffen an, oder schreib uns, um den Ort zu erfahren.<br>Jeden 3. Freitag im Monat um 18:30 Uhr (Ort wird auf Anfrage oder bei den Treffen bekannt gegeben)<\/p>\n\n\n\n<p><strong>Kontakt<\/strong><br>Das OAT Freiburg ist erreichbar \u00fcber:<br>&#8211; facebook.com\/OatFr<br>&#8211; instagram.com\/oat_fr<br>&#8211; oat-fr@riseup.net<br>&#8211; und unter der Adresse: OAT Freiburg | c\/o Linkes Zentrum \u00a1adelante! | Gl\u00fcmerstra\u00dfe 2 | 79102 Freiburg<\/p>\n","protected":false},"excerpt":{"rendered":"<p>Nach einer Corona-bedingten Pause geht es wieder los: Am Freitag, den 07. August um 18:30 l\u00e4dt das Offene Antifa Treffen Freiburg alle, die gegen Faschismus, Rassismus und eine erstarkende Rechte aktiv werden wollen ins LiZ ein. Neuerungen gibt es auch: zus\u00e4tzlich zu den Offenen Treffen wird es ab dem 21.8. jeden Monat ein offenes und [&hellip;]<\/p>\n","protected":false},"author":1,"featured_media":6768,"comment_status":"closed","ping_status":"closed","sticky":false,"template":"","format":"standard","meta":[],"categories":[1,1032,7],"tags":[1127,320,854,293,933],"_links":{"self":[{"href":"https:\/\/www.antifaschistische-linke.de\/index.php?rest_route=\/wp\/v2\/posts\/6765"}],"collection":[{"href":"https:\/\/www.antifaschistische-linke.de\/index.php?rest_route=\/wp\/v2\/posts"}],"about":[{"href":"https:\/\/www.antifaschistische-linke.de\/index.php?rest_route=\/wp\/v2\/types\/post"}],"author":[{"embeddable":true,"href":"https:\/\/www.antifaschistische-linke.de\/index.php?rest_route=\/wp\/v2\/users\/1"}],"replies":[{"embeddable":true,"href":"https:\/\/www.antifaschistische-linke.de\/index.php?rest_route=%2Fwp%2Fv2%2Fcomments&post=6765"}],"version-history":[{"count":0,"href":"https:\/\/www.antifaschistische-linke.de\/index.php?rest_route=\/wp\/v2\/posts\/6765\/revisions"}],"wp:featuredmedia":[{"embeddable":true,"href":"https:\/\/www.antifaschistische-linke.de\/index.php?rest_route=\/wp\/v2\/media\/6768"}],"wp:attachment":[{"href":"https:\/\/www.antifaschistische-linke.de\/index.php?rest_route=%2Fwp%2Fv2%2Fmedia&parent=6765"}],"wp:term":[{"taxonomy":"category","embeddable":true,"href":"https:\/\/www.antifaschistische-linke.de\/index.php?rest_route=%2Fwp%2Fv2%2Fcategories&post=6765"},{"taxonomy":"post_tag","embeddable":true,"href":"https:\/\/www.antifaschistische-linke.de\/index.php?rest_route=%2Fwp%2Fv2%2Ftags&post=6765"}],"curies":[{"name":"wp","href":"https:\/\/api.w.org\/{rel}","templated":true}]}}