{"id":6853,"date":"2020-10-26T22:25:18","date_gmt":"2020-10-26T21:25:18","guid":{"rendered":"https:\/\/www.antifaschistische-linke.de\/?p=6853"},"modified":"2020-10-26T22:25:18","modified_gmt":"2020-10-26T21:25:18","slug":"kritische-einfuehrungstage-6-15-11","status":"publish","type":"post","link":"https:\/\/www.antifaschistische-linke.de\/?p=6853","title":{"rendered":"Kritische Einf\u00fchrungstage 6-15.11."},"content":{"rendered":"\n<p>Die Corona-Pandemie erschwert nicht nur die Finanzierung des Studiums. Im digitalen Semester wird es auch schwer, politisch \u00fcber den Tellerrand der Universit\u00e4t hinauszuschauen. Daher freuen wir uns umso mehr, dass auch dieses Jahr die Kritischen Einf\u00fchrungstage stattfinden werden. Vom 06. &#8211; 15.11.20 findet ihr ein vielseitiges Angebot f\u00fcr euch in Pr\u00e4senz und Online, um Gleichgesinnte zu finden und das linke Freiburg kennenzulernen.<\/p>\n\n\n\n<p>Das komplette Programm und mehr Informationen zu den Kritischen Einf\u00fchrungstagen findet ihr <a href=\"https:\/\/kretafreiburg.wordpress.com\/programm\/\">hier<\/a> oder auf <a href=\"https:\/\/www.facebook.com\/kretafreiburg\/\">Facebook<\/a>.<\/p>\n\n\n\n<figure class=\"wp-block-image size-large\"><img decoding=\"async\" loading=\"lazy\" width=\"1024\" height=\"724\" src=\"https:\/\/www.antifaschistische-linke.de\/wp-content\/uploads\/2020_10-kreta-flyer_web2-1024x724.jpg\" alt=\"\" class=\"wp-image-6880\" srcset=\"https:\/\/www.antifaschistische-linke.de\/wp-content\/uploads\/2020_10-kreta-flyer_web2-1024x724.jpg 1024w, https:\/\/www.antifaschistische-linke.de\/wp-content\/uploads\/2020_10-kreta-flyer_web2-300x212.jpg 300w, https:\/\/www.antifaschistische-linke.de\/wp-content\/uploads\/2020_10-kreta-flyer_web2.jpg 1123w\" sizes=\"(max-width: 1024px) 100vw, 1024px\" \/><\/figure>\n","protected":false},"excerpt":{"rendered":"<p>Die Corona-Pandemie erschwert nicht nur die Finanzierung des Studiums. Im digitalen Semester wird es auch schwer, politisch \u00fcber den Tellerrand der Universit\u00e4t hinauszuschauen. Daher freuen wir uns umso mehr, dass auch dieses Jahr die Kritischen Einf\u00fchrungstage stattfinden werden. Vom 06. &#8211; 15.11.20 findet ihr ein vielseitiges Angebot f\u00fcr euch in Pr\u00e4senz und Online, um Gleichgesinnte [&hellip;]<\/p>\n","protected":false},"author":1,"featured_media":6882,"comment_status":"closed","ping_status":"closed","sticky":false,"template":"","format":"standard","meta":[],"categories":[1],"tags":[13,1139],"_links":{"self":[{"href":"https:\/\/www.antifaschistische-linke.de\/index.php?rest_route=\/wp\/v2\/posts\/6853"}],"collection":[{"href":"https:\/\/www.antifaschistische-linke.de\/index.php?rest_route=\/wp\/v2\/posts"}],"about":[{"href":"https:\/\/www.antifaschistische-linke.de\/index.php?rest_route=\/wp\/v2\/types\/post"}],"author":[{"embeddable":true,"href":"https:\/\/www.antifaschistische-linke.de\/index.php?rest_route=\/wp\/v2\/users\/1"}],"replies":[{"embeddable":true,"href":"https:\/\/www.antifaschistische-linke.de\/index.php?rest_route=%2Fwp%2Fv2%2Fcomments&post=6853"}],"version-history":[{"count":0,"href":"https:\/\/www.antifaschistische-linke.de\/index.php?rest_route=\/wp\/v2\/posts\/6853\/revisions"}],"wp:featuredmedia":[{"embeddable":true,"href":"https:\/\/www.antifaschistische-linke.de\/index.php?rest_route=\/wp\/v2\/media\/6882"}],"wp:attachment":[{"href":"https:\/\/www.antifaschistische-linke.de\/index.php?rest_route=%2Fwp%2Fv2%2Fmedia&parent=6853"}],"wp:term":[{"taxonomy":"category","embeddable":true,"href":"https:\/\/www.antifaschistische-linke.de\/index.php?rest_route=%2Fwp%2Fv2%2Fcategories&post=6853"},{"taxonomy":"post_tag","embeddable":true,"href":"https:\/\/www.antifaschistische-linke.de\/index.php?rest_route=%2Fwp%2Fv2%2Ftags&post=6853"}],"curies":[{"name":"wp","href":"https:\/\/api.w.org\/{rel}","templated":true}]}}