{"id":6857,"date":"2020-10-25T13:07:52","date_gmt":"2020-10-25T12:07:52","guid":{"rendered":"https:\/\/www.antifaschistische-linke.de\/?p=6857"},"modified":"2020-10-25T13:07:52","modified_gmt":"2020-10-25T12:07:52","slug":"pm-freiburger-stadtrat-dubravko-mandic-afd-provoziert-mit-offen-faschistischer-symbolik","status":"publish","type":"post","link":"https:\/\/www.antifaschistische-linke.de\/?p=6857","title":{"rendered":"PM: Freiburger Stadtrat Dubravko Mandic (AfD) provoziert mit offen faschistischer Symbolik."},"content":{"rendered":"\n<p><strong>Der Freiburger Stadtrat Dubravko Mandic, der seit Mai 2019 f\u00fcr die AfD im Freiburger Gemeinderat sitzt, hat ein Foto ver\u00f6ffentlicht, in dem er ein T-Shirt der neonazistischen Kampfsportveranstaltung \u201eKampf der Nibelungen (KdN)\u201c tr\u00e4gt.<\/strong><\/p>\n\n\n\n<p>Dubravko Mandic ver\u00f6ffentlichte unl\u00e4ngst ein Foto in den sozialen Medien, auf dem er mit zwei Mitgliedern der Jungen Alternative (JA) nach dem Sport zu sehen ist. Brisant dabei ist, dass Mandic auf besagtem Foto ein T-Shirt des offen neonazistischen Kampfsportevents <em>Kampf der Nibelungen <\/em>(KdN) tr\u00e4gt<a href=\"#sdfootnote1sym\"><sup>1<\/sup><\/a>.<\/p>\n\n\n\n<p>Der sogenannte <em>Kampf der Nibelungen <\/em>(KdN) gilt als die gr\u00f6\u00dfte und wichtigste Kampfsportveranstaltung der neonazistischen Rechten in der BRD. Seit 2013 findet das KdN j\u00e4hrlich statt. Initiator ist u.a. der Dortmunder Faschist und Mitglied der Neonazipartei <em>Die Rechte<\/em>, Alexander Deptolla<a href=\"#sdfootnote2sym\"><sup>2<\/sup><\/a>. Neben Deptolla geh\u00f6ren auch weitere Vertreter der Partei <em>die Rechte<\/em> zum engen Initiatorenumfeld des KdN. Die Partei <em>die Rechte<\/em> wiederum ist in gro\u00dfen Teilen ein Auffangbecken f\u00fcr Nazis der mittlerweile verbotenen Kameradschaft <em>Nationaler Widerstand Dortmun<\/em><em>d <\/em>(NWDO). Neben Deptolla erf\u00fcllen auch weitere aktive Faschisten, wie beispielsweise Malte Redeker, F\u00fchrungsfigur der <em>Hammerskins<\/em> oder Robin Schmiemann, der zur F\u00fchrungsriege der rechtsterroristischen Gruppe <em>Combat 18 <\/em>geh\u00f6rt, wichtige Funktionen innerhalb des KdN<a href=\"#sdfootnote3sym\"><sup>3<\/sup><\/a>.<\/p>\n\n\n\n<p>Das KdN erf\u00fcllt offensichtlich eine Scharnierfunktion dabei, gewaltaffine Hooligans, rechte Rocker und organisierte Faschisten im Rahmen eines Kampfsportevents zusammenzubringen und in der Gewaltanwendung gegen den politischen Gegner zu schulen. Zudem dient es als ein wichtiges Vernetzungstreffen organisierter Rechter aus ganz Europa. Im Jahre 2018 trafen sich beispielsweise bis zu 800 gewaltbereite Faschisten im Rahmen des KdN im s\u00e4chsischen Ostritz<a href=\"#sdfootnote4sym\"><sup>4<\/sup><\/a>.<\/p>\n\n\n\n<p>Auch an ihrer neonazistischen und demokratiefeindlichen Haltung lassen die Initiatoren des KdN keinen Zweifel. So sprechen sie auf ihrer Internetpr\u00e4senz explizit davon, dass sie sich als Alternative <em>\u201e(\u2026) <\/em><em>eines faulenden politischen Systems verstehen.\u201c<\/em> Gemeint damit, ist die demokratische Grundordnung.<\/p>\n\n\n\n<p>Dass nun ausgerechnet Dubravko Mandic, Vertreter einer angeblich demokratischen Partei im Freiburger Gemeinderat, ein T-Shirt des KdN derart offen zur Schau tr\u00e4gt, kann nur als politische Provokation verstanden werden. Bereits in der Vergangenheit provozierte der zum v\u00f6lkischen Fl\u00fcgel seiner Partei geh\u00f6rende Mandic, mit seinen rechten Positionen und rassistischen Verunglimpfungen. Auch der Gewalt ist Mandic keinesfalls abgeneigt. So verletzte er zusammen mit einem Parteifreund im Jahre 2019 einen Passanten mit Reizgas und wurde deshalb wegen gef\u00e4hrlicher K\u00f6rperverletzung verurteilt. Eine klar neonazistische und gewaltverherrlichende Veranstaltung derart prominent zu bewerben, ist in diesem Zusammenhang zwar nicht weiter verwunderlich, stellt aber aufgrund der Rolle, die Mandic beispielsweise im Freiburger Gemeinderat einnimmt, dennoch eine neue Qualit\u00e4t dar.<\/p>\n\n\n\n<p><strong>Wir fordern den Freiburger Stadtrat auf, sich in aller Deutlichkeit von den faschistischen Tendenzen Dubravko Mandics zu distanzieren.<\/strong><\/p>\n\n\n\n<p><strong>Keinen Fu\u00dfbreit den Faschisten in Freiburg!<\/strong><\/p>\n\n\n\n<p>F\u00fcr Nachfragen stehen wir gerne zur Verf\u00fcgung.<\/p>\n\n\n\n<p>Antifaschistische Linke Freiburg (IL)<\/p>\n\n\n\n<p>.<\/p>\n\n\n\n<p><strong>Weitere Infos:<\/strong><\/p>\n\n\n\n<p>Rechercheplattform zur Identit\u00e4ren Bewegung<\/p>\n\n\n\n<figure class=\"wp-block-embed-twitter wp-block-embed is-type-rich is-provider-twitter\"><div class=\"wp-block-embed__wrapper\">\n<blockquote class=\"twitter-tweet\" data-width=\"550\" data-dnt=\"true\"><p lang=\"de\" dir=\"ltr\">Nun ist es wohl bald soweit!<br>Der Rassist, IB-Freund und extrem rechte <a href=\"https:\/\/twitter.com\/hashtag\/Freiburg?src=hash&amp;ref_src=twsrc%5Etfw\">#Freiburg<\/a>\u00b4er AfD-Stadt <a href=\"https:\/\/twitter.com\/hashtag\/DubravkoMandic?src=hash&amp;ref_src=twsrc%5Etfw\">#DubravkoMandic<\/a>, soll aus der <a href=\"https:\/\/twitter.com\/hashtag\/AfD?src=hash&amp;ref_src=twsrc%5Etfw\">#AfD<\/a> fliegen. Dieser reiht sich wunderbar in die Linie Poggenburg &amp; Kalbitz ein.<br>Ein Bilder-<a href=\"https:\/\/twitter.com\/hashtag\/Thread?src=hash&amp;ref_src=twsrc%5Etfw\">#Thread<\/a> \u00fcber einen narzisstischen Misanthrop.<a href=\"https:\/\/twitter.com\/hashtag\/nonazis?src=hash&amp;ref_src=twsrc%5Etfw\">#nonazis<\/a> <a href=\"https:\/\/twitter.com\/hashtag\/noafd?src=hash&amp;ref_src=twsrc%5Etfw\">#noafd<\/a> <a href=\"https:\/\/t.co\/aqcT1FVpHI\">pic.twitter.com\/aqcT1FVpHI<\/a><\/p>&mdash; Rechercheplattform zur Identit\u00e4ren Bewegung (@IbDoku) <a href=\"https:\/\/twitter.com\/IbDoku\/status\/1303941351969611776?ref_src=twsrc%5Etfw\">September 10, 2020<\/a><\/blockquote><script async src=\"https:\/\/platform.twitter.com\/widgets.js\" charset=\"utf-8\"><\/script>\n<\/div><\/figure>\n\n\n\n<p>Runter von der Matte. Kein Handshake mit Nazis:<\/p>\n\n\n\n<figure class=\"wp-block-embed-wordpress wp-block-embed is-type-wp-embed is-provider-runter-von-der-matte-kein-handshake-mit-nazis\"><div class=\"wp-block-embed__wrapper\">\n<blockquote class=\"wp-embedded-content\" data-secret=\"LRojXvFNy3\"><a href=\"https:\/\/runtervondermatte.noblogs.org\/der-kampf-der-nibelungen-2019-kommerzialisierung-professionalisierung-und-ein-moegliches-verbot\/\">Der \u201eKampf der Nibelungen\u201c 2019  &#8211; Kommerzialisierung, Professionalisierung und ein m\u00f6gliches Verbot<\/a><\/blockquote><iframe class=\"wp-embedded-content\" sandbox=\"allow-scripts\" security=\"restricted\" style=\"position: absolute; clip: rect(1px, 1px, 1px, 1px);\" title=\"&#8222;Der \u201eKampf der Nibelungen\u201c 2019  &#8211; Kommerzialisierung, Professionalisierung und ein m\u00f6gliches Verbot&#8220; &#8212; Runter von der Matte! \u2013 Kein Handshake mit Nazis\" src=\"https:\/\/runtervondermatte.noblogs.org\/der-kampf-der-nibelungen-2019-kommerzialisierung-professionalisierung-und-ein-moegliches-verbot\/embed\/#?secret=LRojXvFNy3\" data-secret=\"LRojXvFNy3\" width=\"600\" height=\"338\" frameborder=\"0\" marginwidth=\"0\" marginheight=\"0\" scrolling=\"no\"><\/iframe>\n<\/div><\/figure>\n\n\n\n<p>.<\/p>\n\n\n\n<p>Pressekontakt: Nils Bornstedt | info@antifaschistische-linke.de<\/p>\n\n\n\n<p>.<\/p>\n\n\n\n<p><a href=\"#sdfootnote1anc\">1<\/a>Siehe angeh\u00e4ngtes Foto. Stadtrat Dubravko Mandic mit einem T-Shirt des KdN.<\/p>\n\n\n\n<p><a href=\"#sdfootnote2anc\">2<\/a>https:\/\/runtervondermatte.noblogs.org\/der-kampf-der-nibelungen-2019-kommerzialisierung-professionalisierung-und-ein-moegliches-verbot\/<\/p>\n\n\n\n<p><a href=\"#sdfootnote3anc\">3<\/a>https:\/\/runtervondermatte.noblogs.org\/der-kampf-der-nibelungen-2018-eine-erste-auswertung\/<\/p>\n\n\n\n<p><a href=\"#sdfootnote4anc\">4<\/a>https:\/\/runtervondermatte.noblogs.org\/der-kampf-der-nibelungen-2018-eine-erste-auswertung\/<\/p>\n","protected":false},"excerpt":{"rendered":"<p>Der Freiburger Stadtrat Dubravko Mandic, der seit Mai 2019 f\u00fcr die AfD im Freiburger Gemeinderat sitzt, hat ein Foto ver\u00f6ffentlicht, in dem er ein T-Shirt der neonazistischen Kampfsportveranstaltung \u201eKampf der Nibelungen (KdN)\u201c tr\u00e4gt. Dubravko Mandic ver\u00f6ffentlichte unl\u00e4ngst ein Foto in den sozialen Medien, auf dem er mit zwei Mitgliedern der Jungen Alternative (JA) nach dem [&hellip;]<\/p>\n","protected":false},"author":1,"featured_media":6858,"comment_status":"closed","ping_status":"closed","sticky":false,"template":"","format":"standard","meta":[],"categories":[1033,1032],"tags":[1134,1133,1136,1021,1135],"_links":{"self":[{"href":"https:\/\/www.antifaschistische-linke.de\/index.php?rest_route=\/wp\/v2\/posts\/6857"}],"collection":[{"href":"https:\/\/www.antifaschistische-linke.de\/index.php?rest_route=\/wp\/v2\/posts"}],"about":[{"href":"https:\/\/www.antifaschistische-linke.de\/index.php?rest_route=\/wp\/v2\/types\/post"}],"author":[{"embeddable":true,"href":"https:\/\/www.antifaschistische-linke.de\/index.php?rest_route=\/wp\/v2\/users\/1"}],"replies":[{"embeddable":true,"href":"https:\/\/www.antifaschistische-linke.de\/index.php?rest_route=%2Fwp%2Fv2%2Fcomments&post=6857"}],"version-history":[{"count":0,"href":"https:\/\/www.antifaschistische-linke.de\/index.php?rest_route=\/wp\/v2\/posts\/6857\/revisions"}],"wp:featuredmedia":[{"embeddable":true,"href":"https:\/\/www.antifaschistische-linke.de\/index.php?rest_route=\/wp\/v2\/media\/6858"}],"wp:attachment":[{"href":"https:\/\/www.antifaschistische-linke.de\/index.php?rest_route=%2Fwp%2Fv2%2Fmedia&parent=6857"}],"wp:term":[{"taxonomy":"category","embeddable":true,"href":"https:\/\/www.antifaschistische-linke.de\/index.php?rest_route=%2Fwp%2Fv2%2Fcategories&post=6857"},{"taxonomy":"post_tag","embeddable":true,"href":"https:\/\/www.antifaschistische-linke.de\/index.php?rest_route=%2Fwp%2Fv2%2Ftags&post=6857"}],"curies":[{"name":"wp","href":"https:\/\/api.w.org\/{rel}","templated":true}]}}