{"id":6907,"date":"2020-12-11T13:45:46","date_gmt":"2020-12-11T12:45:46","guid":{"rendered":"https:\/\/www.antifaschistische-linke.de\/?p=6907"},"modified":"2021-02-22T11:54:01","modified_gmt":"2021-02-22T10:54:01","slug":"pm-dubravko-mandic-ein-rechter-netzwerker","status":"publish","type":"post","link":"https:\/\/www.antifaschistische-linke.de\/?p=6907","title":{"rendered":"PM: Dubravko Mandic &#8211; ein rechter Netzwerker"},"content":{"rendered":"\n<p style=\"font-size:23px\"><strong>Pressemitteilung anl\u00e4sslich der AfD-Beilage in der Wochenzeitung <em>Der<\/em><\/strong><em><strong> Sonntag<\/strong><\/em><strong> vom 6.12.20<\/strong> \u2022<\/p>\n\n\n\n<p>Vermutlich aus finanziellen Gr\u00fcnden hat die Badische Zeitung am vergangenen Sonntag die fragw\u00fcrdige Entscheidung getroffen, ein von rechtem und verschw\u00f6rungstheoretischem Unfug durchsetztes Schreiben ihrer Sonntagsausgabe <em>Der Sonntag<\/em> beizulegen. Verantwortlich f\u00fcr das Machwerk ist die AfD-Gruppe im Freiburger Gemeinderat. Namentlich die beiden Stadtr\u00e4te Detlef Huber und Dubravko Mandic. Die Wellen der Emp\u00f6rung waren wenig \u00fcberraschend hoch und viel Richtiges wurde in diesem Zusammenhang bereits gesagt. Die Badische Zeitung sah sich wohl aufgrund des massiven Drucks gen\u00f6tigt, eine arg fadenscheinige und plumpe Stellungnahme bez\u00fcglich ihrer Entscheidung zu ver\u00f6ffentlichen. Hier schreiben die Verantwortlichen unter anderem, dass <em>\u201e(\u2026) unser Haus bei Pr\u00fcfung der Beilage die handelnden Personen zu wenig in den Blick genommen <\/em>[hat]<em>\u201c.<\/em><\/p>\n\n\n\n<p>Gemeint ist hier vor allem der Stadtrat Dubravko Mandic. Auch wenn wir Verleger Wolfgang Poppen und Chefredakteur Thomas Fricker zu keiner Sekunde abnehmen, nicht zu wissen, wer Dubravko Mandic ist oder f\u00fcr was er politisch steht, helfen wir trotzdem gerne noch mal auf die Spr\u00fcnge. Im Folgenden der Versuch einer Einordnung des Freiburger Stadtrats Dubravko Mandic.<\/p>\n\n\n\n<p style=\"font-size:23px\"><strong>Dubravko Mandic \u2013 ein rechter Netzwerker<\/strong><\/p>\n\n\n\n<p><strong>1. <\/strong><strong>Der Aufbau einer Parteijugend in Freiburg<\/strong><\/p>\n\n\n\n<p>Als langj\u00e4hriges Mitglied der Freiburger Burschenschaft Saxo-Silesia hat es Mandic in den vergangenen Jahren gut verstanden, junge Burschenschaftler um sich zu scharen und politisch rechts zu organisieren.<\/p>\n\n\n\n<p>Schon damals war augenscheinlich, dass Mandic sich deutlich am rechten Rand der AfD verortete. Zudem nahm er in seinen \u00c4u\u00dferungen kein Blatt vor den Mund<a href=\"#sdfootnote1sym\"><sup>1<\/sup><\/a> und provozierte durch sein aggressives Auftreten<a href=\"#sdfootnote2sym\"><sup>2<\/sup><\/a>. Wohl auch, um sich \u00fcber die Grenzen Freiburgs hinweg als besonders harter Kanten im rechtsnationalen Lager zu profilieren (siehe Punkt 3). Seine diversen Entgleisungen<a href=\"#sdfootnote3sym\"><sup>3<\/sup><\/a> konnten Mandic zudem nicht davon abhalten, seine Doppelrolle als aktiver Burschenschaftler und AfDler zu nutzen und als wichtiges Bindeglied zwischen Parteiapparat, Burschenschaften und rechter Nachwuchsgewinnung zu fungieren. Mit einigem Erfolg: Mandic gelang es zum einen die stark zum Erliegen gekommene Burschenschaft Saxo Silesia mit jungen Burschen zu revitalisieren und zum anderen eine junge, funktionierende und zeitweise relativ aktivistisch auftretende JA- Struktur<a href=\"#sdfootnote4sym\"><sup>4<\/sup><\/a> in Freiburg ins Leben zu rufen.<\/p>\n\n\n\n<p>Auff\u00e4llig war von Beginn an sowohl die Rolle Mandics, die er bis zu seinem altersbedingten Ausscheiden im Jahre 2017 innerhalb dieser Struktur einnahm, als auch die personelle Zusammensetzung der Freiburger-JA insgesamt. Der \u00fcberwiegende Teil der Freiburger-JA rekrutierte sich entweder direkt aus der Burschenschaft Saxo Silesia, bewegte sich anderweitig im burschenschaftlichen Milieu innerhalb Freiburgs oder wies zumindest Schnittstellen hierzu auf. Es ist sicherlich nicht vermessen zu behaupten, dass Mandic einen gro\u00dfen Anteil daran hatte, dass beim Aufbau einer funktionierende JA- Struktur, zun\u00e4chst gr\u00f6\u00dftenteils auf burschenschaftliche Kontakte zur\u00fcckgegriffen wurde.<\/p>\n\n\n\n<p>Weiterhin auff\u00e4llig ist, dass es Mandic gelang, die politische Sto\u00dfrichtung innerhalb der Freiburger-JA weitestgehend von Beginn an vorzugeben. Offensichtlich lie\u00dfen ihm seine Parteikollegen freie Hand dabei und st\u00f6rten sich nicht weiter an dessen Zielvorstellungen. So sind die engen Verbindungen zwischen Mandic, der Freiburger JA und beispielsweise der (ehemaligen) Fl\u00fcgelstruktur innerhalb der AfD auch auf Mandics Hinwirken zur\u00fcckzuf\u00fchren. Mandic legte in der Vergangenheit offensichtlich gro\u00dfen Wert darauf, eine Gruppe junger Personen um sich zu versammeln, diese &#8211; auch im innerparteilichen Richtungskampf &#8211; deutlich nach rechts zu organisieren<a href=\"#sdfootnote5sym\"><sup>5<\/sup><\/a> und politisch an seine Person zu binden.<\/p>\n\n\n\n<p><strong>2. Dubravko Mandic und die Identit\u00e4re Bewegung (IB)<\/strong><\/p>\n\n\n\n<p>Erw\u00e4hnenswert in diesem Zusammenhang sind die engen \u00dcberschneidungen zwischen der Freiburger JA und der Identit\u00e4ren Bewegung. Auch dies ist nicht verwunderlich, f\u00fchrt man sich die des \u00d6fteren ge\u00e4u\u00dferten Bestrebungen Mandics vor Augen, die Identit\u00e4re Bewegung als au\u00dferparlamentarische Verb\u00fcndete nahe an der AfD zu halten<a href=\"#sdfootnote6sym\"><sup>6<\/sup><\/a>. Erkennbar war das bereits, als Mandic noch vor allem damit besch\u00e4ftigt war, in Freiburg die JA aufzubauen. So besuchte er mit einigen JA-Mitgliedern beispielsweise das Sommerseminar des sogenannten Instituts f\u00fcr Staatspolitik (IfS) in Schnellroda. Das IfS ist ein neurechter Thinktank und wurde im Jahr 2000 unter anderem von G\u00f6tz Kubitschek ins Leben gerufen. Neben dem Vertrieb neurechter Literatur und anderen Publikationen, wie beispielsweise der Zeitschrift Sezession, veranstaltet das IfS regelm\u00e4\u00dfige politische Schulungen. Die engen Verbindungen zwischen nahezu allen wichtigen F\u00fchrungsfiguren der Identit\u00e4ren Bewegung mit G\u00f6tz Kubitscheks IfS sind bereits seit l\u00e4ngerem bekannt<a href=\"#sdfootnote7sym\"><sup>7<\/sup><\/a>. So gelten G\u00f6tz Kubitschek und das IfS zumindest als wichtige Impulsgeber und Vordenker beim Aufbau der Identit\u00e4ren Bewegung. Neben der IB pflegt das IfS aber eben auch beste Kontakte zum rechtsnationalen und v\u00f6lkischen Fl\u00fcgel innerhalb der AfD sowie zu Funktion\u00e4ren der NPD und JN.<\/p>\n\n\n\n<p>V\u00f6llig offensichtlich werden die Verbindungen, wenn Mandic Videos davon ver\u00f6ffentlicht, wie er ein Fl\u00fcgeltreffen der AfD in Schnellroda besucht und munter von der Verbindung zwischen ihm, der AfD und Kubitscheks IfS plaudert<a href=\"#sdfootnote8sym\"><sup>8<\/sup><\/a>. Dass Mandic dies tut, kann nur als ein politisches Signal verstanden werden. Es geht ihm offensichtlich darum, die ohnehin schon bestehenden Netzwerke der politischen Rechten weiter auszubauen und nach au\u00dfen zu pr\u00e4sentieren.<\/p>\n\n\n\n<p>Dubravko Mandic ist eine der Personen, die sich nicht nur bestens mit neurechten Vordenkern wie G\u00f6tz Kubitschek und Vertretern der IB wie Martin Sellner oder Felix Koschkar verstehen, sondern auch eine enge Verbindung zwischen der eigenen Partei und neurechten au\u00dferparlamentarischen Organisationen forcieren und vorantreiben. So ist es kein Wunder, dass mit der Freiburger-JA rund um Mandic eben nicht nur die Freiburger Parteijugend in Schnellroda zu Besuch war, sondern in Personalunion auch Vertreter der Freiburger IB und Burschenschafter der Saxo Silesia sich dort mit Gesinnungsgenossen austauschen konnten<a href=\"#sdfootnote9sym\"><sup>9<\/sup><\/a>.<\/p>\n\n\n\n<p>Aus seiner engen Verbindung zur Identit\u00e4ren Bewegung machte Mandic in der Vergangenheit indes nie einen Hehl. So besuchte er beispielsweise mehrere Demonstrationen der Identit\u00e4ren Bewegung<a href=\"#sdfootnote10sym\"><sup>10<\/sup><\/a>, traf sich mit Vertretern der IB<a href=\"#sdfootnote11sym\"><sup>11<\/sup><\/a>, bewarb Veranstaltungen und Aktionen<a href=\"#sdfootnote12sym\"><sup>12<\/sup><\/a>, setzte sich f\u00fcr eine engere Zusammenarbeit zwischen AfD und IB ein und trat in Klamotten der IB \u00f6ffentlich auf<a href=\"#sdfootnote13sym\"><sup>13<\/sup><\/a>.<\/p>\n\n\n\n<p><strong>3. Mandics bundesweite Vernetzungen<\/strong><\/p>\n\n\n\n<p>Mandics politische Ambitionen beschr\u00e4nken sich bei weitem nicht nur auf Ambitionen innerhalb der AfD und Kontakte zur IB oder zum IfS. Von Anfang an hatte er gro\u00dfe Bestrebungen, diverse Akteure der au\u00dferparlamentarischen Rechten zu einen, bzw. langfristig enge Kontakte zu Vertretern diverser Organisationen aufzubauen. Das Ziel dahinter ist deutlich erkennbar. Mandic ging es von Beginn an nicht nur darum, parteipolitisch seine Positionen durchzusetzen, sondern sein Ziel war und ist es, ein rechtes Netzwerk aus Teilen der Partei, Burschenschaften, Identit\u00e4rer Bewegung, neurechten und teilweise eben auch neofaschistischen Organisationen und Personen zu initiieren (Siehe die Punkte 2 und 6).<\/p>\n\n\n\n<p>Innerhalb des rechten Fl\u00fcgels der AfD ist Mandic bestens vernetzt und konnte sich Fl\u00fcgelintern in den vergangenen Jahren als <em>harter Kanten <\/em>profilieren. Nicht zuletzt aufgrund seiner selten sonderlich feingeistigen Art, drohte Mandic ein parteiinternes Ausschlussverfahren, welches aber aus parteitaktischen Beweggr\u00fcnde heraus unter anderem von Alice Weidel vorl\u00e4ufig ausgebremst wurde<a href=\"#sdfootnote14sym\"><sup>14<\/sup><\/a>.<\/p>\n\n\n\n<p>Mandic forciert die innerparteilichen Grabenk\u00e4mpfe nicht nur, indem er beispielsweise sehr hart und \u00f6ffentlich gegen J\u00f6rg Meuthen &#8211; immerhin der Parteivorsitzende seiner eigenen Partei &#8211; schie\u00dft<a href=\"#sdfootnote15sym\"><sup>15<\/sup><\/a>, sondern auch, indem er seit Jahren versucht, seine Kontakte zu anderen rechten Hardlinern innerhalb der AfD weiter auszubauen. So scheute sich Mandic beispielsweise nicht, Anfang des Jahres der Einladung des notorischen Querulanten und Antisemiten<a href=\"#sdfootnote16sym\"><sup>16<\/sup><\/a> Stefan R\u00e4pple zu einer Kundgebung vor dem SWR-Geb\u00e4ude in Baden-Baden zu folgen und dort eine hetzerische Brandrede zu halten<a href=\"#sdfootnote17sym\"><sup>17<\/sup><\/a>.<\/p>\n\n\n\n<p>Ebenfalls enge Verbindung hat Mandic beispielsweise zu Markus Frohnmaier. Frohnmaier &#8211; mittlerweile Pressesprecher von Alice Weidel und Mitglied des Bundestages &#8211; kennt Mandic aus der gemeinsamen Zeit bei der Burschenschaft Saxo-Silesia. Auch inhaltlich stehen die beiden eng beieinander. Bemerkenswert ist in diesem Zusammenhang beispielsweise, dass Frohnmaier extra zur von Mandic initiierten Gr\u00fcndung der JA-Freiburg am 16.08.2015 in die R\u00e4umlichkeiten der Saxo-Silesia eingeladen wurde, und vor Ort mit einer Brandrede gl\u00e4nzen konnte<a href=\"#sdfootnote18sym\"><sup>18<\/sup><\/a>.<\/p>\n\n\n\n<p>Neben einer aggressiven Rhetorik teilen Frohnmaier und Mandic auch dieselben Bekanntschaften. Sowohl Mandic als auch Frohnmaier standen beispielsweise in der Vergangenheit im engen Kontakt mit dem Chef der Identit\u00e4ren Bewegung Martin Sellner. So warb Sellner unl\u00e4ngst f\u00fcr Mandics neustes Medienprojekt<a href=\"#sdfootnote19sym\"><sup>19<\/sup><\/a> (siehe Punkt 6), w\u00e4hrend sich Frohnmaier gleich \u00f6ffentlichkeitswirksam auf ein Pl\u00e4uschchen mit dem Chefideologen der IB in dessen Garten traf<a href=\"#sdfootnote20sym\"><sup>20<\/sup><\/a>. Erneut wird hier ersichtlich, welche engen Verbindungen zur au\u00dferparlamentarischen Rechten rund um Mandic und dessen politische Weggef\u00e4hrten bestehen.<\/p>\n\n\n\n<p>Ein weiterer Vertreter der Freiburger AfD-Kaderschmiede Saxo-Silesia ist Mandics politischer Mitstreiter Reimond Hoffmann. Hoffmann, der mittlerweile als Stadtrat in Rottweil t\u00e4tig ist, war gemeinsam mit Mandic sowohl Teil der Saxo-Silesia<a href=\"#sdfootnote21sym\"><sup>21<\/sup><\/a> als auch damit besch\u00e4ftigt, die JA in Freiburg aktivistisch auftreten zu lassen<a href=\"#sdfootnote22sym\"><sup>22<\/sup><\/a>. Politisch beheimatet ist Hoffmann bei der Identit\u00e4ren Bewegung und beim mittlerweile gescheiterten baden-w\u00fcrttembergischen PEGIDA-Ableger. So war Hoffmann mit anderen AfDlern aktiv daran beteiligt, PEGIDA Baden-W\u00fcrttemberg zu gr\u00fcnden<a href=\"#sdfootnote23sym\"><sup>23<\/sup><\/a>. Mandic teilte Hoffmanns Begeisterung f\u00fcr PEGIDA und war deshalb folgerichtig auch als Redner bei PEGIDA in Dresden eingeladen<a href=\"#sdfootnote24sym\"><sup>24<\/sup><\/a>. Wenig \u00fcberraschend, dass es Mandic auch hier gelungen ist, seine Kontakte auszubauen. So hielt er nicht nur eine Rede bei PEGIDA in Dresden und arbeitete in Freiburg mit PEGIDA-Anh\u00e4ngern wie Hoffmann oder Thomas Seitz<a href=\"#sdfootnote25sym\"><sup>25<\/sup><\/a> zusammen, sondern ist zudem mit PEGIDA-Chef Lutz Bachmann befreundet<a href=\"#sdfootnote26sym\"><sup>26<\/sup><\/a>.<\/p>\n\n\n\n<p>Aber auch zu den F\u00fchrungsfiguren des v\u00f6lkischen Fl\u00fcgels, allen voran Bj\u00f6rn H\u00f6cke und dem mittlerweile geschasste Andreas Kalbitz<a href=\"#sdfootnote27sym\"><sup>27<\/sup><\/a>, pflegt Mandic gute Kontakte und konnte Kalbitz beispielsweise zu einem Vortrag unter dem Titel \u201eDeutschland in Migrationsgewittern\u201c nach Hochdorf bei Freiburg laden<a href=\"#sdfootnote28sym\"><sup>28<\/sup><\/a>. Musste Mandic H\u00f6cke bei einem Interview im Rahmen des sogenannten Kyffh\u00e4usertreffens noch f\u00f6rmlich siezen<a href=\"#sdfootnote29sym\"><sup>29<\/sup><\/a>, ist man in diesem Jahr den folgerichtigen Schritt zum freundschaftlichen Du gegangen<a href=\"#sdfootnote30sym\"><sup>30<\/sup><\/a>. Offenbar wei\u00df auch der Chef des v\u00f6lkischen Fl\u00fcgels, was er an politischen Hardlinern wie Mandic hat. Doch selbst die graue Eminenz der AfD, Alexander Gauland scheint mit Mandic zumindest bekannt zu sein und hat offensichtlich auch kein gr\u00f6\u00dferes Problem damit, sich mit ihm und einem weiteren IBler fotografieren zu lassen<a href=\"#sdfootnote31sym\"><sup>31<\/sup><\/a>.<\/p>\n\n\n\n<p><strong>4. Mandic und sein Umgang mit der Corona-Pandemie<\/strong><\/p>\n\n\n\n<p>Ist sich die AfD in ihrem Umgang mit der Corona-Pandemie insgesamt noch uneinig \u00fcber einen einheitlichen Umgang, scheint die Parteirechte bereits relativ fr\u00fch ein politisches Vorgehen gefunden zu haben. Mandic fiel in der j\u00fcngeren Vergangenheit nicht nur dadurch auf, dass er durch diverse Aussagen und Handlungen die Notwendigkeit der Coronaauflagen in Frage stellte<a href=\"#sdfootnote32sym\"><sup>32<\/sup><\/a>, sondern auch dadurch, dass er bereits recht fr\u00fch versuchte, das Thema der Corona-Beschr\u00e4nkungen von rechts zu unterwandern. Sein Versuch, die Thematik in Form einer Kundgebung auf dem Platz der alten Synagoge am 2. Mai an sich zu rei\u00dfen, scheiterte zwar am entschlossenen Gegenprotest antifaschistischer Aktivist*innen, machte aber die dahinterstehende Intention offensichtlich. Mandic ging es bereits fr\u00fch darum, das Thema von rechts zu bespielen. Unter anderem durch seinen Umgang mit der Maskenpflicht, die er durch die Verwendung einer Karnevalsmaske ins L\u00e4cherliche zu ziehen suchte<a href=\"#sdfootnote33sym\"><sup>33<\/sup><\/a>, gab er eine Einladung an all diejenigen aus, die sich zu den Skeptiker*innen der Coronama\u00dfnahmen bzw. Querdenkern z\u00e4hlen und keinerlei Ber\u00fchrungs\u00e4ngste mit Rechten haben. Dass diese Taktik in Freiburg scheiterte, lag sicherlich auch am entschiedenen Gegenprotest in der Stadt. Mandic belie\u00df es nach dieser Erfahrung vorerst dabei, auf eigene politische Veranstaltungen mit Coronabezug zu verzichten. Allerdings trat er vereinzelt auf Kundgebungen der Querdenker in Freiburg in Erscheinung und politisch enge Weggef\u00e4hrten Mandics, wie etwa Robert Hagerman, geh\u00f6ren mittlerweile zum festen Personenkreis der Freiburger Querdenker und \u00fcbernehmen hier auch Verantwortlichkeiten<a href=\"#sdfootnote34sym\"><sup>34<\/sup><\/a>. Hagerman war es zudem, der auf der von Mandic initiierten Veranstaltung am 2. Mai eine vor Verschw\u00f6rungsideen und Coronaverharmlosung nur so strotzende Rede auf dem Platz der alten Synagoge hielt<a href=\"#sdfootnote35sym\"><sup>35<\/sup><\/a>. Trotz alledem ist es Mandic bisher nicht gelungen, eine enge Verbindung zu den Querdenkern in Freiburg aufzubauen. Es kann aber relativ sicher davon ausgegangen werden, dass er weiter versuchen wird, an diese Bewegung in irgendeiner Form anzudocken. Besonders mit Hinblick darauf, dass bundesweit ein \u00e4hnlicher Trend von Teilen der AfD zu beobachten ist. Sollten sich die Querdenker bundesweit nach Ereignissen wie Leipzig und Berlin weiter nach rechts \u00f6ffnen und radikalisieren, wird Dubravko Mandic sicherlich bereitstehen, um m\u00f6glicherweise politisches Kapital aus dieser Entwicklung zu schlagen.<\/p>\n\n\n\n<p><strong>5. Mandic, der <em>harte Kanten<\/em> innerhalb der AfD<\/strong><\/p>\n\n\n\n<p>Mandics Selbstdarstellung ist neben dem Versuch, den politischen Gegner herabzuw\u00fcrdigen auch davon gepr\u00e4gt, sich selbst oder die eigene Seite stets als \u00fcberlegen, k\u00e4mpferisch und standhaft darzustellen. Mandic bedient sich hierbei auch explizit Mitteln der Drohung und unverhohlenen Aufrufen zur Gewalt.<\/p>\n\n\n\n<p>Nachdem unl\u00e4ngst gerichtlich entschieden wurde, dass die Unmutsbekundung Freiburger Fu\u00dfballfans \u00fcber Mandic durch das Recht auf Meinungsfreiheit gedeckt ist, reagierte Mandic dementsprechend. Als Reaktion schrieb er auf Facebook:<\/p>\n\n\n\n<p>\u201eWer hat Lust mit mir und ein paar stabilen Patrioten auf der Nordtrib\u00fcne nach dem Rechten zu sehen?<a href=\"#sdfootnote36sym\"><sup>36<\/sup><\/a>\u201c<\/p>\n\n\n\n<p>Dies kann als offene Gewaltandrohung an diejenigen verstanden werden, die vorher von ihrem Recht auf freie Meinungs\u00e4u\u00dferung Gebrauch gemacht hatten. Ein vermutlich nicht allzu allt\u00e4glicher Vorgang eines Stadtrats in einer deutschen Gro\u00dfstadt. Aber ohnehin scheint Mandic kein sonderlich gro\u00dfes Bed\u00fcrfnis zu haben, sich in irgendeiner Form von Gewaltanwendung zur Durchsetzung politischer Interessen zu distanzieren. Vorl\u00e4ufiger provokativer H\u00f6hepunkt Mandics war das \u00f6ffentliche Tragen eines T-Shirts des sogenannten <em>Kampf der Nibelungen<\/em>. Der <em>Kampf der Nibelungen <\/em>(KdN) gilt als die gr\u00f6\u00dfte und wichtigste Kampfsportveranstaltung der neonazistischen Rechten in der BRD. Seit 2013 findet das KdN j\u00e4hrlich statt. Initiator ist u.a. der Dortmunder Faschist und Mitglied der Neonazipartei <em>Die Rechte<\/em>, Alexander Deptolla.<a href=\"#sdfootnote37sym\"><sup>37<\/sup><\/a> Dass nun ausgerechnet Dubravko Mandic, Vertreter einer angeblich demokratischen Partei im Freiburger Gemeinderat, ein T-Shirt des KdN derart offen zur Schau tr\u00e4gt, l\u00e4sst tief blicken und zeigt auf, dass Mandic offensichtlich keinerlei Abgrenzungsbed\u00fcrfnis zu gewaltt\u00e4tigen Neofaschisten besitzt.<\/p>\n\n\n\n<p>Dass es mitunter nicht nur bei reinen Worten bleibt, zeigen gleich mehrere Vorf\u00e4lle bei denen Mandic direkt in physische Auseinandersetzungen involviert war. So verletzte er zusammen mit Robert Hagerman im Jahre 2019 einen Passanten mit Reizgas sowie einer Eisenzange und wurde deshalb in erster Instanz wegen gef\u00e4hrlicher K\u00f6rperverletzung verurteilt und steht deshalb aktuell erneut vor Gericht<a href=\"#sdfootnote38sym\"><sup>38<\/sup><\/a>. Ebenfalls k\u00f6rperlich wurde es, als Mandic bei einer Veranstaltung einer anwesenden Journalistin das Handy aus der Hand riss. Auch hierf\u00fcr wurde der Anwalt juristisch belangt und wegen N\u00f6tigung verurteilt<a href=\"#sdfootnote39sym\"><sup>39<\/sup><\/a>. Auch erw\u00e4hnenswert ist zudem ein Vorfall, der sich im November 2019 in den R\u00e4umen der Freiburger Universit\u00e4t zutrug. Gemeinsam mit einigen treuen JA-Mitgliedern st\u00f6rte Mandic einen Vortrag<a href=\"#sdfootnote40sym\"><sup>40<\/sup><\/a>. Dabei provozierten er und weitere seiner Getreuen, es kam zu Rempeleien, Drohungen und Beleidigungen. All diese Vorf\u00e4lle zeigen nicht nur, dass Mandic mitunter zur Gewalt neigt. Vielmehr wird ersichtlich, dass der Stadtrat Gewalt als Mittel zu politischen Durchsetzung durchaus guthei\u00dft. Neben der Selbstinszenierung seiner eigenen Person als verbaler Provokateur, seinen fragw\u00fcrdigen Kontakten zu allerlei gewaltaffinen rechten Organisationen und der eigenen Gewaltt\u00e4tigkeit zeichnet sich das Bild eines Mannes, der zur reellen Gefahr f\u00fcr all diejenigen werden kann, die nicht seiner politischen Linie entsprechen<a href=\"#sdfootnote41sym\"><sup>41<\/sup><\/a>. Dass eine derartige Person in Freiburg das Amt eines Stadtrats bekleidet und dar\u00fcber hinaus als Anwalt arbeiten kann, ist eine Schande!<\/p>\n\n\n\n<p><strong>6. Ausblick: Mandic, ein innerparteilicher Querulant und rechter Influencer?<\/strong><\/p>\n\n\n\n<p>Mandics Auftreten ist vor allem auch gepr\u00e4gt von dem Versuch, die eigene Person hervorzuheben, dem politischen Gegner gegen\u00fcber St\u00e4rke zu demonstrieren, Drohungen auszusprechen, unverhohlen zu Gewalt aufzurufen und allgemein das Gegen\u00fcber abzuwerten. Dazu nutzt Mandic nahezu s\u00e4mtliche ihm zur Verf\u00fcgung stehenden M\u00f6glichkeiten. Seit einiger Zeit ist zu beobachten, dass Mandic auch die neuen Medien f\u00fcr sich entdeckt hat. Gleich mehrere Formate hat er in den vergangenen Jahren versucht zu etablieren. Zu Beginn interviewte Mandic ihm politisch nahestehende Personen wie beispielsweise Bj\u00f6rn H\u00f6cke, die das Angebot auch dankend annahmen.<\/p>\n\n\n\n<p>Mittlerweile hat sich Mandic allerdings von reiner Parteipropaganda recht deutlich gel\u00f6st. So bietet er beispielsweise auf seinen Medienkan\u00e4len auch AfD-Dissidenten wie Ralf \u00d6zkara eine Plattform und beteiligt sich gemeinsam mit ihm \u00f6ffentlichkeitswirksam an der Demontage des eigenen Parteivorsitzenden<a href=\"#sdfootnote42sym\"><sup>42<\/sup><\/a>. Mandic hat es verstanden, den Richtungskampf innerhalb der AfD auch \u00fcber die sozialen Netzwerke zu f\u00fchren. Auch seine bereits erw\u00e4hnten Kontakte \u00fcber die AfD hinaus, wei\u00df Mandic in seinen Formaten zu nutzen. Im seinem sogenannten <em>Metaraum<\/em> bot er den Rechtsrappern Chris Ares und Prototyp wiederholt eine Plattform, vermutlich um den Anschein einer jugendlichen und hippen Bewegung zu erwecken. Den Vorsto\u00df von Chris Ares, in Sachsen ein identit\u00e4res Jugendzentrum aufbauen zu wollen, unterst\u00fctzte Mandic wenig verwunderlich \u00e4u\u00dferst vehement, selbst gegen Stimmen aus der eigenen Partei<a href=\"#sdfootnote43sym\"><sup>43<\/sup><\/a>. Generell scheint es bei Mandic momentan angesagt zu sein, besonders offensiv in der \u00d6ffentlichkeit gegen scheinbar gem\u00e4\u00dfigte Kr\u00e4fte innerhalb der AfD vorzugehen. Rund um die Ausschlussaff\u00e4re um Andreas Kalbitz und weitere rechte Hardliner bezog Mandic unmissverst\u00e4ndlich Stellung und mahnte w\u00f6rtlich an:<\/p>\n\n\n\n<p>\u201eH\u00f6cke muss jetzt die Machtfrage stellen.\u201c Ansonsten sei sich Mandic nicht mehr sicher, ob \u201e(\u2026) die AfD die letzte ,evolution\u00e4re Chance\u2018 f\u00fcr dieses Land ist.<a href=\"#sdfootnote44sym\"><sup>44<\/sup><\/a>\u201c<\/p>\n\n\n\n<p>Mandic scheint keinerlei Problem damit zu haben, \u00f6ffentlich gegen Teile der eigenen Partei, inklusive der eigenen Parteif\u00fchrung, zu schie\u00dfen und es mag durchaus sein, dass er sich momentan einzig aus den bereits erw\u00e4hnten parteitaktischen \u00dcberlegungen Alice Weidels \u00fcberhaupt noch innerhalb der Partei befindet<a href=\"#sdfootnote45sym\"><sup>45<\/sup><\/a>. Eine Parteikarriere auf Teufel komm raus ist jedenfalls einer der wenigen Vorw\u00fcrfe, die wir Dubravko Mandic sicherlich nicht machen k\u00f6nnen.<\/p>\n\n\n\n<p>Dieser Einsch\u00e4tzung folgend, scheint es nur folgerichtig, dass Mandic zunehmend damit besch\u00e4ftigt zu sein scheint, seine Kontakte abseits der AfD weiter auszubauen, den eigenen Medienkanal voranzutreiben und sich als eine Art rechter Influencer zu bet\u00e4tigen. Neuestes Projekt ist <em>Ma<\/em><em>n<\/em><em>dics Mediathek<\/em>. Dieses Format erscheint in unregelm\u00e4\u00dfigen Abst\u00e4nden und hier arbeitet sich Mandic in bisher unbekannter Offenheit an politischen Themen ab. Dabei sprengt er regelm\u00e4\u00dfig die Grenzen jeglichen Geschmacks, sei es beispielsweise, indem er in seinen Videos tiefsten Rassismus gegen Schwarze \u00e4u\u00dfert, von <em>wei\u00dfer Rass<\/em><em>e<\/em> und <em>wei\u00dfe<\/em><em>n Br\u00fcdern<\/em> palavert und einen Apartheidsstaat herbeisehnt. Oder indem er Gewalt gegen Fl\u00fcchtlingshelfer*innen als <em>Volkszorn<a href=\"#sdfootnote46sym\"><sup>46<\/sup><\/a> <\/em><em>bezeichnet.<\/em> Er ist sich in diesem Format nicht einmal zu schade, den white supremacist und Rassentheoretiker Jared Taylor in seine Videos einzubauen<a href=\"#sdfootnote47sym\"><sup>47<\/sup><\/a>. Kaum weiter erw\u00e4hnenswert, dass Mandic sich hier auch an bekannten rechten Verschw\u00f6rungstheorien wie dem sogenannten <em>Gro\u00dfen Austauschs<\/em> bedient<a href=\"#sdfootnote48sym\"><sup>48<\/sup><\/a>. Die Theorie des <em>Gro\u00dfe<\/em><em>n<\/em><em> Austausch<\/em><em>s<\/em> behauptet, dass die einheimische deutsche Bev\u00f6lkerung aufgrund eines vermeintlich gr\u00f6\u00dferen Plans langfristig durch Migrant*innen ausgetauscht werden soll. Diese krude Theorie findet sich nicht nur in weiten Teilen der AfD und IB wieder, sondern geh\u00f6rt auch zum ideologischen Fundament rechts-terroristischer Gewaltt\u00e4ter wie beispielsweise dem Attent\u00e4ter von Christchurch<a href=\"#sdfootnote49sym\"><sup>49<\/sup><\/a>.<\/p>\n\n\n\n<p>Es ist schon auff\u00e4llig mit welchem Selbstbewusstsein Mandic agiert. Wenn selbst das Tragen neofaschistischer Kleidung, wie einem <em>Kampf der Nibelungen-<\/em>Shirt zu keinem gr\u00f6\u00dferen Aufschrei f\u00fchrt, ist es wohl auch nicht mehr weiter erw\u00e4hnenswert, wenn ein Freiburger Stadtrat sein Gesicht auf einen bewaffneten rechten Milizion\u00e4r der sogenannten <em>Boogaloo-Bewegung <\/em>photoshoppt und dabei offensichtlich auf t\u00f6dliche Angriffe wei\u00dfer Rassisten auf Black Lives Matter Aktivist*innen in den USA anspielt<a href=\"#sdfootnote50sym\"><sup>50<\/sup><\/a>.<\/p>\n\n\n\n<p>Die Zukunft wird zeigen, inwiefern sich Mandic noch weiter radikalisiert und ob das seinen (partei-)politischen Ambitionen eher schadet oder hilft. Klar ist jedenfalls, dass Mandic &#8211; von dem vor einigen Monaten noch einige erwartet hatten, dass er wohl das parteipolitische Schicksal eines Andreas Kalbitz teilen w\u00fcrde &#8211; ersteinmal Teil der AfD bleiben wird. Allen verbalradikalen Entgleisungen, physischen Gewaltt\u00e4tigkeiten und geschmacklosen Tabubr\u00fcchen zum Trotz, tritt Mandic bei der kommenden Landtagswahl 2021 in L\u00f6rrach an. Dort konnte er sich gegen die Konkurrenz aus den eigenen Reihen deutlich durchsetzen. Ob er auch zus\u00e4tzlich in Freiburg antreten wird, hat er bisher zumindest noch nicht ausgeschlossen.<\/p>\n\n\n\n<p>Dubravko Mandic, der rechte Netzwerker, Rassist und Gewaltt\u00e4ter mit deutlichem Hang zum Narzissmus, wird auch in absehbarer Zukunft die politische B\u00fchne in Freiburg nicht verlassen und alles in seiner Macht Stehende tun, um die AfD weiter zu radikalisieren. Dass die Badische Zeitung ihm und seinem Parteikl\u00fcngel in Freiburg unn\u00f6tigerweise zu einer reichweitenstarken Ver\u00f6ffentlichung verholfen hat ist in diesem Zusammenhang nat\u00fcrlich absolut verurteilenswert.<\/p>\n\n\n\n<p><\/p>\n\n\n\n<p><strong>Pressekontakt:<\/strong><\/p>\n\n\n\n<p>Nils Bornstedt<\/p>\n\n\n\n<p>info@antifaschistische-linke.de<\/p>\n\n\n\n<p><\/p>\n\n\n\n<p><strong>Weiterf\u00fchrende Informationen:<\/strong><\/p>\n\n\n\n<p>Rechercheplattform zur Identit\u00e4ren Bewegung: <\/p>\n\n\n\n<p><a href=\"https:\/\/threadreaderapp.com\/thread\/1303941351969611776.html\">https:\/\/threadreaderapp.com\/thread\/1303941351969611776.html<\/a><\/p>\n\n\n\n<p>IBster Watch. \u00dcber \u201eIdentit\u00e4re\u201c im Raum Halle\/Leipzig: <\/p>\n\n\n\n<p><a href=\"https:\/\/ibster.noblogs.org\/mitglieder-der-identitaren-bewegung-leipzig\/\" data-type=\"URL\" data-id=\"https:\/\/ibster.noblogs.org\/mitglieder-der-identitaren-bewegung-leipzig\/\">https:\/\/ibster.noblogs.org\/mitglieder-der-identitaren-bewegung-leipzig\/<\/a><\/p>\n\n\n\n<div class=\"is-layout-flow wp-block-group\"><div class=\"wp-block-group__inner-container\"><\/div><\/div>\n\n\n\n<p>Antifaschistische Linke Freiburg (iL):<\/p>\n\n\n\n<p><a href=\"http:\/\/www.antifaschistische-linke.de\/\">www.antifaschistische-linke.de<\/a><\/p>\n\n\n\n<p><\/p>\n\n\n\n<p><strong>Fu\u00dfnoten:<\/strong><\/p>\n\n\n\n<p><a href=\"#sdfootnote1anc\">1<\/a>Mandic ordnet das Verh\u00e4ltnis der AfD zur NPD folgenderma\u00dfen ein: \u201eVon der NPD unterscheiden wir uns vornehmlich durch unser b\u00fcrgerliches Unterst\u00fctzerumfeld, nicht so sehr durch Inhalte.\u201c Vgl.:<a href=\"https:\/\/www1.wdr.de\/daserste\/monitor\/sendungen\/offener-rassismus-100.html\">https:\/\/www1.wdr.de\/daserste\/monitor\/sendungen\/offener-rassismus-100.html<\/a><\/p>\n\n\n\n<p><a href=\"#sdfootnote2anc\">2<\/a> Vgl.: <a href=\"https:\/\/www.badische-zeitung.de\/durchsuchung-bei-afd-politiker-mandic-in-freiburg--128635312.html\">https:\/\/www.badische-zeitung.de\/durchsuchung-bei-afd-politiker-mandic-in-freiburg&#8211;128635312.html<\/a><\/p>\n\n\n\n<p><a href=\"#sdfootnote3anc\">3<\/a>Aufgrund diverser alkoholgeschw\u00e4ngerter Eskapaden, in Zusammenhang mit Nazimusik und Hitlergr\u00fc\u00dfen im Hause der Saxo-Silesia, lief gegen den alten Herren Dubravko Mandic ein bundinternes Ehrengerichtsverfahren der Saxo-Silesia. Vgl.: https:\/\/www.badische-zeitung.de\/vorwuerfe-gegen-afd-politiker-mandic-wegen-rechtsradikalismus&#8211;120439954.html<\/p>\n\n\n\n<p><a href=\"#sdfootnote4anc\">4<\/a>Vgl. Brosch\u00fcre <em>Know your enemy<\/em> S. 19 ff.<\/p>\n\n\n\n<p><a href=\"#sdfootnote5anc\">5<\/a>Vgl. ebd.<\/p>\n\n\n\n<p><a href=\"#sdfootnote6anc\">6<\/a>Mandic fordert eine enge Zusammenarbeit zwischen der AfD und der Identit\u00e4ren Bewegung. Vgl.: <a href=\"https:\/\/www.swr.de\/swraktuell\/bw\/afd-will-mit-identitaerer-bewegung-zusammenarbeiten\/-\/id=1622\/did=17721386\/nid=1622\/1vkx4d6\/index.html\">https:\/\/www.swr.de\/swraktuell\/bw\/afd-will-mit-identitaerer-bewegung-zusammenarbeiten\/-\/id=1622\/did=17721386\/nid=1622\/1vkx4d6\/index.html<\/a><\/p>\n\n\n\n<p><a href=\"#sdfootnote7anc\">7<\/a>Identit\u00e4re zu Besuch in Schnellroda. Vgl.: <a href=\"https:\/\/www.flickr.com\/photos\/simontelemann\/albums\/72157680453911545\/\">https:\/\/www.flickr.com\/photos\/simontelemann\/albums\/72157680453911545\/<\/a><\/p>\n\n\n\n<p><a href=\"#sdfootnote8anc\">8<\/a>Vgl.: <a href=\"https:\/\/www.youtube.com\/watch?v=lOljzRmuL9A\">https:\/\/www.youtube.com\/watch?v=lOljzRmuL9A<\/a><\/p>\n\n\n\n<p><a href=\"#sdfootnote9anc\">9<\/a>Vgl. Brosch\u00fcre <em>Know your enemy<\/em> S. 5<\/p>\n\n\n\n<p><a href=\"#sdfootnote10anc\">10<\/a>Foto 1: Mandic und Felix Koschkar auf Demonstration der Identit\u00e4ren Bewegung in Wien am 11.06.2016.<\/p>\n\n\n\n<figure class=\"wp-block-image size-large\"><img decoding=\"async\" loading=\"lazy\" width=\"980\" height=\"551\" src=\"https:\/\/www.antifaschistische-linke.de\/wp-content\/uploads\/1-Mandic-und-Felix-Koschkar-auf-Demonstration-der-Identitaeren-Bewegung-in-Wien-am-11.06.2016.cleaned.jpg\" alt=\"\" class=\"wp-image-6890\" srcset=\"https:\/\/www.antifaschistische-linke.de\/wp-content\/uploads\/1-Mandic-und-Felix-Koschkar-auf-Demonstration-der-Identitaeren-Bewegung-in-Wien-am-11.06.2016.cleaned.jpg 980w, https:\/\/www.antifaschistische-linke.de\/wp-content\/uploads\/1-Mandic-und-Felix-Koschkar-auf-Demonstration-der-Identitaeren-Bewegung-in-Wien-am-11.06.2016.cleaned-300x169.jpg 300w\" sizes=\"(max-width: 980px) 100vw, 980px\" \/><\/figure>\n\n\n\n<p><a href=\"#sdfootnote11anc\">11<\/a>Dubravko Madic, Moritz Busam (ehemals JA-Freiburg) sowie Jonathan Rudolph (Leiter der IB-T\u00fcbingen) machen ganz ungeniert das Zeichen der rassistischen <em>white power<\/em>-Bewegung. Vgl. Brosch\u00fcre <em>Know your enemy<\/em> S. 27<\/p>\n\n\n\n<p><a href=\"#sdfootnote12anc\">12<\/a>Foto 2: Mandic bewirbt auf Facebook Aktionen der Identit\u00e4ren Bewegung<\/p>\n\n\n\n<figure class=\"wp-block-image size-large\"><img decoding=\"async\" loading=\"lazy\" width=\"1024\" height=\"349\" src=\"https:\/\/www.antifaschistische-linke.de\/wp-content\/uploads\/2-Mandic-bewirbt-Aktionen-der-IB.cleaned-1024x349.jpg\" alt=\"\" class=\"wp-image-6891\" srcset=\"https:\/\/www.antifaschistische-linke.de\/wp-content\/uploads\/2-Mandic-bewirbt-Aktionen-der-IB.cleaned-1024x349.jpg 1024w, https:\/\/www.antifaschistische-linke.de\/wp-content\/uploads\/2-Mandic-bewirbt-Aktionen-der-IB.cleaned-300x102.jpg 300w, https:\/\/www.antifaschistische-linke.de\/wp-content\/uploads\/2-Mandic-bewirbt-Aktionen-der-IB.cleaned.jpg 1165w\" sizes=\"(max-width: 1024px) 100vw, 1024px\" \/><\/figure>\n\n\n\n<figure class=\"wp-block-image size-large\"><img decoding=\"async\" loading=\"lazy\" width=\"971\" height=\"533\" src=\"https:\/\/www.antifaschistische-linke.de\/wp-content\/uploads\/Mandic-mit-IB-Merch.cleaned.jpg\" alt=\"\" class=\"wp-image-6903\" srcset=\"https:\/\/www.antifaschistische-linke.de\/wp-content\/uploads\/Mandic-mit-IB-Merch.cleaned.jpg 971w, https:\/\/www.antifaschistische-linke.de\/wp-content\/uploads\/Mandic-mit-IB-Merch.cleaned-300x165.jpg 300w\" sizes=\"(max-width: 971px) 100vw, 971px\" \/><\/figure>\n\n\n\n<p><a href=\"#sdfootnote13anc\">13<\/a>Foto 3: Mandic tr\u00e4gt ein T-Shirt der Identit\u00e4ren Bewegung<\/p>\n\n\n\n<figure class=\"wp-block-image size-large\"><img decoding=\"async\" loading=\"lazy\" width=\"172\" height=\"360\" src=\"https:\/\/www.antifaschistische-linke.de\/wp-content\/uploads\/3-Mandic-traegt-IB-shirt.cleaned.png\" alt=\"\" class=\"wp-image-6892\" srcset=\"https:\/\/www.antifaschistische-linke.de\/wp-content\/uploads\/3-Mandic-traegt-IB-shirt.cleaned.png 172w, https:\/\/www.antifaschistische-linke.de\/wp-content\/uploads\/3-Mandic-traegt-IB-shirt.cleaned-143x300.png 143w\" sizes=\"(max-width: 172px) 100vw, 172px\" \/><\/figure>\n\n\n\n<p><a href=\"#sdfootnote14anc\">14<\/a>Alice Weidel verschleppt Mandics Ausschlussverfahren aus machtpolitischen Beweggr\u00fcnden. Vgl.: <a href=\"https:\/\/www.tagesschau.de\/investigativ\/ndr-wdr\/afd-mandic-101.html\">https:\/\/www.tagesschau.de\/investigativ\/ndr-wdr\/afd-mandic-101.html<\/a><\/p>\n\n\n\n<p><a href=\"#sdfootnote15anc\">15<\/a>Vgl.: <a href=\"https:\/\/www.baden.fm\/nachrichten\/freiburger-stadtrat-dubravko-mandic-fliegt-nicht-aus-afd-677302\/\">https:\/\/www.baden.fm\/nachrichten\/freiburger-stadtrat-dubravko-mandic-fliegt-nicht-aus-afd-677302\/<\/a><\/p>\n\n\n\n<p><a href=\"#sdfootnote16anc\">16<\/a>Stefan R\u00e4pple wurde aufgrund vielfacher Entgleisungen im September 2020 aus der AfD-Landtagsfraktion ausgeschlossen. Hintergrund war unter anderem seine N\u00e4he zum Antisemiten Wolfgang Gedeon, sowie sein wiederholter Kontakt zu weiteren Personen der rechten Szene. Den Stein endg\u00fcltig ins Rollen brachte der Aufruf R\u00e4pples, die Regierung gewaltsam st\u00fcrzen zu wollen. Eine Aufforderung, die sich auch schon Mandic leistete, indem er im Nachhinein zu den US-Wahlen Verst\u00e4ndnis f\u00fcr diejenigen \u00e4u\u00dferte, die sich jetzt bewaffnen.<\/p>\n\n\n\n<p>Vgl.: <a href=\"https:\/\/www.swr.de\/swraktuell\/baden-wuerttemberg\/raepple-ausschluss-afd-100.html\">https:\/\/www.swr.de\/swraktuell\/baden-wuerttemberg\/raepple-ausschluss-afd-100.html<\/a><\/p>\n\n\n\n<p>Vgl.: Foto 4: Mandic \u00e4u\u00dfert Verst\u00e4ndnis f\u00fcr bewaffnete Rechte in den USA, die den Ausgang der Wahl anfechten wollen.<\/p>\n\n\n\n<figure class=\"wp-block-image size-large\"><img decoding=\"async\" loading=\"lazy\" width=\"1024\" height=\"755\" src=\"https:\/\/www.antifaschistische-linke.de\/wp-content\/uploads\/4-Dubravko-Mandics-Kommentar-zur-US-Wahl.cleaned-1024x755.jpeg\" alt=\"\" class=\"wp-image-6893\" srcset=\"https:\/\/www.antifaschistische-linke.de\/wp-content\/uploads\/4-Dubravko-Mandics-Kommentar-zur-US-Wahl.cleaned-1024x755.jpeg 1024w, https:\/\/www.antifaschistische-linke.de\/wp-content\/uploads\/4-Dubravko-Mandics-Kommentar-zur-US-Wahl.cleaned-300x221.jpeg 300w, https:\/\/www.antifaschistische-linke.de\/wp-content\/uploads\/4-Dubravko-Mandics-Kommentar-zur-US-Wahl.cleaned.jpeg 1079w\" sizes=\"(max-width: 1024px) 100vw, 1024px\" \/><\/figure>\n\n\n\n<p><a href=\"#sdfootnote17anc\">17<\/a><a href=\"https:\/\/www.youtube.com\/watch?v=iYOj8dY0G78\">https:\/\/www.youtube.com\/watch?v=iYOj8dY0G78<\/a><\/p>\n\n\n\n<p><a href=\"#sdfootnote18anc\">18<\/a>Vgl. Brosch\u00fcre <em>Know your enemy <\/em>S. 11<\/p>\n\n\n\n<p><a href=\"#sdfootnote19anc\">19<\/a>Foto 5: Martin Sellner (Chef der IB) bewirbt Mandics Medienaktivit\u00e4ten<\/p>\n\n\n\n<figure class=\"wp-block-image size-large\"><img decoding=\"async\" loading=\"lazy\" width=\"483\" height=\"163\" src=\"https:\/\/www.antifaschistische-linke.de\/wp-content\/uploads\/5-Sellner-bewirbt-Mandic.cleaned.png\" alt=\"\" class=\"wp-image-6894\" srcset=\"https:\/\/www.antifaschistische-linke.de\/wp-content\/uploads\/5-Sellner-bewirbt-Mandic.cleaned.png 483w, https:\/\/www.antifaschistische-linke.de\/wp-content\/uploads\/5-Sellner-bewirbt-Mandic.cleaned-300x101.png 300w\" sizes=\"(max-width: 483px) 100vw, 483px\" \/><\/figure>\n\n\n\n<p><a href=\"#sdfootnote20anc\">20<\/a>Vgl. Brosch\u00fcre <em>Know your enemy <\/em>S. 12<\/p>\n\n\n\n<p><a href=\"#sdfootnote21anc\">21<\/a>Foto 6: Mandic, Hoffmann und weitere Silesen auf der Wartburg<\/p>\n\n\n\n<figure class=\"wp-block-image size-large\"><img decoding=\"async\" loading=\"lazy\" width=\"1024\" height=\"517\" src=\"https:\/\/www.antifaschistische-linke.de\/wp-content\/uploads\/6-Mandic-Hoffmann-ganz-links-und-weitere-Silesen-auf-der-Wartburg.cleaned-1024x517.jpg\" alt=\"\" class=\"wp-image-6895\" srcset=\"https:\/\/www.antifaschistische-linke.de\/wp-content\/uploads\/6-Mandic-Hoffmann-ganz-links-und-weitere-Silesen-auf-der-Wartburg.cleaned-1024x517.jpg 1024w, https:\/\/www.antifaschistische-linke.de\/wp-content\/uploads\/6-Mandic-Hoffmann-ganz-links-und-weitere-Silesen-auf-der-Wartburg.cleaned-300x151.jpg 300w, https:\/\/www.antifaschistische-linke.de\/wp-content\/uploads\/6-Mandic-Hoffmann-ganz-links-und-weitere-Silesen-auf-der-Wartburg.cleaned.jpg 1147w\" sizes=\"(max-width: 1024px) 100vw, 1024px\" \/><\/figure>\n\n\n\n<p><a href=\"#sdfootnote22anc\">22<\/a>Hoffmann und weitere JAler organisieren eine Aktion in Freiburg. Vgl. Brosch\u00fcre <em>Know your enemy <\/em>S. 7<\/p>\n\n\n\n<p><a href=\"#sdfootnote23anc\">23<\/a>Vgl. Brosch\u00fcre <em>Know your enemy <\/em>S. 7<\/p>\n\n\n\n<p><a href=\"#sdfootnote24anc\">24<\/a>Mandic h\u00e4lt eine Rede am 18.09.2017 bei PEGIDA in Dresden. Vgl.: <a href=\"https:\/\/www.youtube.com\/watch?v=YaCkPiTGx7M\">https:\/\/www.youtube.com\/watch?v=YaCkPiTGx7M<\/a><\/p>\n\n\n\n<p><a href=\"#sdfootnote25anc\">25<\/a>Vgl. Brosch\u00fcre <em>Know your enemy <\/em>S. 14<\/p>\n\n\n\n<p><a href=\"#sdfootnote26anc\">26<\/a>Foto 7: J\u00fcrgen Els\u00e4sser (Herausgeber des neurechten Compact-Magazins), Lutz Bachmann (Hauptinitiator bei PEGIDA) und Dubravko Mandic in freundschaftlicher Runde.<\/p>\n\n\n\n<figure class=\"wp-block-image size-large\"><img decoding=\"async\" loading=\"lazy\" width=\"669\" height=\"435\" src=\"https:\/\/www.antifaschistische-linke.de\/wp-content\/uploads\/7-Juergen-Elsaesser-Herausgeber-des-neurechten-Compact-Magazins-Lutz-Bachmann-Hauptinitiator-bei-PEGIDA-und-Dubravko-Mandic.cleaned.png\" alt=\"\" class=\"wp-image-6896\" srcset=\"https:\/\/www.antifaschistische-linke.de\/wp-content\/uploads\/7-Juergen-Elsaesser-Herausgeber-des-neurechten-Compact-Magazins-Lutz-Bachmann-Hauptinitiator-bei-PEGIDA-und-Dubravko-Mandic.cleaned.png 669w, https:\/\/www.antifaschistische-linke.de\/wp-content\/uploads\/7-Juergen-Elsaesser-Herausgeber-des-neurechten-Compact-Magazins-Lutz-Bachmann-Hauptinitiator-bei-PEGIDA-und-Dubravko-Mandic.cleaned-300x195.png 300w\" sizes=\"(max-width: 669px) 100vw, 669px\" \/><\/figure>\n\n\n\n<p><a href=\"#sdfootnote27anc\">27<\/a>Foto 8: Dubravko Mandic und Andreas Kalbitz<\/p>\n\n\n\n<figure class=\"wp-block-image size-large\"><img decoding=\"async\" loading=\"lazy\" width=\"502\" height=\"511\" src=\"https:\/\/www.antifaschistische-linke.de\/wp-content\/uploads\/8-Andreas-Kalbitz-und-Dubravko-Mandic.cleaned.png\" alt=\"\" class=\"wp-image-6897\" srcset=\"https:\/\/www.antifaschistische-linke.de\/wp-content\/uploads\/8-Andreas-Kalbitz-und-Dubravko-Mandic.cleaned.png 502w, https:\/\/www.antifaschistische-linke.de\/wp-content\/uploads\/8-Andreas-Kalbitz-und-Dubravko-Mandic.cleaned-295x300.png 295w, https:\/\/www.antifaschistische-linke.de\/wp-content\/uploads\/8-Andreas-Kalbitz-und-Dubravko-Mandic.cleaned-50x50.png 50w, https:\/\/www.antifaschistische-linke.de\/wp-content\/uploads\/8-Andreas-Kalbitz-und-Dubravko-Mandic.cleaned-80x80.png 80w\" sizes=\"(max-width: 502px) 100vw, 502px\" \/><\/figure>\n\n\n\n<p><a href=\"#sdfootnote28anc\">28<\/a><a href=\"https:\/\/www.youtube.com\/watch?v=JoCwpjV6c7w\">https:\/\/www.youtube.com\/watch?v=JoCwpjV6c7w<\/a><\/p>\n\n\n\n<p><a href=\"#sdfootnote29anc\">29<\/a><a href=\"https:\/\/www.youtube.com\/watch?v=cWuD4WNwK54\">https:\/\/www.youtube.com\/watch?v=cWuD4WNwK54<\/a><\/p>\n\n\n\n<p><a href=\"#sdfootnote30anc\">30<\/a><a href=\"https:\/\/www.youtube.com\/watch?v=mr6RLXzjenM\">https:\/\/www.youtube.com\/watch?v=mr6RLXzjenM<\/a><\/p>\n\n\n\n<p><a href=\"#sdfootnote31anc\">31<\/a>Foto 9: Dubravko Mandic, Alexander Gauland und der identit\u00e4re Felix Koschkar auf dem Festkommers der deutschen Burschenschaft 2016.<\/p>\n\n\n\n<figure class=\"wp-block-image size-large\"><img decoding=\"async\" loading=\"lazy\" width=\"223\" height=\"300\" src=\"https:\/\/www.antifaschistische-linke.de\/wp-content\/uploads\/9-Koschkar-Mandic-und-Gauland-auf-dem-Festkommers-der-deutschen-Burschenschaft-2016.cleaned.png\" alt=\"\" class=\"wp-image-6898\"\/><\/figure>\n\n\n\n<p><a href=\"#sdfootnote32anc\">32<\/a>Dubravko Mandic bezeichnet Corona als eine <em>angebliche Pandemie<\/em>. Vgl. ab Minute 7:09 <a href=\"https:\/\/www.youtube.com\/watch?v=HsLxXCWeeVM\">https:\/\/www.youtube.com\/watch?v=HsLxXCWeeVM<\/a><\/p>\n\n\n\n<p><a href=\"#sdfootnote33anc\">33<\/a>Foto 10: Mandic macht sich \u00fcber die Maskenverordnung lustig, indem er eine Karnevalsmaske tr\u00e4gt. Erst nach mehrmaliger Aufforderung durch die Polizei l\u00e4sst er sich dazu herab, einen wirksamen Mund-Nasenschutz anzulegen.<\/p>\n\n\n\n<figure class=\"wp-block-image size-large\"><img decoding=\"async\" loading=\"lazy\" width=\"1024\" height=\"681\" src=\"https:\/\/www.antifaschistische-linke.de\/wp-content\/uploads\/10-Mandic-auf-der-Kundgebung-am-2.5.2020.cleaned-1024x681.jpg\" alt=\"\" class=\"wp-image-6899\" srcset=\"https:\/\/www.antifaschistische-linke.de\/wp-content\/uploads\/10-Mandic-auf-der-Kundgebung-am-2.5.2020.cleaned-1024x681.jpg 1024w, https:\/\/www.antifaschistische-linke.de\/wp-content\/uploads\/10-Mandic-auf-der-Kundgebung-am-2.5.2020.cleaned-300x199.jpg 300w, https:\/\/www.antifaschistische-linke.de\/wp-content\/uploads\/10-Mandic-auf-der-Kundgebung-am-2.5.2020.cleaned-1536x1021.jpg 1536w, https:\/\/www.antifaschistische-linke.de\/wp-content\/uploads\/10-Mandic-auf-der-Kundgebung-am-2.5.2020.cleaned-2048x1362.jpg 2048w\" sizes=\"(max-width: 1024px) 100vw, 1024px\" \/><\/figure>\n\n\n\n<p><a href=\"#sdfootnote34anc\">34<\/a>Vgl.: <a href=\"https:\/\/rdl.de\/beitrag\/kein-mund-nasen-schutz-aber-ein-maulkorb-f-r-die-medien\">https:\/\/rdl.de\/beitrag\/kein-mund-nasen-schutz-aber-ein-maulkorb-f-r-die-medien<\/a><\/p>\n\n\n\n<p><a href=\"#sdfootnote35anc\">35<\/a><a href=\"https:\/\/www.youtube.com\/watch?v=3kVDw3FoZ7Y\">https:\/\/www.youtube.com\/watch?v=3kVDw3FoZ7Y<\/a><\/p>\n\n\n\n<p><a href=\"#sdfootnote36anc\">36<\/a>Foto 11: Der Freiburger Stadtrat(!) Mandic bedroht Freiburger Fu\u00dfballfans ganz unverhohlen mit Gewalt.<\/p>\n\n\n\n<figure class=\"wp-block-image size-large\"><img decoding=\"async\" loading=\"lazy\" width=\"488\" height=\"403\" src=\"https:\/\/www.antifaschistische-linke.de\/wp-content\/uploads\/11-Mandic-bedroht-Freiburger-Fussballfans.cleaned.png\" alt=\"\" class=\"wp-image-6900\" srcset=\"https:\/\/www.antifaschistische-linke.de\/wp-content\/uploads\/11-Mandic-bedroht-Freiburger-Fussballfans.cleaned.png 488w, https:\/\/www.antifaschistische-linke.de\/wp-content\/uploads\/11-Mandic-bedroht-Freiburger-Fussballfans.cleaned-300x248.png 300w\" sizes=\"(max-width: 488px) 100vw, 488px\" \/><\/figure>\n\n\n\n<p><a href=\"#sdfootnote37anc\">37<\/a>Vgl. Pressemitteilung der ALFR. Freiburger Stadtrat Dubravko Mandic (AfD) provoziert mit offen faschistischer Symbolik: <a href=\"https:\/\/www.antifaschistische-linke.de\/?p=6857\">https:\/\/www.antifaschistische-linke.de\/?p=6857<\/a><\/p>\n\n\n\n<p><a href=\"#sdfootnote38anc\">38<\/a>Vgl.: <a href=\"https:\/\/rdl.de\/beitrag\/pfefferspray-und-schl-ge-mit-einer-zange-afd-mandic-und-hagerman-bei-einer-zweifelhaften\">https:\/\/rdl.de\/beitrag\/pfefferspray-und-schl-ge-mit-einer-zange-afd-mandic-und-hagerman-bei-einer-zweifelhaften<\/a>,<\/p>\n\n\n\n<figure class=\"wp-block-embed\"><div class=\"wp-block-embed__wrapper\">\nhttps:\/\/rdl.de\/beitrag\/freiburger-afd-stadrat-vor-gericht-wegen-gef-hrlicher-k-rperverletzung\n<\/div><\/figure>\n\n\n\n<p><a href=\"#sdfootnote39anc\">39<\/a>Vgl.: <a href=\"https:\/\/www.badische-zeitung.de\/freiburger-afd-stadtrat-dubravko-mandic-wegen-noetigung-verurteilt--197932076.html\">https:\/\/www.badische-zeitung.de\/freiburger-afd-stadtrat-dubravko-mandic-wegen-noetigung-verurteilt&#8211;197932076.html<\/a><\/p>\n\n\n\n<p><a href=\"#sdfootnote40anc\">40<\/a> Vgl.: <a href=\"https:\/\/rdl.de\/beitrag\/uni-freiburg-pr-ft-rechtliche-schritte-wegen-hausfriedensbruchs-gegen-\">https:\/\/rdl.de\/beitrag\/uni-freiburg-pr-ft-rechtliche-schritte-wegen-hausfriedensbruchs-gegen-<\/a><a href=\"https:\/\/rdl.de\/beitrag\/uni-freiburg-pr-ft-rechtliche-schritte-wegen-hausfriedensbruchs-gegen-gruppe-um-dubravko\"> gruppe-um-dubravko<\/a><\/p>\n\n\n\n<p><a href=\"#sdfootnote41anc\">41<\/a>Foto 12: Dubravko Mandic m\u00f6chte nach der Macht\u00fcbernahme hunderttausende politische Gegner*innen <em>entsorgen<\/em>.<\/p>\n\n\n\n<figure class=\"wp-block-image size-large\"><img decoding=\"async\" loading=\"lazy\" width=\"260\" height=\"380\" src=\"https:\/\/www.antifaschistische-linke.de\/wp-content\/uploads\/12-Mandics-Allmachtsfantasien.cleaned.png\" alt=\"\" class=\"wp-image-6901\" srcset=\"https:\/\/www.antifaschistische-linke.de\/wp-content\/uploads\/12-Mandics-Allmachtsfantasien.cleaned.png 260w, https:\/\/www.antifaschistische-linke.de\/wp-content\/uploads\/12-Mandics-Allmachtsfantasien.cleaned-205x300.png 205w\" sizes=\"(max-width: 260px) 100vw, 260px\" \/><\/figure>\n\n\n\n<p><a href=\"#sdfootnote42anc\">42<\/a>Vgl.: <a href=\"https:\/\/www.youtube.com\/watch?v=xhr-Rmm6p2M&amp;pbjreload=101\">https:\/\/www.youtube.com\/watch?v=xhr-Rmm6p2M&amp;pbjreload=101<\/a><\/p>\n\n\n\n<p><a href=\"#sdfootnote43anc\">43<\/a>Vgl.: <a href=\"https:\/\/www.youtube.com\/watch?v=lsLugOlS0a4&amp;pbjreload=101\">https:\/\/www.youtube.com\/watch?v=lsLugOlS0a4&amp;pbjreload=101<\/a><\/p>\n\n\n\n<p><a href=\"#sdfootnote44anc\">44<\/a>Vgl.: Facebook Post von Dubravko Mandic vom 31.07.<\/p>\n\n\n\n<p><a href=\"#sdfootnote45anc\">45<\/a>Vgl.: <a href=\"https:\/\/www.tagesschau.de\/investigativ\/ndr-wdr\/afd-mandic-101.html\">https:\/\/www.tagesschau.de\/investigativ\/ndr-wdr\/afd-mandic-101.html<\/a><\/p>\n\n\n\n<p><a href=\"#sdfootnote46anc\">46<\/a>Vgl.: <a href=\"https:\/\/www.youtube.com\/watch?v=_iAQ46rCICQ\">https:\/\/www.youtube.com\/watch?v=_iAQ46rCICQ<\/a><\/p>\n\n\n\n<p><a href=\"#sdfootnote47anc\">47<\/a>Vgl.: <a href=\"https:\/\/www.youtube.com\/watch?v=2h-7dGwR2Uk\">https:\/\/www.youtube.com\/watch?v=2h-7dGwR2Uk<\/a><\/p>\n\n\n\n<p><a href=\"#sdfootnote48anc\">48<\/a>Vgl.: <a href=\"https:\/\/www.youtube.com\/watch?v=_iAQ46rCICQ\">https:\/\/www.youtube.com\/watch?v=_iAQ46rCICQ<\/a><\/p>\n\n\n\n<p><a href=\"#sdfootnote49anc\">49<\/a>Vgl.: <a href=\"https:\/\/www.deutschlandfunk.de\/nachgefragt-der-attentaeter-und-die-verschwoerungstheorie.2852.de.html?dram:article_id=443921\">https:\/\/www.deutschlandfunk.de\/nachgefragt-der-attentaeter-und-die-verschwoerungstheorie.2852.de.html?dram:article_id=443921<\/a><\/p>\n\n\n\n<p><a href=\"#sdfootnote50anc\">50<\/a>Foto 13: Mandics gephotoshoppte Gewaltfantasie im Stil der gewaltt\u00e4tigen <em>Boogaloo-Bewegung<\/em>.<\/p>\n\n\n\n<figure class=\"wp-block-image size-large\"><img decoding=\"async\" loading=\"lazy\" width=\"543\" height=\"345\" src=\"https:\/\/www.antifaschistische-linke.de\/wp-content\/uploads\/13-Mandics-Gewaltfantasien.cleaned.png\" alt=\"\" class=\"wp-image-6902\" srcset=\"https:\/\/www.antifaschistische-linke.de\/wp-content\/uploads\/13-Mandics-Gewaltfantasien.cleaned.png 543w, https:\/\/www.antifaschistische-linke.de\/wp-content\/uploads\/13-Mandics-Gewaltfantasien.cleaned-300x191.png 300w\" sizes=\"(max-width: 543px) 100vw, 543px\" \/><\/figure>\n\n\n\n<p>Hintergrund zur <em>Boogaloo-Bewegung<\/em>:<\/p>\n\n\n\n<p>Vgl.: <a href=\"https:\/\/www.spiegel.de\/wissenschaft\/mensch\/boogaloo-bewegung-hass-im-hawaiihemd-kolumne-a-38f0ef56-009c-4980-bd0f-abecac73151c\">https:\/\/www.spiegel.de\/wissenschaft\/mensch\/boogaloo-bewegung-hass-im-hawaiihemd-kolumne-a-38f0ef56-009c-4980-bd0f-abecac73151c<\/a><\/p>\n\n\n\n<p>Vgl.: <a href=\"https:\/\/www.br.de\/nachrichten\/netzwelt\/hass-im-hawaii-hemd-was-will-die-boogaloo-bewegung,S12XVHI\/\">https:\/\/www.br.de\/nachrichten\/netzwelt\/hass-im-hawaii-hemd-was-will-die-boogaloo-bewegung,S12XVHI\/<\/a><\/p>\n","protected":false},"excerpt":{"rendered":"<p>Pressemitteilung anl\u00e4sslich der AfD-Beilage in der Wochenzeitung Der Sonntag vom 6.12.20 \u2022 Vermutlich aus finanziellen Gr\u00fcnden hat die Badische Zeitung am vergangenen Sonntag die fragw\u00fcrdige Entscheidung getroffen, ein von rechtem und verschw\u00f6rungstheoretischem Unfug durchsetztes Schreiben ihrer Sonntagsausgabe Der Sonntag beizulegen. Verantwortlich f\u00fcr das Machwerk ist die AfD-Gruppe im Freiburger Gemeinderat. Namentlich die beiden Stadtr\u00e4te Detlef [&hellip;]<\/p>\n","protected":false},"author":1,"featured_media":6959,"comment_status":"closed","ping_status":"closed","sticky":false,"template":"","format":"standard","meta":[],"categories":[1033,1,1032,317],"tags":[176,1134,1141,1133,764,1143,1142],"_links":{"self":[{"href":"https:\/\/www.antifaschistische-linke.de\/index.php?rest_route=\/wp\/v2\/posts\/6907"}],"collection":[{"href":"https:\/\/www.antifaschistische-linke.de\/index.php?rest_route=\/wp\/v2\/posts"}],"about":[{"href":"https:\/\/www.antifaschistische-linke.de\/index.php?rest_route=\/wp\/v2\/types\/post"}],"author":[{"embeddable":true,"href":"https:\/\/www.antifaschistische-linke.de\/index.php?rest_route=\/wp\/v2\/users\/1"}],"replies":[{"embeddable":true,"href":"https:\/\/www.antifaschistische-linke.de\/index.php?rest_route=%2Fwp%2Fv2%2Fcomments&post=6907"}],"version-history":[{"count":0,"href":"https:\/\/www.antifaschistische-linke.de\/index.php?rest_route=\/wp\/v2\/posts\/6907\/revisions"}],"wp:featuredmedia":[{"embeddable":true,"href":"https:\/\/www.antifaschistische-linke.de\/index.php?rest_route=\/wp\/v2\/media\/6959"}],"wp:attachment":[{"href":"https:\/\/www.antifaschistische-linke.de\/index.php?rest_route=%2Fwp%2Fv2%2Fmedia&parent=6907"}],"wp:term":[{"taxonomy":"category","embeddable":true,"href":"https:\/\/www.antifaschistische-linke.de\/index.php?rest_route=%2Fwp%2Fv2%2Fcategories&post=6907"},{"taxonomy":"post_tag","embeddable":true,"href":"https:\/\/www.antifaschistische-linke.de\/index.php?rest_route=%2Fwp%2Fv2%2Ftags&post=6907"}],"curies":[{"name":"wp","href":"https:\/\/api.w.org\/{rel}","templated":true}]}}