{"id":6920,"date":"2020-12-20T14:01:22","date_gmt":"2020-12-20T13:01:22","guid":{"rendered":"https:\/\/www.antifaschistische-linke.de\/?p=6920"},"modified":"2020-12-20T14:01:26","modified_gmt":"2020-12-20T13:01:26","slug":"die-reichen-sollen-zahlen","status":"publish","type":"post","link":"https:\/\/www.antifaschistische-linke.de\/?p=6920","title":{"rendered":"Die Reichen sollen zahlen!"},"content":{"rendered":"\n<p>Das Offene Antifa Treffen (OAT) Freiburg hat einen guten Beitrag zum solidarischen Umgang mit der Corona-Krise verfasst, den wir im Folgenden teilen m\u00f6chten:<\/p>\n\n\n\n<h4><strong>Die Reichen sollen zahlen!<\/strong><\/h4>\n\n\n\n<p>Provokante Forderung? Schauen wir uns die Sache doch mal genauer an. Bereits im Sommer letzten Jahres begannen die letzten Gro\u00dfunternehmen damit, sich auf eine l\u00e4ngere Rezession einzustellen. Weitgehend unbemerkt von der \u00f6ffentlichen Wahrnehmung war zu diesem Zeitpunkt eigentlich schon lange klar, dass das globale kapitalistische Wirtschaftssystem auf eine erneute Krise zusteuerte. Der Kapitalismus produziert in aller Regelm\u00e4\u00dfigkeit Krisen wie beispielsweise zuletzt 2008. Kein Geheimnis, sondern schlicht der ganz nat\u00fcrliche Zustand eines fehlerhaften Wirtschaftssystems. Doch konnte niemand damit rechnen, dass nur ein halbes Jahr sp\u00e4ter ein Virus daf\u00fcr sorgen sollte, die sich ohnehin anbahnende Wirtschaftskrise in eine neue Jahrhundertkrise zu verwandeln.<\/p>\n\n\n\n<p><strong>Schwein gehabt?<\/strong><\/p>\n\n\n\n<p>Ausgerechnet aber die gro\u00dfen Unternehmen, die ohnehin stets darum bem\u00fcht sind, die Folgen des eigenen profitorientierten Wirtschaftens auf die arbeitende Bev\u00f6lkerung abzuw\u00e4lzen, k\u00f6nnten zu den gro\u00dfen Gewinner*innen der Krise werden. W\u00e4hrend der Staat geradezu absurde Betr\u00e4ge locker macht, um Gro\u00dfunternehmen mit Geld zu bewerfen, gleicht das Kurzarbeiter*innengeld nur einen Teil des Lohns aus und viele Menschen wissen nicht, wie sie finanziell durch die n\u00e4chsten Monate kommen sollen. Die Krise soll wie immer auf dem R\u00fccken der arbeitenden Bev\u00f6lkerung ausgetragen werden. Wir sind es, die um ihre Existenz f\u00fcrchten m\u00fcssen w\u00e4hrend gro\u00dfe Unternehmen, die teilweise \u00fcber Milliarden an R\u00fccklagen verf\u00fcgen, staatlich subventioniert werden. Tats\u00e4chlich kommt f\u00fcr die gro\u00dfen Konzerne die Krise gerade recht, sind sie doch ohnehin von einer erneuten Krise ausgegangen. Nun aber, im Zuge der Coronapandemie nehmen sie gerne die staatlichen Hilfen in Anspruch, steigern teilweise noch ihre Gewinne und lenken geschickt davon ab, dass ihr Wirtschaftssystem f\u00fcr die Krise verantwortlich ist und nicht das Virus.<\/p>\n\n\n\n<p><strong>Kapitalismus ist das Virus!<\/strong><\/p>\n\n\n\n<p>In einem System, in der die Konzerne und gro\u00dfen Unternehmen in gesellschaftlicher Hand w\u00e4ren, m\u00fcssten diese nicht mit Milliarden \u201egerettet\u201c werden. In einem System, in dem die Gesundheitsversorgung nicht privatisiert und einer profitorientierten Logik unterworfen w\u00e4re, w\u00e4ren genug Beatmungsger\u00e4te vorhanden gewesen. In einem System, dass den Menschen in den Vordergrund stellen w\u00fcrde, g\u00e4be es nicht \u00fcber 1000 Infizierte in einem gro\u00dfen Schlachtbetrieb, der trotz der gesundheitlichen Risiken, seine Arbeiter*innen f\u00fcr einen Hungerlohn weiter arbeiten lie\u00df. Und in einem System, dessen Wirtschaften nicht allein auf Profitmaximierung und Konkurrenz ausgelegt w\u00e4re, w\u00e4ren die Folgen der Pandemie keine Millionen von Kurzarbeiter*innen, massenhafte Entlassungen, Angriffe auf erk\u00e4mpfte Arbeitsrechte wie beispielsweise die Wiedereinf\u00fchrung des 12-Stunden Tages und eine breite soziale Verunsicherung der Bev\u00f6lkerung. Sehen wir der Sache ins Gesicht: Wir k\u00f6nnen uns den Kapitalismus mit seiner Logik des Profits einfach nicht mehr leisten. Stattdessen schlagen wir vor: Die Reichen sollen zahlen!<\/p>\n\n\n\n<p><strong>Und was machen die Rechten?<\/strong><\/p>\n\n\n\n<p>Auch die Rechten haben versucht, aus der derzeitigen Situation politisches Kapital zu schlagen. So mischten sich vielerorts Rechte und Verschw\u00f6rungsthoretiker*innen unter die Leute, um ihre vermeintlichen \u201eL\u00f6sungen\u201c zu pr\u00e4sentieren. Statt aber eine tats\u00e4chliche Analyse der Situation vorzunehmen, wurde sich stattdessen in absurde und vereinfachte Theorien gefl\u00fcchtet. Es ist ganz klar, weder die Rechten noch irgendwelche Verschw\u00f6rungstheoretiker*innen haben konkrete L\u00f6sungen anzubieten. Stattdessen wird gehetzt und die legitimen Sorgen in der Bev\u00f6lkerung missbraucht, um noch mehr \u00c4ngste zu sch\u00fcren und wahre Konfliktlinien zu verschleiern.<\/p>\n\n\n\n<p>Was wir momentan brauchen, sind keine Unwahrheiten \u00fcber irgendwelche dunklen M\u00e4chte die angeblich hinter dem Virus stecken w\u00fcrden, sondern ein klare Analyse der aktuellen Verh\u00e4ltnisse. Die kapitalistische Krise wird daf\u00fcr sorgen, dass der Klassenkampf von oben weiter gef\u00fchrt wird. Daher muss unsere Antwort auch dementsprechend ausfallen.<\/p>\n\n\n\n<p><strong>Nach oben schlagen statt nach unten treten!<\/strong><\/p>\n\n\n\n<p><strong>Die Reichen sollen zahlen!<\/strong><\/p>\n\n\n\n<p><strong>F\u00fcr eine Umverteilung des gesellschaftlichen Reichtums, soziale Sicherheit und Solidarit\u00e4t f\u00fcr alle!<\/strong><\/p>\n\n\n\n<figure class=\"wp-block-image size-large\"><img decoding=\"async\" loading=\"lazy\" width=\"722\" height=\"1024\" src=\"https:\/\/www.antifaschistische-linke.de\/wp-content\/uploads\/DieReichenSollenZahlen_Druck.cleaned-2.cleaned-722x1024.jpg\" alt=\"\" class=\"wp-image-6922\" srcset=\"https:\/\/www.antifaschistische-linke.de\/wp-content\/uploads\/DieReichenSollenZahlen_Druck.cleaned-2.cleaned-722x1024.jpg 722w, https:\/\/www.antifaschistische-linke.de\/wp-content\/uploads\/DieReichenSollenZahlen_Druck.cleaned-2.cleaned-211x300.jpg 211w, https:\/\/www.antifaschistische-linke.de\/wp-content\/uploads\/DieReichenSollenZahlen_Druck.cleaned-2.cleaned-1083x1536.jpg 1083w, https:\/\/www.antifaschistische-linke.de\/wp-content\/uploads\/DieReichenSollenZahlen_Druck.cleaned-2.cleaned-1443x2048.jpg 1443w, https:\/\/www.antifaschistische-linke.de\/wp-content\/uploads\/DieReichenSollenZahlen_Druck.cleaned-2.cleaned-scaled.jpg 1804w\" sizes=\"(max-width: 722px) 100vw, 722px\" \/><\/figure>\n\n\n\n<figure class=\"wp-block-image size-large\"><img decoding=\"async\" loading=\"lazy\" width=\"722\" height=\"1024\" src=\"https:\/\/www.antifaschistische-linke.de\/wp-content\/uploads\/DieReichenSollenZahlen_Druck2.cleaned-2.cleaned-722x1024.jpg\" alt=\"\" class=\"wp-image-6923\" srcset=\"https:\/\/www.antifaschistische-linke.de\/wp-content\/uploads\/DieReichenSollenZahlen_Druck2.cleaned-2.cleaned-722x1024.jpg 722w, https:\/\/www.antifaschistische-linke.de\/wp-content\/uploads\/DieReichenSollenZahlen_Druck2.cleaned-2.cleaned-211x300.jpg 211w, https:\/\/www.antifaschistische-linke.de\/wp-content\/uploads\/DieReichenSollenZahlen_Druck2.cleaned-2.cleaned-1083x1536.jpg 1083w, https:\/\/www.antifaschistische-linke.de\/wp-content\/uploads\/DieReichenSollenZahlen_Druck2.cleaned-2.cleaned-1443x2048.jpg 1443w, https:\/\/www.antifaschistische-linke.de\/wp-content\/uploads\/DieReichenSollenZahlen_Druck2.cleaned-2.cleaned-scaled.jpg 1804w\" sizes=\"(max-width: 722px) 100vw, 722px\" \/><\/figure>\n","protected":false},"excerpt":{"rendered":"<p>Das Offene Antifa Treffen (OAT) Freiburg hat einen guten Beitrag zum solidarischen Umgang mit der Corona-Krise verfasst, den wir im Folgenden teilen m\u00f6chten: Die Reichen sollen zahlen! Provokante Forderung? Schauen wir uns die Sache doch mal genauer an. Bereits im Sommer letzten Jahres begannen die letzten Gro\u00dfunternehmen damit, sich auf eine l\u00e4ngere Rezession einzustellen. Weitgehend [&hellip;]<\/p>\n","protected":false},"author":1,"featured_media":6921,"comment_status":"closed","ping_status":"closed","sticky":false,"template":"","format":"standard","meta":[],"categories":[4],"tags":[1116,854,50],"_links":{"self":[{"href":"https:\/\/www.antifaschistische-linke.de\/index.php?rest_route=\/wp\/v2\/posts\/6920"}],"collection":[{"href":"https:\/\/www.antifaschistische-linke.de\/index.php?rest_route=\/wp\/v2\/posts"}],"about":[{"href":"https:\/\/www.antifaschistische-linke.de\/index.php?rest_route=\/wp\/v2\/types\/post"}],"author":[{"embeddable":true,"href":"https:\/\/www.antifaschistische-linke.de\/index.php?rest_route=\/wp\/v2\/users\/1"}],"replies":[{"embeddable":true,"href":"https:\/\/www.antifaschistische-linke.de\/index.php?rest_route=%2Fwp%2Fv2%2Fcomments&post=6920"}],"version-history":[{"count":0,"href":"https:\/\/www.antifaschistische-linke.de\/index.php?rest_route=\/wp\/v2\/posts\/6920\/revisions"}],"wp:featuredmedia":[{"embeddable":true,"href":"https:\/\/www.antifaschistische-linke.de\/index.php?rest_route=\/wp\/v2\/media\/6921"}],"wp:attachment":[{"href":"https:\/\/www.antifaschistische-linke.de\/index.php?rest_route=%2Fwp%2Fv2%2Fmedia&parent=6920"}],"wp:term":[{"taxonomy":"category","embeddable":true,"href":"https:\/\/www.antifaschistische-linke.de\/index.php?rest_route=%2Fwp%2Fv2%2Fcategories&post=6920"},{"taxonomy":"post_tag","embeddable":true,"href":"https:\/\/www.antifaschistische-linke.de\/index.php?rest_route=%2Fwp%2Fv2%2Ftags&post=6920"}],"curies":[{"name":"wp","href":"https:\/\/api.w.org\/{rel}","templated":true}]}}