{"id":6927,"date":"2020-12-20T14:15:52","date_gmt":"2020-12-20T13:15:52","guid":{"rendered":"https:\/\/www.antifaschistische-linke.de\/?p=6927"},"modified":"2020-12-20T14:15:56","modified_gmt":"2020-12-20T13:15:56","slug":"bericht-querdenken-in-freiburg-am-19-12-2020","status":"publish","type":"post","link":"https:\/\/www.antifaschistische-linke.de\/?p=6927","title":{"rendered":"Bericht: Querdenken in Freiburg am 19.12.2020"},"content":{"rendered":"\n<p>Am Samstag, den 19.12.2020 versammelten sich trotz offiziellem Verbot, hunderte sogenannte Querdenker in der Freiburger Innenstadt, um dem Chefquerdenker Michael Ballweg zu folgen. Zun\u00e4chst versuchten sich die Anwesenden auf dem Platz der alten Synagoge zu versammeln. Nachdem das durch die Polizei nicht in der gew\u00fcnschten Form zugelassen wurde, irrten mehrere Kleingruppen durch die Stadt. Eine gr\u00f6\u00dfere Ansammlung traf sich kurze Zeit sp\u00e4ter zun\u00e4chst im Freiburger Stadtpark, um anschlie\u00dfend \u00fcber den Schlossberg wieder in Richtung Innenstadt zu laufen.<\/p>\n\n\n\n<p>Davon abgesehen, dass es in der derzeitigen Situation schlicht grob fahrl\u00e4ssig ist, sich ohne Abstand und ausreichenden Mund-Nasenschutz zu versammeln und dadurch das Infektionsrisiko f\u00fcr alle anwesenden Personen unn\u00f6tig zu erh\u00f6hen, fand sich bei den Anwesenden auch wieder die \u00fcbliche krude Mischung aus Esoterik, Verschw\u00f6rungsmythen, sonstigem Irrsinn und rechten sowie antisemitischen Anleihen.<\/p>\n\n\n\n<p>Auff\u00e4llig war die diesmalige Beteiligung organisierter Rechter. So tummelte sich unter den Querdenkern am gestrigen Samstag unter anderem die Freiburger Junge Alternative (JA). Allerdings schien es einigen JAlern sehr unangenehm zu sein, auf ihre Anwesenheit angesprochen zu werden. Beispielsweise reagierten die beiden Jaler Marco N. und Nil S. sehr d\u00fcnnh\u00e4utig auf direkte Nachfrage zu ihrem Treiben. W\u00e4hrend sich Nils S. dick mit Schal und M\u00fctze vermummte und den Kopf einzog um nicht weiter aufzufallen, entschied sich Marco N. dazu, eine k\u00f6rperliche Auseinandersetzung ant\u00e4uschen zu wollen. Wohl wissend, dass die anwesende Polizei vor Ort eingreifen und Platzverweise gegen die antifaschistischen AktivistInnen verteilen w\u00fcrde. So kam es dann auch. Kein sonderlicher starker Auftritt der Freiburger JA.<\/p>\n\n\n\n<p>Zu mehreren ernsthafteren Zwischenf\u00e4llen kam es mit einer Gruppe bewaffneter FaschistInnen in der Innenstadt als auch auf dem Schlossberg. Mit einem Schlagstock bedrohten die Rechten sowohl JournalistInnen vom RDL als auch anwesende AntifaschistInnen.<\/p>\n\n\n\n<p>Im weiteren Verlauf des Tages kam es wohl noch mehrmals zu kleineren Auseinandersetzungen zwischen Rechten und antifaschistischen AktivistInnen in der Stadt.<\/p>\n\n\n\n<p>Insgesamt wurde offensichtlich, dass bei den Querdenkern kein Blatt mehr zwischen EsoterikerInnen und rechte Schl\u00e4gerInnen zu passen scheint. Personen mit PEGIDA-Pullovern laufen munter neben Hippies. Bewaffnete FaschistInnen sch\u00fctzen esoterische ImpfgegnerInnen und die Freiburger AfD sucht ebenfalls den Schulterschluss. Auch in Zukunft gilt es daher, diese Entwicklung weiter im Blick zu behalten und entsprechend zu reagieren!<\/p>\n\n\n\n<p>Es bleibt, wie es schon immer war: Weder die Rechte noch irgendwelche verlorenen Verschw\u00f6rungsanh\u00e4ngerInnen haben f\u00fcr die derzeitige Situation eine L\u00f6sung anzubieten. Anstatt eine Analyse der Verh\u00e4ltnisse vorzunehmen, fl\u00fcchten sich diese Leute der Einfachheit halber lieber in krude und plumpe Theorien. Was wir brauchen, sind keine Unwahrheiten oder rechte Hetze, sondern eine Umverteilung des gesellschaftlichen Reichtums, soziale Sicherheit und Solidarit\u00e4t f\u00fcr alle!<\/p>\n\n\n\n<figure class=\"wp-block-image size-large\"><img decoding=\"async\" loading=\"lazy\" width=\"1024\" height=\"681\" src=\"https:\/\/www.antifaschistische-linke.de\/wp-content\/uploads\/1-Marco-N.-JA-1024x681.jpg\" alt=\"\" class=\"wp-image-6916\" srcset=\"https:\/\/www.antifaschistische-linke.de\/wp-content\/uploads\/1-Marco-N.-JA-1024x681.jpg 1024w, https:\/\/www.antifaschistische-linke.de\/wp-content\/uploads\/1-Marco-N.-JA-300x199.jpg 300w, https:\/\/www.antifaschistische-linke.de\/wp-content\/uploads\/1-Marco-N.-JA-1536x1021.jpg 1536w, https:\/\/www.antifaschistische-linke.de\/wp-content\/uploads\/1-Marco-N.-JA-2048x1362.jpg 2048w\" sizes=\"(max-width: 1024px) 100vw, 1024px\" \/><\/figure>\n\n\n\n<figure class=\"wp-block-image size-large\"><img decoding=\"async\" loading=\"lazy\" width=\"1024\" height=\"681\" src=\"https:\/\/www.antifaschistische-linke.de\/wp-content\/uploads\/2-Nils-S.-ganz-links-mit-Schal-und-Muetze-1024x681.jpg\" alt=\"\" class=\"wp-image-6917\" srcset=\"https:\/\/www.antifaschistische-linke.de\/wp-content\/uploads\/2-Nils-S.-ganz-links-mit-Schal-und-Muetze-1024x681.jpg 1024w, https:\/\/www.antifaschistische-linke.de\/wp-content\/uploads\/2-Nils-S.-ganz-links-mit-Schal-und-Muetze-300x199.jpg 300w, https:\/\/www.antifaschistische-linke.de\/wp-content\/uploads\/2-Nils-S.-ganz-links-mit-Schal-und-Muetze-1536x1021.jpg 1536w, https:\/\/www.antifaschistische-linke.de\/wp-content\/uploads\/2-Nils-S.-ganz-links-mit-Schal-und-Muetze-2048x1362.jpg 2048w\" sizes=\"(max-width: 1024px) 100vw, 1024px\" \/><\/figure>\n\n\n\n<figure class=\"wp-block-image size-large\"><img decoding=\"async\" loading=\"lazy\" width=\"1024\" height=\"681\" src=\"https:\/\/www.antifaschistische-linke.de\/wp-content\/uploads\/3-Robert-Hagermann-ganz-links-1024x681.jpg\" alt=\"\" class=\"wp-image-6918\" srcset=\"https:\/\/www.antifaschistische-linke.de\/wp-content\/uploads\/3-Robert-Hagermann-ganz-links-1024x681.jpg 1024w, https:\/\/www.antifaschistische-linke.de\/wp-content\/uploads\/3-Robert-Hagermann-ganz-links-300x199.jpg 300w, https:\/\/www.antifaschistische-linke.de\/wp-content\/uploads\/3-Robert-Hagermann-ganz-links-1536x1021.jpg 1536w, https:\/\/www.antifaschistische-linke.de\/wp-content\/uploads\/3-Robert-Hagermann-ganz-links-2048x1362.jpg 2048w\" sizes=\"(max-width: 1024px) 100vw, 1024px\" \/><\/figure>\n\n\n\n<figure class=\"wp-block-image size-large\"><img decoding=\"async\" loading=\"lazy\" width=\"1024\" height=\"681\" src=\"https:\/\/www.antifaschistische-linke.de\/wp-content\/uploads\/4-Rechter-Provokateur-der-es-vorzieht-vermummt-zu-bleiben-1024x681.jpg\" alt=\"\" class=\"wp-image-6919\" srcset=\"https:\/\/www.antifaschistische-linke.de\/wp-content\/uploads\/4-Rechter-Provokateur-der-es-vorzieht-vermummt-zu-bleiben-1024x681.jpg 1024w, https:\/\/www.antifaschistische-linke.de\/wp-content\/uploads\/4-Rechter-Provokateur-der-es-vorzieht-vermummt-zu-bleiben-300x199.jpg 300w, https:\/\/www.antifaschistische-linke.de\/wp-content\/uploads\/4-Rechter-Provokateur-der-es-vorzieht-vermummt-zu-bleiben-1536x1021.jpg 1536w, https:\/\/www.antifaschistische-linke.de\/wp-content\/uploads\/4-Rechter-Provokateur-der-es-vorzieht-vermummt-zu-bleiben-2048x1362.jpg 2048w\" sizes=\"(max-width: 1024px) 100vw, 1024px\" \/><\/figure>\n\n\n\n<p>Unser Vorschlag zum Umgang mit der Corona-Krise:<\/p>\n\n\n\n<figure class=\"wp-block-embed-wordpress wp-block-embed is-type-wp-embed is-provider-antifaschistische-linke-freiburg\"><div class=\"wp-block-embed__wrapper\">\n<blockquote class=\"wp-embedded-content\" data-secret=\"q0eyxT1k9B\"><a href=\"https:\/\/www.antifaschistische-linke.de\/?p=6920\">Die Reichen sollen zahlen!<\/a><\/blockquote><iframe class=\"wp-embedded-content\" sandbox=\"allow-scripts\" security=\"restricted\" style=\"position: absolute; clip: rect(1px, 1px, 1px, 1px);\" title=\"&#8222;Die Reichen sollen zahlen!&#8220; &#8212; Antifaschistische Linke Freiburg\" src=\"https:\/\/www.antifaschistische-linke.de\/?p=6920&#038;embed=true#?secret=q0eyxT1k9B\" data-secret=\"q0eyxT1k9B\" width=\"600\" height=\"338\" frameborder=\"0\" marginwidth=\"0\" marginheight=\"0\" scrolling=\"no\"><\/iframe>\n<\/div><\/figure>\n\n\n\n<p>Weitere Infos zum gestrigen Tag: <a href=\"https:\/\/twitter.com\/RDL_Aktuell\">https:\/\/twitter.com\/RDL_Aktuell<\/a><\/p>\n\n\n\n<p><\/p>\n\n\n\n<p><\/p>\n","protected":false},"excerpt":{"rendered":"<p>Am Samstag, den 19.12.2020 versammelten sich trotz offiziellem Verbot, hunderte sogenannte Querdenker in der Freiburger Innenstadt, um dem Chefquerdenker Michael Ballweg zu folgen. Zun\u00e4chst versuchten sich die Anwesenden auf dem Platz der alten Synagoge zu versammeln. Nachdem das durch die Polizei nicht in der gew\u00fcnschten Form zugelassen wurde, irrten mehrere Kleingruppen durch die Stadt. Eine [&hellip;]<\/p>\n","protected":false},"author":1,"featured_media":0,"comment_status":"closed","ping_status":"closed","sticky":false,"template":"","format":"standard","meta":[],"categories":[1144],"tags":[13,1145],"_links":{"self":[{"href":"https:\/\/www.antifaschistische-linke.de\/index.php?rest_route=\/wp\/v2\/posts\/6927"}],"collection":[{"href":"https:\/\/www.antifaschistische-linke.de\/index.php?rest_route=\/wp\/v2\/posts"}],"about":[{"href":"https:\/\/www.antifaschistische-linke.de\/index.php?rest_route=\/wp\/v2\/types\/post"}],"author":[{"embeddable":true,"href":"https:\/\/www.antifaschistische-linke.de\/index.php?rest_route=\/wp\/v2\/users\/1"}],"replies":[{"embeddable":true,"href":"https:\/\/www.antifaschistische-linke.de\/index.php?rest_route=%2Fwp%2Fv2%2Fcomments&post=6927"}],"version-history":[{"count":0,"href":"https:\/\/www.antifaschistische-linke.de\/index.php?rest_route=\/wp\/v2\/posts\/6927\/revisions"}],"wp:attachment":[{"href":"https:\/\/www.antifaschistische-linke.de\/index.php?rest_route=%2Fwp%2Fv2%2Fmedia&parent=6927"}],"wp:term":[{"taxonomy":"category","embeddable":true,"href":"https:\/\/www.antifaschistische-linke.de\/index.php?rest_route=%2Fwp%2Fv2%2Fcategories&post=6927"},{"taxonomy":"post_tag","embeddable":true,"href":"https:\/\/www.antifaschistische-linke.de\/index.php?rest_route=%2Fwp%2Fv2%2Ftags&post=6927"}],"curies":[{"name":"wp","href":"https:\/\/api.w.org\/{rel}","templated":true}]}}