{"id":6955,"date":"2021-02-22T11:50:45","date_gmt":"2021-02-22T10:50:45","guid":{"rendered":"https:\/\/www.antifaschistische-linke.de\/?p=6955"},"modified":"2021-02-22T12:13:18","modified_gmt":"2021-02-22T11:13:18","slug":"karl-schwarz-das-proletarische-feigenblatt-der-afd-in-freiburg","status":"publish","type":"post","link":"https:\/\/www.antifaschistische-linke.de\/?p=6955","title":{"rendered":"Karl Schwarz &#8211; das proletarische Feigenblatt der AfD in Freiburg"},"content":{"rendered":"\n<p>Karl Schwarz, der erst seit 2017 Mitglied der AfD ist, kann zwar ebenfalls als ein Z\u00f6gling Dubravko Mandics bezeichnet werden, unterscheidet sich aber in einem wesentlichen Punkt von der sonstigen Nachwuchsarbeit in Freiburg. Anders als gro\u00dfe Teile der JA<a href=\"#sdfootnote1sym\"><sup>1<\/sup><\/a> hat Schwarz keinen akademischen und burschenschaftlichen Hintergrund (auch, wenn er des \u00d6fteren als Gast bei der Burschenschaft Saxo-Silesia zugegen war). Stattdessen war Schwarz zun\u00e4chst bei der Marine und begann dann eine handwerkliche Ausbildung in Freiburg. Gerade das scheint den strategisch denkenden Mandic bewogen zu haben, auf die Karte Schwarz zu setzen. Bei der Listenaufstellung zur Gemeinderatswahl 2019 konnte sich Schwarz trotz seines Alters gegen seinen innerparteilichen Konkurrenten Bernd Laub durchsetzen. Der evangelikale Fundamentalist Laub wurde zwar von Volker Kempf<a href=\"#sdfootnote2sym\"><sup>2<\/sup><\/a> unterst\u00fctzt, verlor aber gegen Karl Schwarz und dessen aggressiv-rechte Rhetorik. Dem Ziel, die Freiburger AfD weiter nach rechts zu orientieren, kam Mandic durch den Sieg Schwarz ein weiteres St\u00fcckchen n\u00e4her.<\/p>\n\n\n\n<p>Schwarz fungiert offensichtlich als eine Art proletarisches Feigenblatt f\u00fcr die AfD in Freiburg. So steht er dem ansonsten eher rechtsburschenschaftlichen Habitus (insbesondere innerhalb der JA) entgegen.<a href=\"#sdfootnote3sym\"><sup>3<\/sup><\/a> Schwarz tritt als <em>Handwerker f\u00fcr den Landtag<\/em> im Wahlkreis 47 in Freiburg II an.<a href=\"#sdfootnote4sym\"><sup>4<\/sup><\/a><\/p>\n\n\n\n<p>Die Hoffnung, dass Schwarz als Handwerker und ehemaliger Soldat ein anderes Klientel anspricht, scheint nicht ganz unbegr\u00fcndet. Zumal es sich Schwarz anscheinend zur Aufgabe gemacht hat, insbesondere im Stadtteil Landwasser, der einen relativ hohen Anteil an Russlanddeutschen aufweist, durch die eigene russlanddeutsche Herkunft zu punkten.<\/p>\n\n\n\n<p>Sein Handwerkerhabitus, gepaart mit konservativen und christlichen Phrasen, die Schwarz immer wieder \u00fcberdeutlich betont, helfen ihm hierbei, ein eher konservativ-christliches Klientel in Landwasser zu erreichen.<\/p>\n\n\n\n<p>Doch darf kein falsches Bild \u00fcber Schwarz entstehen. Bei ihm handelt es sich nicht um einen christlich-konservativen Vertreter seiner Partei, sondern um jemanden, der sich deutlich hinter Mandic und Co. am rechten Rand der Partei positioniert. Seit seiner Mitgliedschaft in der AfD bewegt sich Schwarz ebenso wie sein Ziehvater Mandic oder nahezu die komplette JA in unwiderlegbar rechtem Fahrwasser und hat keinerlei Ber\u00fchrungs\u00e4ngste mit klaren Vertretern des rechten Fl\u00fcgels der Partei.<a href=\"#sdfootnote5sym\"><sup>5<\/sup><\/a> So geh\u00f6rt Schwarz von Anfang an zum Umfeld des sogenannten rechtsnationalen Fl\u00fcgels rund um H\u00f6cke, Kalbitz und Co.<a href=\"#sdfootnote6sym\"><sup>6<\/sup><\/a> Und es ist nur folgerichtig, dass ihm beim Kyffh\u00e4usertreffen die <em>Ehre<\/em> zuteil wurde, als Fahnentr\u00e4ger beim Einlauf zu fungieren.<a href=\"#sdfootnote7sym\"><sup>7<\/sup><\/a> Gemeinsam unter anderem mit dem rechten Hardliner Reimond Hoffmann<a href=\"#sdfootnote8sym\"><sup>8<\/sup><\/a> und direkt vor H\u00f6cke und Kalbitz laufend.<\/p>\n\n\n\n<p><strong>Mandic und Schwarz, mehr als nur Parteifreunde?<\/strong><\/p>\n\n\n\n<p>Dass es sich bei der Personalie Schwarz um mehr als nur eine rein taktische \u00dcberlegung Mandics handelt, d\u00fcrfte klar sein. Zu \u00fcberdeutlich sind zum Einen die deutliche Positionierung Schwarz im rechten Lager der AfD. Zum anderen scheint Mandic aber dieselbe Strategie anzuwenden, die sich schon fr\u00fcher bew\u00e4hrt hat. Die Freiburger-JA konnte er auch deshalb hinter sich versammeln und eng an sich binden, weil er seinerzeit \u00fcber ein blo\u00dfes politisches Zweckverh\u00e4ltnis mit den <em>jungen Wilden<\/em> hinausgegangen war.<a href=\"#sdfootnote9sym\"><sup>9<\/sup><\/a> Derzeit sieht es danach aus, als w\u00fcrde Mandic diese Strategie nun auch bei Schwarz anwenden. Dass Schwarz selbstlos dabei hilft, dem <em>Volksanwalt<\/em> im Wahlkampf zu unterst\u00fctzen, d\u00fcrfte noch unter g\u00e4ngige Parteiunterst\u00fctzung fallen.<a href=\"#sdfootnote10sym\"><sup>10<\/sup><\/a> Auff\u00e4llig ist aber, dass Schwarz bei nahezu jeder noch so peinlichen Aktion Mandics zugegen ist. Auch waren Schwarz und Mandic mittlerweile Arm in Arm gemeinsam in Zagreb unterwegs. Vermutlich um wohlwollend festzustellen, dass <em>hier Afrika offenbar noch nicht in Sicht<\/em> ist.<a href=\"#sdfootnote11sym\"><sup>11<\/sup><\/a> Neben diversen Wanderausfl\u00fcgen mit anderen JA-Mitgliedern lie\u00df es sich Schwarz zudem nicht nehmen, mit seinem Freund Mandic einen Ausflug auf die Pferderennbahn zu unternehmen und bei passender Gelegenheit davon zu schw\u00e4rmen, dass es sich angef\u00fchlt habe,<em> wie ein Besuch in der guten alten Kaiserzeit<\/em>.<a href=\"#sdfootnote12sym\"><sup>12<\/sup><\/a><\/p>\n\n\n\n<p>Schwarz selbst entspricht dabei dem Prototypen des konservativen Mannes. Durch diese Inszenierung versucht Schwarz gerade das wertkonservative Milieu des Freiburger Westens auf seine Seite zu ziehen. Dabei ist er aber \u00e4hnlich flexibel in Auftreten und Rhetorik wie sein Vorbild. Wenn es darum geht, sein W\u00e4hlerklientel anzusprechen, \u00e4u\u00dfert sich Schwarz zur\u00fcckhaltend und einigerma\u00dfen moderat. Geht es darum, nach innen zu wirken und sich selbst im internen Richtungskampf zu positionieren, packt Schwarz auch gerne h\u00e4rtere Bandagen aus.<a href=\"#sdfootnote13sym\"><sup>13<\/sup><\/a><\/p>\n\n\n\n<p><strong>Die Frage der Gewalt<\/strong><\/p>\n\n\n\n<p>In Sachen Gewaltaffinit\u00e4t scheint Schwarz seinem Vorbild ebenfalls hinterher zu hecheln<a href=\"#sdfootnote14sym\"><sup>14<\/sup><\/a>. Zwar hat sich Schwarz bisher noch nicht zu einer konkreten Gewaltanwendungen hinrei\u00dfen lassen. Verbal hat sich Karl Schwarz allerdings einiges geleistet.<\/p>\n\n\n\n<p>So ist es sicherlich bemerkenswert, wenn ein Freiburger AfD-Politiker nach dem rechtsterroristischen Anschlag in Halle, davor warnt dass nun das Waffenrecht in Deutschland weite eingeschr\u00e4nkt werde k\u00f6nnte und eine solche Ma\u00dfnahme selbstverst\u00e4ndlich nur die legalen und harmlosen Waffenbesitzer treffen w\u00fcrde.<a href=\"#sdfootnote15sym\"><sup>15<\/sup><\/a> Schwarz ignoriert v\u00f6llig bewusst den Zusammenhang zwischen rechtem Terror und der \u00fcberproportionalen Verbreitung von Schusswaffen im rechten Lager<a href=\"#sdfootnote16sym\"><sup>16<\/sup><\/a> sowie die Verstrickungen der eigenen Partei in illegale Waffenk\u00e4ufe.<a href=\"#sdfootnote17sym\"><sup>17<\/sup><\/a> Zudem ist der Verweis auf Halle oder etwa Hanau f\u00fcr eine Partei, die ma\u00dfgeblich zu einem Klima gef\u00fchrt hat, dass solche Taten erm\u00f6glicht, schlicht nicht zul\u00e4ssig.<\/p>\n\n\n\n<p>Aber Schwarz Gewaltfantasien scheinen sich auch an ganz konkrete Kreise zu richten. So verbreitet er das Stereotyp sogenannter Klans und schreibt, <em>Gott sei denen gn\u00e4dig, wenn wir die Z\u00fcgel haben, denn wir werden es nicht sein<\/em>.<a href=\"#sdfootnote18sym\"><sup>18<\/sup><\/a> Ein v\u00f6llig unmissverst\u00e4ndlicher Aufruf zur Gewalt nach der herbei fantasierten Macht\u00fcbernahme.<\/p>\n\n\n\n<p>Auff\u00e4llig bei Schwarz ist auch die Verkn\u00fcpfung zwischen Gewalt und allerlei christlichen Bez\u00fcgen aus dem Mittelalter bzw. der Neuzeit. So mutet es doch einigerma\u00dfen seltsam an, wenn sich ein AfD-Politiker im Jahre 2021 immer wieder positiv auf Kreuzfahrer wie den <em>heiligen Inquisitor und Wanderprediger<\/em> Johannes Capistrano bezieht und von der R\u00fcckeroberung Belgrads durch Kreuzfahrertruppen schw\u00e4rmt.<a href=\"#sdfootnote19sym\"><sup>19<\/sup><\/a> Oder aber in eindeutigen IB-Sprech verf\u00e4llt und die Reconquista lobt, die<em> Gott sei Dank daf\u00fcr gesorgt habe, dass in <\/em><em>C\u00f3rdoba <\/em><em>auf der Moschee eine christliche Kathedrale erbaut <\/em>werden konnte.<a href=\"#sdfootnote20sym\"><sup>20<\/sup><\/a> Verwundert aber nicht, bedenkt man, dass Karl Schwarz bereits sehr fr\u00fch pers\u00f6nliche Kontakte zu Mitgliedern der Identit\u00e4ren Bewegung hatte.<a href=\"#sdfootnote21sym\"><sup>21<\/sup><\/a><\/p>\n\n\n\n<p>Ebenfalls bemerkenswert in diesem Zusammenhang ist, dass Schwarz genauso wie Mandic offensichtlich Teil eines Ritterordens innerhalb der AfD ist. Erkennungsmerkmal dieser Gruppe, die sich wenig verwunderlich am rechten Rand bewegt, ist das sogenannte Jakobskreuz. Dubravko Mandic trug dieses Zeichen, w\u00e4hrend seiner Begr\u00fc\u00dfung als Stadtrat im Rathaus<a href=\"#sdfootnote22sym\"><sup>22<\/sup><\/a> und auch Schwarz tr\u00e4gt bei vielen Gelegenheiten dieses Symbol zur Schau.<a href=\"#sdfootnote23sym\"><sup>23<\/sup><\/a> Urspr\u00fcnglich gilt das Jakobskreuz als ein Zeichen der Reconquista und wird deshalb auch sehr gerne von Identit\u00e4ren genutzt. Einer der zentralen Identifikationsmerkmale der Identit\u00e4ren Bewegung ist der Bezug auf die Reconquista, also die R\u00fcckeroberung muslimischer St\u00e4dte durch das Christentum<a href=\"#sdfootnote24sym\"><sup>24<\/sup><\/a>. Es ist kein Zufall, dass Schwarz derlei aufgeladene Symbolik provokativ zur Schau stellt.<\/p>\n\n\n\n<p>Schwarz Gewaltfantasien \u00e4u\u00dfern sich auch ganz konkret, wenn er griechische Rechte zu heldenhaften B\u00fcrgerwehren hochstilisiert, die Europa gegen einen <em>Invasorenansturm verteidigen<\/em> w\u00fcrden.<a href=\"#sdfootnote25sym\"><sup>25<\/sup><\/a> Zudem fallen wieder die sprachlichen Bez\u00fcge zur Identit\u00e4ren Bewegung auf, denn Schwarz spricht weiterhin von der<em> Bewahrung europ\u00e4ischer Identit\u00e4t<\/em> (das Kernthema der Identit\u00e4ren Bewegung) und ist sich auch nicht zu schade, die gro\u00dfe Verschw\u00f6rungserz\u00e4hlung des <em>gro\u00dfen Austauschs<\/em> zu bedienen, wonach <em>durchgeknallte Globailstenknechte nun zu unrecht mutige griechische Ehrenm\u00e4nner als ,,inhuman&#8220; und ,,rechtsextrem&#8220; diffamieren<\/em>.<a href=\"#sdfootnote26sym\"><sup>26<\/sup><\/a> Wohlgemerkt solche <em>Ehrenm\u00e4nner<\/em>, die Fl\u00fcchtlingsboote angreifen und NGO-Mitarbeiter verpr\u00fcgeln.<a href=\"#sdfootnote27sym\"><sup>27<\/sup><\/a> Dabei folgt Schwarz seinem politischen Ziehvater Mandic beinahe exakt im Wortlaut.<a href=\"#sdfootnote28sym\"><sup>28<\/sup><\/a> Abgrenzungsbed\u00fcrfnisse nach rechts scheint Schwarz aber ohnehin nicht zu haben. So gab er dem neurechten und mitunter verschw\u00f6rungstheoretischem Compact-Magazin bereits im November 2018 ein Interview, in dem er \u00fcber seine Erfahrungen als Marinesoldat berichtete und behauptete, als <em>Schleuser missbraucht worde<\/em>n zu sein.<a href=\"#sdfootnote29sym\"><sup>29<\/sup><\/a><\/p>\n\n\n\n<p><strong>Parteikarriere, Vernetzung und fragw\u00fcrdiger Wertekompass<\/strong><\/p>\n\n\n\n<p>Schwarz hat trotz seines noch jungen Alters bereits eine bemerkenswerte Parteikarriere hingelegt.Er scheint zudem genau zu wissen, wie wichtig inner- und au\u00dferparteiliche Kontakte sind. Ein Erfahrungsschatz, auf den er zweifellos durch seinen Ziehvater und rechten Netzwerker Mandic zur\u00fcckgreifen konnte.<a href=\"#sdfootnote30sym\"><sup>30<\/sup><\/a> Vor allem innerhalb der JA<a href=\"#sdfootnote31sym\"><sup>31<\/sup><\/a> scheint Schwarz seine Kontakte auszubauen.<a href=\"#sdfootnote32sym\"><sup>32<\/sup><\/a> Kein Wunder, bekleidet er doch selbst einige \u00c4mter innerhalb der Parteijugend. So wurde Schwarz auf dem Landeskongress der JA Baden-W\u00fcrttemberg im M\u00e4rz 2019 zum stellvertretenden Landesvorsitzenden gew\u00e4hlt. Und ein paar Monate sp\u00e4ter, im Juli 2019 auch zum Sprecher der JA-S\u00fcdbaden. F\u00fcr die JA stattete Schwarz auch seinen Gesinnungsgenossen vom Rassemblement National in Frankreich einen Besuch ab und wurde prompt von der Parteivorsitzenden Marine Le Pen begr\u00fc\u00dft.<a href=\"#sdfootnote33sym\"><sup>33<\/sup><\/a>Aktuell tritt Schwarz als Landtagskandidat f\u00fcr die AfD in Freiburg an.<a href=\"#sdfootnote34sym\"><sup>34<\/sup><\/a><\/p>\n\n\n\n<p>Neben allerlei verbalradikalen Entgleisungen, der seltsamen in Bezugnahme auf christliche Kreuzfahrer oder die Monarchie<a href=\"#sdfootnote35sym\"><sup>35<\/sup><\/a>, scheint Karl Schwarz auch dar\u00fcber hinaus einen fragw\u00fcrdigen Wertekompass zu besitzen. So steht er trotz einer homosexuellen stellvertretenden Bundessprecherin derartigem h\u00f6chst skeptisch gegen\u00fcber. F\u00fcr Karl Schwarz gibt es keine Zweifel, Homosexuelle sind keine Familie.<a href=\"#sdfootnote36sym\"><sup>36<\/sup><\/a> Auch mit anderen Minderheiten scheint Schwarz aber so seine Probleme zu haben. So ist es f\u00fcr ihn v\u00f6llig unstrittig, dass Deutschland <em>keine muslimischen Minderheiten braucht<\/em>.<a href=\"#sdfootnote37sym\"><sup>37<\/sup><\/a> Mehr noch sind laut Schwarz <em>muslimische Minderheiten keine Deutschen<\/em> und vorrangig darum bem\u00fcht, L\u00e4nder wie Schweden und Deutschland <em>zu erobern<\/em>.<a href=\"#sdfootnote38sym\"><sup>38<\/sup><\/a><\/p>\n\n\n\n<p><strong>Ausblick<\/strong><\/p>\n\n\n\n<p>Die Landtagsfraktion der AfD ist seit 2016, durchzogen von parteiinternen Konflikten, Ausschlussverfahren und Spaltungen. Immer wieder wurde innerhalb der Fraktion der Widerspruch zwischen dem b\u00fcrgerlich-konservativen und wirtschaftsliberalem Lager rund um Meuthen sowie dem rechtsnationalen Fl\u00fcgel deutlich. Bereits 2017 begann ein heftiger Streit rund um Antisemitismusvorw\u00fcrfe gegen den ehemaligen Abgeordneten Wolfgang Gedeon.<a href=\"#sdfootnote39sym\"><sup>39<\/sup><\/a> Auch mit dem ehemaligen Landtagsabgeordneten und pers\u00f6nlichen Vertrauten Mandics, Stefan R\u00e4pple<a href=\"#sdfootnote40sym\"><sup>40<\/sup><\/a> gab es immer wieder heftige Konflikte.<a href=\"#sdfootnote41sym\"><sup>41<\/sup><\/a><\/p>\n\n\n\n<p>Im Vorfeld der jetzigen Landtagswahl kam es zu erneuten Konflikten, als Meuthen in einer internen Mail nachfragte, wieso noch nicht \u00fcber Ordnungsma\u00dfnahmen gegen Dubravko Mandic entschieden worden seien. Dass sich Mandic \u00fcberhaupt noch in der Partei befinden, ist vermutlich auch auf parteitaktische \u00dcberlegungen Alice Weidels zur\u00fcckzuf\u00fchren.<a href=\"#sdfootnote42sym\"><sup>42<\/sup><\/a><\/p>\n\n\n\n<p>Die Aufstellung der Kandidaten in Baden-W\u00fcrttemberg ist also politisch brisant. Beide Lager versuchen, m\u00f6glichst viele eigene Kandidat_innen aufzustellen, um den innerparteilichen Richtungskampf f\u00fcr sich zu entscheiden. In eben diesen Kontext muss auch die Aufstellung der Freiburger Kandidat_innen gesehen werden. Bei der Kandidatenaufstellung f\u00fcr den Wahlkreis Freiburg 1 konnte sich der Ulmer Landtagsabgeordnete Daniel Rottmann gegen Karl Schwarz durchsetzen. Rottmann wird gemeinhin dem Lager rund um Meuthen zugeordnet.<\/p>\n\n\n\n<p>Erst bei der Kandidatenaufstellung f\u00fcr Freiburg 2 konnte sich der geb\u00fcrtige Freiburger Karl Schwarz durchsetzen. Schwarz stellt dabei durch einen sehr aussichtsreichen Wahlkreis eine Art Sicherheit f\u00fcr den Fl\u00fcgel dar. So k\u00f6nnte neben Mandic und Jochen Lobstedt, also ein weiterer treuer und loyaler Anh\u00e4nger des Fl\u00fcgels in den Landtag einziehen. Somit w\u00fcrde sich das Kr\u00e4fteverh\u00e4ltnis innerhalb der Landtagsfraktion nochmals mehr zugunsten der Parteirechten verschieben und Mandic und Co. k\u00f6nnten dadurch ihren Einfluss auf die landesweite Politik ausbauen. In diesem Gesamtzusammenhang ist die Personalie Karl Schwarz zu betrachten.<\/p>\n\n\n\n<p><strong>Fu\u00dfnoten:<\/strong><\/p>\n\n\n\n<p><a href=\"#sdfootnote1anc\">1<\/a>Die Freiburger-JA: Vgl. Know your enemy S. 19ff.<\/p>\n\n\n\n<p>Zur Rolle Mandics beim Aufbau der JA: Vgl. PM: Dubravko Mandic \u2013 ein rechter Netzwerker ( https:\/\/www.antifaschistische-linke.de\/?p=6907)<\/p>\n\n\n\n<p><a href=\"#sdfootnote2anc\">2<\/a>Volker Kempf: Vgl. Know your enemy S. 13<\/p>\n\n\n\n<p><a href=\"#sdfootnote3anc\">3<\/a> Bild 1<\/p>\n\n\n\n<figure class=\"wp-block-image size-large\"><img decoding=\"async\" loading=\"lazy\" width=\"1024\" height=\"428\" src=\"https:\/\/www.antifaschistische-linke.de\/wp-content\/uploads\/Bild-1.cleaned-1024x428.png\" alt=\"\" class=\"wp-image-6931\" srcset=\"https:\/\/www.antifaschistische-linke.de\/wp-content\/uploads\/Bild-1.cleaned-1024x428.png 1024w, https:\/\/www.antifaschistische-linke.de\/wp-content\/uploads\/Bild-1.cleaned-300x125.png 300w, https:\/\/www.antifaschistische-linke.de\/wp-content\/uploads\/Bild-1.cleaned.png 1154w\" sizes=\"(max-width: 1024px) 100vw, 1024px\" \/><\/figure>\n\n\n\n<p><a href=\"#sdfootnote4anc\">4<\/a>Bild 2<\/p>\n\n\n\n<figure class=\"wp-block-image size-large\"><img decoding=\"async\" loading=\"lazy\" width=\"1024\" height=\"450\" src=\"https:\/\/www.antifaschistische-linke.de\/wp-content\/uploads\/Bild-2.cleaned-1024x450.png\" alt=\"\" class=\"wp-image-6932\" srcset=\"https:\/\/www.antifaschistische-linke.de\/wp-content\/uploads\/Bild-2.cleaned-1024x450.png 1024w, https:\/\/www.antifaschistische-linke.de\/wp-content\/uploads\/Bild-2.cleaned-300x132.png 300w, https:\/\/www.antifaschistische-linke.de\/wp-content\/uploads\/Bild-2.cleaned.png 1238w\" sizes=\"(max-width: 1024px) 100vw, 1024px\" \/><\/figure>\n\n\n\n<p><a href=\"#sdfootnote5anc\">5<\/a>Bild 3. Karl Schwarz in illustrer Runde zusammen mit R\u00e4pple, Kalbitz und Mandic.<\/p>\n\n\n\n<figure class=\"wp-block-image size-large\"><img decoding=\"async\" loading=\"lazy\" width=\"527\" height=\"616\" src=\"https:\/\/www.antifaschistische-linke.de\/wp-content\/uploads\/Bild-3.cleaned.png\" alt=\"\" class=\"wp-image-6933\" srcset=\"https:\/\/www.antifaschistische-linke.de\/wp-content\/uploads\/Bild-3.cleaned.png 527w, https:\/\/www.antifaschistische-linke.de\/wp-content\/uploads\/Bild-3.cleaned-257x300.png 257w\" sizes=\"(max-width: 527px) 100vw, 527px\" \/><\/figure>\n\n\n\n<p><a href=\"#sdfootnote6anc\">6<\/a> Vgl. Bild 4. Kalbitz, der Fl\u00fcgel und Karl Schwarz.<\/p>\n\n\n\n<figure class=\"wp-block-image size-large\"><img decoding=\"async\" loading=\"lazy\" width=\"960\" height=\"720\" src=\"https:\/\/www.antifaschistische-linke.de\/wp-content\/uploads\/Bild-4.cleaned.jpg\" alt=\"\" class=\"wp-image-6934\" srcset=\"https:\/\/www.antifaschistische-linke.de\/wp-content\/uploads\/Bild-4.cleaned.jpg 960w, https:\/\/www.antifaschistische-linke.de\/wp-content\/uploads\/Bild-4.cleaned-300x225.jpg 300w, https:\/\/www.antifaschistische-linke.de\/wp-content\/uploads\/Bild-4.cleaned-400x300.jpg 400w\" sizes=\"(max-width: 960px) 100vw, 960px\" \/><\/figure>\n\n\n\n<p><a href=\"#sdfootnote7anc\">7<\/a> Vgl.: <a href=\"https:\/\/www.youtube.com\/watch?fbclid=IwAR0sIwPifTN3Hrdb4Ou5uD_lR959Aq5p5-kN-x5NYgyn5kPMapg6dPkSQBg&amp;v=Z6xE2RWjeg0&amp;feature=youtu.be\">https:\/\/www.youtube.com\/watch?fbclid=IwAR0sIwPifTN3Hrdb4Ou5uD_lR959Aq5p5-kN-x5NYgyn5kPMapg6dPkSQBg&amp;v=Z6xE2RWjeg0&amp;feature=youtu.be<\/a> ab 0:46 min<\/p>\n\n\n\n<p><a href=\"#sdfootnote8anc\">8<\/a>Reimond Hoffmann: Vgl. Know your enemy S. 7f.<\/p>\n\n\n\n<p><a href=\"#sdfootnote9anc\">9<\/a>Vgl. Know your enemy Seite 19 ff..<\/p>\n\n\n\n<p>Vgl. PM: Dubravko Mandic \u2013 ein rechter Netzwerker<\/p>\n\n\n\n<p><a href=\"#sdfootnote10anc\">10<\/a>Bild 5. Karl Schwarz und der <em>Volksanwalt<\/em> in L\u00f6rrach.<\/p>\n\n\n\n<figure class=\"wp-block-image size-large\"><img decoding=\"async\" loading=\"lazy\" width=\"960\" height=\"960\" src=\"https:\/\/www.antifaschistische-linke.de\/wp-content\/uploads\/Bild-5.cleaned.jpg\" alt=\"\" class=\"wp-image-6935\" srcset=\"https:\/\/www.antifaschistische-linke.de\/wp-content\/uploads\/Bild-5.cleaned.jpg 960w, https:\/\/www.antifaschistische-linke.de\/wp-content\/uploads\/Bild-5.cleaned-300x300.jpg 300w, https:\/\/www.antifaschistische-linke.de\/wp-content\/uploads\/Bild-5.cleaned-180x180.jpg 180w, https:\/\/www.antifaschistische-linke.de\/wp-content\/uploads\/Bild-5.cleaned-50x50.jpg 50w, https:\/\/www.antifaschistische-linke.de\/wp-content\/uploads\/Bild-5.cleaned-80x80.jpg 80w\" sizes=\"(max-width: 960px) 100vw, 960px\" \/><\/figure>\n\n\n\n<p><a href=\"#sdfootnote11anc\">11<\/a>Bild 6<\/p>\n\n\n\n<figure class=\"wp-block-image size-large\"><img decoding=\"async\" loading=\"lazy\" width=\"1024\" height=\"503\" src=\"https:\/\/www.antifaschistische-linke.de\/wp-content\/uploads\/Bild-6.cleaned-1024x503.png\" alt=\"\" class=\"wp-image-6936\" srcset=\"https:\/\/www.antifaschistische-linke.de\/wp-content\/uploads\/Bild-6.cleaned-1024x503.png 1024w, https:\/\/www.antifaschistische-linke.de\/wp-content\/uploads\/Bild-6.cleaned-300x147.png 300w, https:\/\/www.antifaschistische-linke.de\/wp-content\/uploads\/Bild-6.cleaned.png 1164w\" sizes=\"(max-width: 1024px) 100vw, 1024px\" \/><\/figure>\n\n\n\n<p><a href=\"#sdfootnote12anc\">12<\/a>Bild 7<\/p>\n\n\n\n<figure class=\"wp-block-image size-large\"><img decoding=\"async\" loading=\"lazy\" width=\"1024\" height=\"457\" src=\"https:\/\/www.antifaschistische-linke.de\/wp-content\/uploads\/Bild-7.cleaned-1024x457.png\" alt=\"\" class=\"wp-image-6937\" srcset=\"https:\/\/www.antifaschistische-linke.de\/wp-content\/uploads\/Bild-7.cleaned-1024x457.png 1024w, https:\/\/www.antifaschistische-linke.de\/wp-content\/uploads\/Bild-7.cleaned-300x134.png 300w, https:\/\/www.antifaschistische-linke.de\/wp-content\/uploads\/Bild-7.cleaned.png 1184w\" sizes=\"(max-width: 1024px) 100vw, 1024px\" \/><\/figure>\n\n\n\n<p><a href=\"#sdfootnote13anc\">13<\/a>Bild 8. Karl Schwarz m\u00f6chte die Antifa jagen.<\/p>\n\n\n\n<figure class=\"wp-block-image size-large\"><img decoding=\"async\" loading=\"lazy\" width=\"516\" height=\"821\" src=\"https:\/\/www.antifaschistische-linke.de\/wp-content\/uploads\/Bild-8.cleaned.png\" alt=\"\" class=\"wp-image-6938\" srcset=\"https:\/\/www.antifaschistische-linke.de\/wp-content\/uploads\/Bild-8.cleaned.png 516w, https:\/\/www.antifaschistische-linke.de\/wp-content\/uploads\/Bild-8.cleaned-189x300.png 189w\" sizes=\"(max-width: 516px) 100vw, 516px\" \/><\/figure>\n\n\n\n<p><a href=\"#sdfootnote14anc\">14<\/a>Vgl. PM: Dubravko Mandic \u2013 ein rechter Netzwerker ( https:\/\/www.antifaschistische-linke.de\/?p=6907)<\/p>\n\n\n\n<p>Vgl. PM: Freiburger Stadtrat Dubravko Mandic (AfD) provoziert mit offen faschistischer Symbolik. (https:\/\/www.antifaschistische-linke.de\/?p=6857).<\/p>\n\n\n\n<p><a href=\"#sdfootnote15anc\">15<\/a>Bild 9<\/p>\n\n\n\n<figure class=\"wp-block-image size-large\"><img decoding=\"async\" loading=\"lazy\" width=\"937\" height=\"441\" src=\"https:\/\/www.antifaschistische-linke.de\/wp-content\/uploads\/Bild-9.cleaned.png\" alt=\"\" class=\"wp-image-6939\" srcset=\"https:\/\/www.antifaschistische-linke.de\/wp-content\/uploads\/Bild-9.cleaned.png 937w, https:\/\/www.antifaschistische-linke.de\/wp-content\/uploads\/Bild-9.cleaned-300x141.png 300w\" sizes=\"(max-width: 937px) 100vw, 937px\" \/><\/figure>\n\n\n\n<p><a href=\"#sdfootnote16anc\">16<\/a>Vgl. https:\/\/www.spiegel.de\/politik\/deutschland\/behoerden-registrieren-mehr-waffen-bei-rechtsextremisten-a-6e1fa179-b0b6-4c89-bf2c-ccd45db65070<\/p>\n\n\n\n<p><a href=\"#sdfootnote17anc\">17<\/a>Vgl. https:\/\/www.sueddeutsche.de\/muenchen\/muenchen-afd-mitarbeiterin-waffengeschaefte-ermittlungen-1.5198513<\/p>\n\n\n\n<p><a href=\"#sdfootnote18anc\">18<\/a>Bild 10<\/p>\n\n\n\n<figure class=\"wp-block-image size-large\"><img decoding=\"async\" loading=\"lazy\" width=\"1024\" height=\"477\" src=\"https:\/\/www.antifaschistische-linke.de\/wp-content\/uploads\/Bild-10.cleaned-1024x477.png\" alt=\"\" class=\"wp-image-6940\" srcset=\"https:\/\/www.antifaschistische-linke.de\/wp-content\/uploads\/Bild-10.cleaned-1024x477.png 1024w, https:\/\/www.antifaschistische-linke.de\/wp-content\/uploads\/Bild-10.cleaned-300x140.png 300w, https:\/\/www.antifaschistische-linke.de\/wp-content\/uploads\/Bild-10.cleaned.png 1278w\" sizes=\"(max-width: 1024px) 100vw, 1024px\" \/><\/figure>\n\n\n\n<p><a href=\"#sdfootnote19anc\">19<\/a> Bild 11<\/p>\n\n\n\n<figure class=\"wp-block-image size-large\"><img decoding=\"async\" loading=\"lazy\" width=\"1024\" height=\"477\" src=\"https:\/\/www.antifaschistische-linke.de\/wp-content\/uploads\/Bild-11.cleaned-1024x477.png\" alt=\"\" class=\"wp-image-6941\" srcset=\"https:\/\/www.antifaschistische-linke.de\/wp-content\/uploads\/Bild-11.cleaned-1024x477.png 1024w, https:\/\/www.antifaschistische-linke.de\/wp-content\/uploads\/Bild-11.cleaned-300x140.png 300w, https:\/\/www.antifaschistische-linke.de\/wp-content\/uploads\/Bild-11.cleaned.png 1227w\" sizes=\"(max-width: 1024px) 100vw, 1024px\" \/><\/figure>\n\n\n\n<p><em><a href=\"#sdfootnote20anc\">20<\/a> Bild 12<\/em><\/p>\n\n\n\n<figure class=\"wp-block-image size-large\"><img decoding=\"async\" loading=\"lazy\" width=\"523\" height=\"793\" src=\"https:\/\/www.antifaschistische-linke.de\/wp-content\/uploads\/Bild-12.cleaned.png\" alt=\"\" class=\"wp-image-6942\" srcset=\"https:\/\/www.antifaschistische-linke.de\/wp-content\/uploads\/Bild-12.cleaned.png 523w, https:\/\/www.antifaschistische-linke.de\/wp-content\/uploads\/Bild-12.cleaned-198x300.png 198w\" sizes=\"(max-width: 523px) 100vw, 523px\" \/><\/figure>\n\n\n\n<p><a href=\"#sdfootnote21anc\">21<\/a>Vgl. Know your enemy S.19. Karl Schwarz kniet auf einem Foto neben einer Frau in einem Shirt der IB, sowie einem weiteren IBler mit einem <em>Ethnopluralist<\/em>-shirt. Ebenfalls anwesend sind die Freiburger JAler Marco N\u00e4ger, Nils Schmidt sowie der rechte Aktivist und AfDler Reimond Hoffmann.<\/p>\n\n\n\n<p><a href=\"#sdfootnote22anc\">22<\/a>Vgl. zum Ritterorden: https:\/\/rdl.de\/beitrag\/der-ritterorden-innerhalb-der-afd-sucht-n-he-zu-identit-ren<\/p>\n\n\n\n<p><a href=\"#sdfootnote23anc\">23<\/a>Bild 13<\/p>\n\n\n\n<figure class=\"wp-block-image size-large\"><img decoding=\"async\" loading=\"lazy\" width=\"960\" height=\"960\" src=\"https:\/\/www.antifaschistische-linke.de\/wp-content\/uploads\/Bild-13.cleaned.jpg\" alt=\"\" class=\"wp-image-6943\" srcset=\"https:\/\/www.antifaschistische-linke.de\/wp-content\/uploads\/Bild-13.cleaned.jpg 960w, https:\/\/www.antifaschistische-linke.de\/wp-content\/uploads\/Bild-13.cleaned-300x300.jpg 300w, https:\/\/www.antifaschistische-linke.de\/wp-content\/uploads\/Bild-13.cleaned-180x180.jpg 180w, https:\/\/www.antifaschistische-linke.de\/wp-content\/uploads\/Bild-13.cleaned-50x50.jpg 50w, https:\/\/www.antifaschistische-linke.de\/wp-content\/uploads\/Bild-13.cleaned-80x80.jpg 80w\" sizes=\"(max-width: 960px) 100vw, 960px\" \/><\/figure>\n\n\n\n<p><a href=\"#sdfootnote24anc\">24<\/a>Vgl. zum Ritterorden: https:\/\/rdl.de\/beitrag\/der-ritterorden-innerhalb-der-afd-sucht-n-he-zu-identit-ren<\/p>\n\n\n\n<p><a href=\"#sdfootnote25anc\">25<\/a>Bild 14<\/p>\n\n\n\n<figure class=\"wp-block-image size-large is-resized\"><img decoding=\"async\" loading=\"lazy\" src=\"https:\/\/www.antifaschistische-linke.de\/wp-content\/uploads\/Bild-14.cleaned-1024x549.png\" alt=\"\" class=\"wp-image-6944\" width=\"620\" height=\"332\" srcset=\"https:\/\/www.antifaschistische-linke.de\/wp-content\/uploads\/Bild-14.cleaned-1024x549.png 1024w, https:\/\/www.antifaschistische-linke.de\/wp-content\/uploads\/Bild-14.cleaned-300x161.png 300w, https:\/\/www.antifaschistische-linke.de\/wp-content\/uploads\/Bild-14.cleaned.png 1032w\" sizes=\"(max-width: 620px) 100vw, 620px\" \/><\/figure>\n\n\n\n<p><a href=\"#sdfootnote26anc\">26<\/a>Bild 14<\/p>\n\n\n\n<p><a href=\"#sdfootnote27anc\">27<\/a>Vgl. https:\/\/www.youtube.com\/watch?v=_iAQ46rCICQ<br><br><a href=\"#sdfootnote28anc\">28<\/a>Vgl. PM: Dubravko Mandic \u2013 ein rechter Netzwerker ( https:\/\/www.antifaschistische-linke.de\/?p=6907)<\/p>\n\n\n\n<p><a href=\"#sdfootnote29anc\">29<\/a>Vgl. Bild 15<\/p>\n\n\n\n<figure class=\"wp-block-image size-large\"><img decoding=\"async\" loading=\"lazy\" width=\"985\" height=\"1024\" src=\"https:\/\/www.antifaschistische-linke.de\/wp-content\/uploads\/Bild-15.cleaned-985x1024.png\" alt=\"\" class=\"wp-image-6945\" srcset=\"https:\/\/www.antifaschistische-linke.de\/wp-content\/uploads\/Bild-15.cleaned-985x1024.png 985w, https:\/\/www.antifaschistische-linke.de\/wp-content\/uploads\/Bild-15.cleaned-288x300.png 288w, https:\/\/www.antifaschistische-linke.de\/wp-content\/uploads\/Bild-15.cleaned.png 1173w\" sizes=\"(max-width: 985px) 100vw, 985px\" \/><\/figure>\n\n\n\n<p><a href=\"#sdfootnote30anc\">30<\/a>Vgl. PM: Dubravko Mandic \u2013 ein rechter Netzwerker ( https:\/\/www.antifaschistische-linke.de\/?p=6907)<\/p>\n\n\n\n<p><a href=\"#sdfootnote31anc\">31<\/a>Bild 16. Karl Schwarz und die JA in Freiburg. Immer zugegen, Dubravko Mandic<\/p>\n\n\n\n<figure class=\"wp-block-image size-large\"><img decoding=\"async\" loading=\"lazy\" width=\"936\" height=\"600\" src=\"https:\/\/www.antifaschistische-linke.de\/wp-content\/uploads\/Bild-16.cleaned.png\" alt=\"\" class=\"wp-image-6946\" srcset=\"https:\/\/www.antifaschistische-linke.de\/wp-content\/uploads\/Bild-16.cleaned.png 936w, https:\/\/www.antifaschistische-linke.de\/wp-content\/uploads\/Bild-16.cleaned-300x192.png 300w\" sizes=\"(max-width: 936px) 100vw, 936px\" \/><\/figure>\n\n\n\n<p><a href=\"#sdfootnote32anc\">32<\/a>Bild 17<\/p>\n\n\n\n<figure class=\"wp-block-image size-large\"><img decoding=\"async\" loading=\"lazy\" width=\"1024\" height=\"482\" src=\"https:\/\/www.antifaschistische-linke.de\/wp-content\/uploads\/Bild-17.cleaned-1024x482.png\" alt=\"\" class=\"wp-image-6947\" srcset=\"https:\/\/www.antifaschistische-linke.de\/wp-content\/uploads\/Bild-17.cleaned-1024x482.png 1024w, https:\/\/www.antifaschistische-linke.de\/wp-content\/uploads\/Bild-17.cleaned-300x141.png 300w, https:\/\/www.antifaschistische-linke.de\/wp-content\/uploads\/Bild-17.cleaned.png 1231w\" sizes=\"(max-width: 1024px) 100vw, 1024px\" \/><\/figure>\n\n\n\n<p><a href=\"#sdfootnote33anc\">33<\/a>Bild 18<\/p>\n\n\n\n<figure class=\"wp-block-image size-large\"><img decoding=\"async\" loading=\"lazy\" width=\"960\" height=\"720\" src=\"https:\/\/www.antifaschistische-linke.de\/wp-content\/uploads\/Bild-18.cleaned.jpg\" alt=\"\" class=\"wp-image-6948\" srcset=\"https:\/\/www.antifaschistische-linke.de\/wp-content\/uploads\/Bild-18.cleaned.jpg 960w, https:\/\/www.antifaschistische-linke.de\/wp-content\/uploads\/Bild-18.cleaned-300x225.jpg 300w, https:\/\/www.antifaschistische-linke.de\/wp-content\/uploads\/Bild-18.cleaned-400x300.jpg 400w\" sizes=\"(max-width: 960px) 100vw, 960px\" \/><\/figure>\n\n\n\n<p><a href=\"#sdfootnote34anc\">34<\/a>Vgl. https:\/\/www.karlschwarz.de\/<\/p>\n\n\n\n<p><a href=\"#sdfootnote35anc\">35<\/a>Bild 19<\/p>\n\n\n\n<figure class=\"wp-block-image size-large\"><img decoding=\"async\" loading=\"lazy\" width=\"527\" height=\"782\" src=\"https:\/\/www.antifaschistische-linke.de\/wp-content\/uploads\/Bild-19.cleaned.png\" alt=\"\" class=\"wp-image-6949\" srcset=\"https:\/\/www.antifaschistische-linke.de\/wp-content\/uploads\/Bild-19.cleaned.png 527w, https:\/\/www.antifaschistische-linke.de\/wp-content\/uploads\/Bild-19.cleaned-202x300.png 202w\" sizes=\"(max-width: 527px) 100vw, 527px\" \/><\/figure>\n\n\n\n<p><a href=\"#sdfootnote36anc\">36<\/a>Bild 20<\/p>\n\n\n\n<figure class=\"wp-block-image size-large\"><img decoding=\"async\" loading=\"lazy\" width=\"525\" height=\"569\" src=\"https:\/\/www.antifaschistische-linke.de\/wp-content\/uploads\/Bild-20.cleaned.png\" alt=\"\" class=\"wp-image-6950\" srcset=\"https:\/\/www.antifaschistische-linke.de\/wp-content\/uploads\/Bild-20.cleaned.png 525w, https:\/\/www.antifaschistische-linke.de\/wp-content\/uploads\/Bild-20.cleaned-277x300.png 277w\" sizes=\"(max-width: 525px) 100vw, 525px\" \/><\/figure>\n\n\n\n<p><a href=\"#sdfootnote37anc\">37<\/a>Bild 20<\/p>\n\n\n\n<p><a href=\"#sdfootnote38anc\">38<\/a>Bild 20<\/p>\n\n\n\n<p><a href=\"#sdfootnote39anc\">39<\/a>Stefan R\u00e4pple: Vgl. Know your enemy S. 15 f.<\/p>\n\n\n\n<p><a href=\"#sdfootnote40anc\">40<\/a>Vgl. Mandic wird von R\u00e4pple als Redner geladen. https:\/\/www.youtube.com\/watch?v=iYOj8dY0G78<\/p>\n\n\n\n<p><a href=\"#sdfootnote41anc\">41<\/a>https:\/\/www.stuttgarter-nachrichten.de\/inhalt.afd-in-baden-wuerttemberg-fraktion-in-stuttgart-zerbrochen-meuthen-tritt-zurueck.3ec68563-49fb-4d05-aa17-4bcaa4492600.html<\/p>\n\n\n\n<p><\/p>\n\n\n\n<p><\/p>\n\n\n\n<p><\/p>\n","protected":false},"excerpt":{"rendered":"<p>Karl Schwarz, der erst seit 2017 Mitglied der AfD ist, kann zwar ebenfalls als ein Z\u00f6gling Dubravko Mandics bezeichnet werden, unterscheidet sich aber in einem wesentlichen Punkt von der sonstigen Nachwuchsarbeit in Freiburg. Anders als gro\u00dfe Teile der JA1 hat Schwarz keinen akademischen und burschenschaftlichen Hintergrund (auch, wenn er des \u00d6fteren als Gast bei der [&hellip;]<\/p>\n","protected":false},"author":1,"featured_media":6958,"comment_status":"closed","ping_status":"closed","sticky":false,"template":"","format":"standard","meta":[],"categories":[1],"tags":[],"_links":{"self":[{"href":"https:\/\/www.antifaschistische-linke.de\/index.php?rest_route=\/wp\/v2\/posts\/6955"}],"collection":[{"href":"https:\/\/www.antifaschistische-linke.de\/index.php?rest_route=\/wp\/v2\/posts"}],"about":[{"href":"https:\/\/www.antifaschistische-linke.de\/index.php?rest_route=\/wp\/v2\/types\/post"}],"author":[{"embeddable":true,"href":"https:\/\/www.antifaschistische-linke.de\/index.php?rest_route=\/wp\/v2\/users\/1"}],"replies":[{"embeddable":true,"href":"https:\/\/www.antifaschistische-linke.de\/index.php?rest_route=%2Fwp%2Fv2%2Fcomments&post=6955"}],"version-history":[{"count":0,"href":"https:\/\/www.antifaschistische-linke.de\/index.php?rest_route=\/wp\/v2\/posts\/6955\/revisions"}],"wp:featuredmedia":[{"embeddable":true,"href":"https:\/\/www.antifaschistische-linke.de\/index.php?rest_route=\/wp\/v2\/media\/6958"}],"wp:attachment":[{"href":"https:\/\/www.antifaschistische-linke.de\/index.php?rest_route=%2Fwp%2Fv2%2Fmedia&parent=6955"}],"wp:term":[{"taxonomy":"category","embeddable":true,"href":"https:\/\/www.antifaschistische-linke.de\/index.php?rest_route=%2Fwp%2Fv2%2Fcategories&post=6955"},{"taxonomy":"post_tag","embeddable":true,"href":"https:\/\/www.antifaschistische-linke.de\/index.php?rest_route=%2Fwp%2Fv2%2Ftags&post=6955"}],"curies":[{"name":"wp","href":"https:\/\/api.w.org\/{rel}","templated":true}]}}