{"id":6963,"date":"2021-02-24T11:49:40","date_gmt":"2021-02-24T10:49:40","guid":{"rendered":"https:\/\/www.antifaschistische-linke.de\/?p=6963"},"modified":"2021-02-24T11:49:43","modified_gmt":"2021-02-24T10:49:43","slug":"internationaler-frauenkampftag-2021","status":"publish","type":"post","link":"https:\/\/www.antifaschistische-linke.de\/?p=6963","title":{"rendered":"Internationaler Frauen*kampftag 2021"},"content":{"rendered":"\n<p>Wir werden nicht m\u00fcde f\u00fcr eine gerechte Gesellschaft zu k\u00e4mpfen und somit werden wir auch diesen 8. M\u00e4rz auf die Stra\u00dfe gehen! Los geht&#8217;s um 17.00 Uhr auf dem St\u00fchlingerkirchplatz. Mehr Infos und den Aufruf in vielen verschiedenen Sprachen findet ihr hier:<\/p>\n\n\n\n<p><a href=\"http:\/\/8maerzfr.tk\/*\">http:\/\/8maerzfr.tk\/*<\/a><\/p>\n\n\n\n<figure class=\"wp-block-image\"><img alt=\"\"\/><\/figure>\n","protected":false},"excerpt":{"rendered":"<p>Wir werden nicht m\u00fcde f\u00fcr eine gerechte Gesellschaft zu k\u00e4mpfen und somit werden wir auch diesen 8. M\u00e4rz auf die Stra\u00dfe gehen! Los geht&#8217;s um 17.00 Uhr auf dem St\u00fchlingerkirchplatz. Mehr Infos und den Aufruf in vielen verschiedenen Sprachen findet ihr hier: http:\/\/8maerzfr.tk\/*<\/p>\n","protected":false},"author":1,"featured_media":6965,"comment_status":"closed","ping_status":"closed","sticky":false,"template":"","format":"standard","meta":[],"categories":[922,790,1032,6,1031,4],"tags":[],"_links":{"self":[{"href":"https:\/\/www.antifaschistische-linke.de\/index.php?rest_route=\/wp\/v2\/posts\/6963"}],"collection":[{"href":"https:\/\/www.antifaschistische-linke.de\/index.php?rest_route=\/wp\/v2\/posts"}],"about":[{"href":"https:\/\/www.antifaschistische-linke.de\/index.php?rest_route=\/wp\/v2\/types\/post"}],"author":[{"embeddable":true,"href":"https:\/\/www.antifaschistische-linke.de\/index.php?rest_route=\/wp\/v2\/users\/1"}],"replies":[{"embeddable":true,"href":"https:\/\/www.antifaschistische-linke.de\/index.php?rest_route=%2Fwp%2Fv2%2Fcomments&post=6963"}],"version-history":[{"count":0,"href":"https:\/\/www.antifaschistische-linke.de\/index.php?rest_route=\/wp\/v2\/posts\/6963\/revisions"}],"wp:featuredmedia":[{"embeddable":true,"href":"https:\/\/www.antifaschistische-linke.de\/index.php?rest_route=\/wp\/v2\/media\/6965"}],"wp:attachment":[{"href":"https:\/\/www.antifaschistische-linke.de\/index.php?rest_route=%2Fwp%2Fv2%2Fmedia&parent=6963"}],"wp:term":[{"taxonomy":"category","embeddable":true,"href":"https:\/\/www.antifaschistische-linke.de\/index.php?rest_route=%2Fwp%2Fv2%2Fcategories&post=6963"},{"taxonomy":"post_tag","embeddable":true,"href":"https:\/\/www.antifaschistische-linke.de\/index.php?rest_route=%2Fwp%2Fv2%2Ftags&post=6963"}],"curies":[{"name":"wp","href":"https:\/\/api.w.org\/{rel}","templated":true}]}}