{"id":7008,"date":"2021-04-22T17:42:27","date_gmt":"2021-04-22T15:42:27","guid":{"rendered":"https:\/\/www.antifaschistische-linke.de\/?p=7008"},"modified":"2021-04-27T23:25:05","modified_gmt":"2021-04-27T21:25:05","slug":"1-mai-keine-solidaritaet-mit-dem-kapital","status":"publish","type":"post","link":"https:\/\/www.antifaschistische-linke.de\/?p=7008","title":{"rendered":"1. Mai: Keine Solidarit\u00e4t mit dem Kapital!"},"content":{"rendered":"\n<p><em>Demo und Kundgebung am 1. Mai um 11 Uhr am Platz der Alten Synagoge; Kampftag der Arbeiter:innenklasse<\/em><\/p>\n\n\n\n<p><strong>Keine Solidarit\u00e4t mit dem Kapital &#8211; wir zahlen nicht f\u00fcr ihre Krise!<\/strong><\/p>\n\n\n\n<p>Die Corona-Krise dauert nun schon \u00fcber ein Jahr \u2013 und es gibt viele Gewinner:innen. Zum Beispiel die Aktion\u00e4r:innen der Daimler AG, die vom Vorstandschef K\u00e4llenius 1444 Millionen Euro ausgesch\u00fcttet bekommen. Und nicht viel besser ist auch die Deutsche Post. Sie machte letztes Jahr einen Gewinn von \u00fcber 800 Millionen Euro. Auch Amazon gewinnt und setzt zum ersten Mal 100 Milliarden Euro um. <strong>Geld ist also auch in der Krise da.<\/strong> Das Verm\u00f6gen der zehn reichsten M\u00e4nner ist so w\u00e4hrend der Corona-Krise auf 1,12 Billionen US-Dollar gestiegen.<\/p>\n\n\n\n<p><strong>W\u00e4hrend die einen gewinnen, verlieren die anderen.<\/strong> Der Gewinn entsteht auf dem R\u00fccken vieler Menschen, die nichts gewonnen haben sondern im Gegenteil als Verlierer:innen aus der Krise hervorgehen.Wir leben in einem Land, in dem die untere H\u00e4lfte der Gesellschaft nur 1,4 Prozent des Verm\u00f6gens besitzt. Wir leben in einem Land in dem Aktion\u00e4r:innen hunderte von Millionen Euros in der Krise bekommen, w\u00e4hrend andere in Kurzarbeit geschickt oder gek\u00fcndigt werden und Amazon den Angestellten keinen Tarifvertrag gew\u00e4hrt aber gleichzeitig Gewinne ohne Ende scheffelt. Wir leben in einem Land, in dem wir f\u00fcr die Gewinne anderer arbeiten sollen.<\/p>\n\n\n\n<p><strong>Wir sollten w\u00fctend sein.<\/strong> Es nicht l\u00e4nger hinnehmen, f\u00fcr Menschen zu arbeiten, die uns ausbeuten, um im Luxus zu leben. Es nicht l\u00e4nger hinnehmen uns jeden Tag in der Arbeit dem Risiko der Pandemie auszusetzen ohne richtig gesch\u00fctzt zu sein, w\u00e4hrend es in unserer Freizeit immer weniger Raum gibt uns zu erholen und Kraft zu tanken, weil wir mit unseren Liebsten kaum mehr spazieren gehen d\u00fcrfen. Wir sollten k\u00fcndigen, weil wir es leid sind uns kaputt zu machen f\u00fcr Menschen hinter Konzernen, die nicht solidarisch mit uns sind. Wir sollten w\u00fctend sein, weil es die Menschen, die es in unserer kapitalistischen Gesellschaft schwer haben, in der Pandemie besonders trifft. Und die Unf\u00e4higkeit der f\u00fchrenden Politiker:innen mit der Pandemie richtig umzugehen, verschlimmert diese Situation umso mehr. Nehmen wir unsere Wut als Antrieb, um f\u00fcr eine neue soziale und politische Macht von unten zu k\u00e4mpfen \u2013 jetzt erst recht!<\/p>\n\n\n\n<p><strong>Die<\/strong><strong> Kanzlerin sagt, es ist die Zeit der Solidarit\u00e4t. <\/strong><strong>Doch Solidarit\u00e4t f\u00fcr wen? <\/strong>Wir sind nicht solidarisch mit den Krisengewinner:innen. Wir sind nicht solidarisch mit dem Kapitalismus, dem System, das hinter diesem Wahnsinn steht.<\/p>\n\n\n\n<p><strong>Unsere Solidarit\u00e4t geh\u00f6rt uns.<\/strong> Denen, die unter dem Egoismus der anderen leiden. Denen, die f\u00fcr eine solidarische Gesellschaft k\u00e4mpfen. Deswegen rufen wir euch zum 1. Mai, dem internationalen Tag der Arbeiter:innenklasse auf. Kommt am 1. Mai zur Gewerkschaftsdemo: 11 Uhr Platz der Alten Synagoge.<\/p>\n\n\n\n<figure class=\"wp-block-image size-large\"><img decoding=\"async\" loading=\"lazy\" width=\"750\" height=\"750\" src=\"https:\/\/www.antifaschistische-linke.de\/wp-content\/uploads\/online.png\" alt=\"\" class=\"wp-image-7011\" srcset=\"https:\/\/www.antifaschistische-linke.de\/wp-content\/uploads\/online.png 750w, https:\/\/www.antifaschistische-linke.de\/wp-content\/uploads\/online-300x300.png 300w, https:\/\/www.antifaschistische-linke.de\/wp-content\/uploads\/online-180x180.png 180w, https:\/\/www.antifaschistische-linke.de\/wp-content\/uploads\/online-50x50.png 50w, https:\/\/www.antifaschistische-linke.de\/wp-content\/uploads\/online-80x80.png 80w\" sizes=\"(max-width: 750px) 100vw, 750px\" \/><\/figure>\n","protected":false},"excerpt":{"rendered":"<p>Demo und Kundgebung am 1. Mai um 11 Uhr am Platz der Alten Synagoge; Kampftag der Arbeiter:innenklasse Keine Solidarit\u00e4t mit dem Kapital &#8211; wir zahlen nicht f\u00fcr ihre Krise! Die Corona-Krise dauert nun schon \u00fcber ein Jahr \u2013 und es gibt viele Gewinner:innen. Zum Beispiel die Aktion\u00e4r:innen der Daimler AG, die vom Vorstandschef K\u00e4llenius 1444 [&hellip;]<\/p>\n","protected":false},"author":1,"featured_media":7011,"comment_status":"closed","ping_status":"closed","sticky":false,"template":"","format":"standard","meta":[],"categories":[10,1087,790,6,642,4,7],"tags":[],"_links":{"self":[{"href":"https:\/\/www.antifaschistische-linke.de\/index.php?rest_route=\/wp\/v2\/posts\/7008"}],"collection":[{"href":"https:\/\/www.antifaschistische-linke.de\/index.php?rest_route=\/wp\/v2\/posts"}],"about":[{"href":"https:\/\/www.antifaschistische-linke.de\/index.php?rest_route=\/wp\/v2\/types\/post"}],"author":[{"embeddable":true,"href":"https:\/\/www.antifaschistische-linke.de\/index.php?rest_route=\/wp\/v2\/users\/1"}],"replies":[{"embeddable":true,"href":"https:\/\/www.antifaschistische-linke.de\/index.php?rest_route=%2Fwp%2Fv2%2Fcomments&post=7008"}],"version-history":[{"count":0,"href":"https:\/\/www.antifaschistische-linke.de\/index.php?rest_route=\/wp\/v2\/posts\/7008\/revisions"}],"wp:featuredmedia":[{"embeddable":true,"href":"https:\/\/www.antifaschistische-linke.de\/index.php?rest_route=\/wp\/v2\/media\/7011"}],"wp:attachment":[{"href":"https:\/\/www.antifaschistische-linke.de\/index.php?rest_route=%2Fwp%2Fv2%2Fmedia&parent=7008"}],"wp:term":[{"taxonomy":"category","embeddable":true,"href":"https:\/\/www.antifaschistische-linke.de\/index.php?rest_route=%2Fwp%2Fv2%2Fcategories&post=7008"},{"taxonomy":"post_tag","embeddable":true,"href":"https:\/\/www.antifaschistische-linke.de\/index.php?rest_route=%2Fwp%2Fv2%2Ftags&post=7008"}],"curies":[{"name":"wp","href":"https:\/\/api.w.org\/{rel}","templated":true}]}}