{"id":701,"date":"2009-05-20T20:00:00","date_gmt":"2009-05-20T18:00:00","guid":{"rendered":"http:\/\/alfr.blogsport.de\/2009\/08\/22\/antifakneipe-im-mai-2009\/"},"modified":"2009-05-20T20:00:00","modified_gmt":"2009-05-20T18:00:00","slug":"antifakneipe-im-mai-2009","status":"publish","type":"post","link":"https:\/\/www.antifaschistische-linke.de\/?p=701","title":{"rendered":"Antifakneipe im Mai 2009"},"content":{"rendered":"<p><img decoding=\"async\" src=\"http:\/\/www.antifaschistische-linke.de\/Bilder\/2009-05-20-kneipe.jpg\" align=\"left\" alt=\"\" \/>Die Freiburger Antifa-Kneipe gibt es diesmal mit dem Film \u201eDas siebte Kreuz\u201c. Sieben H\u00e4ftlingen gelingt 1936 die Flucht aus dem Konzentrationslager Westhofen bei Mainz. F\u00fcr jeden Fl\u00fcchtling l\u00e4sst der Lagerkommandant Overkamp ein Kreuz aufstellen, um diese bei Wiedergefangennahme daran zu heften. Der Film erz\u00e4hlt von der Flucht des Georg Heisler, beginnend mit den Problemen, unerkannt in die n\u00e4chste Stadt zu gelangen und an Kleidung und Ausweispapiere zu kommen, bei der Gewissheit, dass seine altenm Genossen entweder verhaftet sind oder unter \u00dcberwachung stehen. Er schildert auf realistische Weise den terroristischen Charakter des Nazi-Regimes, auch aber die Erfassung gro\u00dfer Teile der deutschen Bev\u00f6lkerung durch dieses. Zugleich aber kann die einzige Hoffnung Heislers auf eine erfolgreiche Flucht aus Deutschland, auf der Humanit\u00e4t einzelner Menschen sowie den Resten der Arbeiterbewegung im Untergrund liegen.<!--more--><\/p>\n<p>\u201eDas siebte Kreuz\u201c wurde noch 1944, w\u00e4hrend des Zweiten Weltkrieges, von Alfred Zinnemann in Hollywood verfilmt. Mehrere Nebenrollen sind besetzt von Menschen, die auf Grund ihrer linken Haltung bzw. ihrer j\u00fcdischen Herkunft zum Exil aus dem faschistischen Deutschland gezwungen wurden. Der Stoff des Filmes geht zur\u00fcck auf den gleichnamigen Roman von Anna Seghers, der in vollst\u00e4ndiger Fassung 1942 in den USA auf Englisch sowie in Mexico auf Deutsch erschien. Buch und Film wurden in den USA Publikumserfolge.<\/p>\n<p>Vor dem Film werden wir eine kurze Einf\u00fchrung in die historischen Umst\u00e4nde von Roman und Film bieten, so dass danach bei Bedarf Zeit f\u00fcr Diskussion ist. Au\u00dferdem gibt es Snacks, k\u00fchle Getr\u00e4nke und unglaublich gute Musik.<\/p>\n<p><strong><em>Mittwoch, 20.05.2009 &#8211; KTS Freiburg &#8211; 20:00 Uhr<\/em><\/strong><\/p>\n<p><strong>Mehr lesen:<\/strong><br \/>\n<a href=\"http:\/\/www.dhm.de\/lemo\/html\/biografien\/SeghersAnna\/\">Anna Seghers Biographie 1900-1983<\/a><br \/>\n<a href=\"http:\/\/de.wikipedia.org\/wiki\/Das_siebte_Kreuz_(1944)\">Weitere Infos zum Film<\/a><\/p>\n<p><strong>Download Flyer:<\/strong> <a href=\"http:\/\/www.antifaschistische-linke.de\/Bilder\/2009-05-20-kneipe-flyer-front.jpg\">Vorderseite<\/a> | <a href=\"http:\/\/www.antifaschistische-linke.de\/Bilder\/2009-05-20-kneipe-flyer-back.jpg\">R\u00fcckseite<\/a><\/p>\n","protected":false},"excerpt":{"rendered":"<p>Die Freiburger Antifa-Kneipe gibt es diesmal mit dem Film \u201eDas siebte Kreuz\u201c. Sieben H\u00e4ftlingen gelingt 1936 die Flucht aus dem Konzentrationslager Westhofen bei Mainz. F\u00fcr jeden Fl\u00fcchtling l\u00e4sst der Lagerkommandant Overkamp ein Kreuz aufstellen, um diese bei Wiedergefangennahme daran zu heften. Der Film erz\u00e4hlt von der Flucht des Georg Heisler, beginnend mit den Problemen, unerkannt [&hellip;]<\/p>\n","protected":false},"author":1,"featured_media":0,"comment_status":"closed","ping_status":"closed","sticky":false,"template":"","format":"standard","meta":[],"categories":[1],"tags":[],"_links":{"self":[{"href":"https:\/\/www.antifaschistische-linke.de\/index.php?rest_route=\/wp\/v2\/posts\/701"}],"collection":[{"href":"https:\/\/www.antifaschistische-linke.de\/index.php?rest_route=\/wp\/v2\/posts"}],"about":[{"href":"https:\/\/www.antifaschistische-linke.de\/index.php?rest_route=\/wp\/v2\/types\/post"}],"author":[{"embeddable":true,"href":"https:\/\/www.antifaschistische-linke.de\/index.php?rest_route=\/wp\/v2\/users\/1"}],"replies":[{"embeddable":true,"href":"https:\/\/www.antifaschistische-linke.de\/index.php?rest_route=%2Fwp%2Fv2%2Fcomments&post=701"}],"version-history":[{"count":0,"href":"https:\/\/www.antifaschistische-linke.de\/index.php?rest_route=\/wp\/v2\/posts\/701\/revisions"}],"wp:attachment":[{"href":"https:\/\/www.antifaschistische-linke.de\/index.php?rest_route=%2Fwp%2Fv2%2Fmedia&parent=701"}],"wp:term":[{"taxonomy":"category","embeddable":true,"href":"https:\/\/www.antifaschistische-linke.de\/index.php?rest_route=%2Fwp%2Fv2%2Fcategories&post=701"},{"taxonomy":"post_tag","embeddable":true,"href":"https:\/\/www.antifaschistische-linke.de\/index.php?rest_route=%2Fwp%2Fv2%2Ftags&post=701"}],"curies":[{"name":"wp","href":"https:\/\/api.w.org\/{rel}","templated":true}]}}