{"id":702,"date":"2009-06-17T20:00:44","date_gmt":"2009-06-17T18:00:44","guid":{"rendered":"http:\/\/alfr.blogsport.de\/2009\/06\/17\/antifakneipe-im-juni-2009\/"},"modified":"2009-06-17T20:00:44","modified_gmt":"2009-06-17T18:00:44","slug":"antifakneipe-im-juni-2009","status":"publish","type":"post","link":"https:\/\/www.antifaschistische-linke.de\/?p=702","title":{"rendered":"Antifakneipe im Juni 2009"},"content":{"rendered":"<p><img decoding=\"async\" src=\"http:\/\/www.antifaschistische-linke.de\/Bilder\/2009-06-17-kneipe.jpg\" align=\"left\" alt=\"F\u00fcr Solidarit\u00e4t und freie Bildung!\" \/>Die heutige Freiburger Antifa-Kneipe steht ganz unter dem Motto \u201eBildungstreik 2009\u201c, der in diesem Jahr auch in unserer Stadt den Protest gegen die ungerechten Verh\u00e4ltnisse in Schulen, Unis, Betrieben, ja in der ganzen Gesellschaft auf die Stra\u00dfe tr\u00e4gt. Nach einer gro\u00dfen Demonstration am heutigen Mittwoch kann und soll die KTS Anlaufpunkt der Nachbereitung, des Austausches, der Information und auch der geselligen Feierei sein.<!--more--><\/p>\n<p>Nach einem kurzen Statement der Antifaschistischen Linken Freiburg zu den Bildungsprotesten in Freiburg und dem gesamtgesellschaftlichen Kontext dieser, wird der Film \u201eKick it like Frankreich &#8211; Der Aufstand der Studenten\u201c pr\u00e4sentiert. Er hatte im November 2006 Premiere und ist seitdem in vielen Kinos, Universit\u00e4ten und Schulen gezeigt worden. Regisseur Martin Ke\u00dfler zeigt darin die gro\u00dfen Proteste der Studierenden in der BRD gegen Studiengeb\u00fchren, f\u00fcr mehr Mitbestimmung an den Schulen und Hochschulen, gegen soziale Ausgrenzung \u00e4rmerer Schichten und eine schleichende Privatisierung des Bildungssektors. Er zeigt auch eine neue Entschlossenheit der Studierenden bei den Aktionen gegen diese ungerechten Verh\u00e4ltnisse auf und geht dabei einigen Fragen nach:<\/p>\n<p>Warum haben wir in Deutschland (noch) keine franz\u00f6sischen Verh\u00e4ltnisse? Was treibt die Sch\u00fclerInnen und Studierenden zu immer heftigeren Protesten? Was hat der Kampf gegen Studiengeb\u00fchren mit dem Widerstand gegen Hartz IV zu tun?<\/p>\n<p>Nach dem Film wird ausreichend Zeit f\u00fcr Diskussionen zur Verf\u00fcgung stehen. Davor und danach gibt es nat\u00fcrlich wie immer k\u00fchle Getr\u00e4nke, frische Snacks und unglaublich gute Musik.<\/p>\n<p><strong><em>Mittwoch, 17.06.2009 &#8211; KTS Freiburg &#8211; 20:00 Uhr<\/em><\/strong><\/p>\n<p><strong>Mehr lesen:<\/strong><br \/>\n<a href=\"http:\/\/www.bildungsstreik2009-freiburg.de\">Freiburger Bildungsstreikb\u00fcndnis<\/a><br \/>\n<a href=\"http:\/\/www.neuewut.de\/kickit\/f_derfilm.html\">Hintergr\u00fcnde zum Film<\/a><\/p>\n<p><strong>Download Flyer:<\/strong> <a href=\"http:\/\/www.antifaschistische-linke.de\/Bilder\/2009-06-17-kneipe-flyer-front.jpg\">Vorderseite<\/a> | <a href=\"http:\/\/www.antifaschistische-linke.de\/Bilder\/2009-06-17-kneipe-flyer-back.jpg\">R\u00fcckseite<\/a><\/p>\n","protected":false},"excerpt":{"rendered":"<p>Die heutige Freiburger Antifa-Kneipe steht ganz unter dem Motto \u201eBildungstreik 2009\u201c, der in diesem Jahr auch in unserer Stadt den Protest gegen die ungerechten Verh\u00e4ltnisse in Schulen, Unis, Betrieben, ja in der ganzen Gesellschaft auf die Stra\u00dfe tr\u00e4gt. Nach einer gro\u00dfen Demonstration am heutigen Mittwoch kann und soll die KTS Anlaufpunkt der Nachbereitung, des Austausches, [&hellip;]<\/p>\n","protected":false},"author":1,"featured_media":0,"comment_status":"closed","ping_status":"closed","sticky":false,"template":"","format":"standard","meta":[],"categories":[1],"tags":[],"_links":{"self":[{"href":"https:\/\/www.antifaschistische-linke.de\/index.php?rest_route=\/wp\/v2\/posts\/702"}],"collection":[{"href":"https:\/\/www.antifaschistische-linke.de\/index.php?rest_route=\/wp\/v2\/posts"}],"about":[{"href":"https:\/\/www.antifaschistische-linke.de\/index.php?rest_route=\/wp\/v2\/types\/post"}],"author":[{"embeddable":true,"href":"https:\/\/www.antifaschistische-linke.de\/index.php?rest_route=\/wp\/v2\/users\/1"}],"replies":[{"embeddable":true,"href":"https:\/\/www.antifaschistische-linke.de\/index.php?rest_route=%2Fwp%2Fv2%2Fcomments&post=702"}],"version-history":[{"count":0,"href":"https:\/\/www.antifaschistische-linke.de\/index.php?rest_route=\/wp\/v2\/posts\/702\/revisions"}],"wp:attachment":[{"href":"https:\/\/www.antifaschistische-linke.de\/index.php?rest_route=%2Fwp%2Fv2%2Fmedia&parent=702"}],"wp:term":[{"taxonomy":"category","embeddable":true,"href":"https:\/\/www.antifaschistische-linke.de\/index.php?rest_route=%2Fwp%2Fv2%2Fcategories&post=702"},{"taxonomy":"post_tag","embeddable":true,"href":"https:\/\/www.antifaschistische-linke.de\/index.php?rest_route=%2Fwp%2Fv2%2Ftags&post=702"}],"curies":[{"name":"wp","href":"https:\/\/api.w.org\/{rel}","templated":true}]}}