{"id":7024,"date":"2021-05-02T19:55:07","date_gmt":"2021-05-02T17:55:07","guid":{"rendered":"https:\/\/www.antifaschistische-linke.de\/?p=7024"},"modified":"2021-05-02T19:59:24","modified_gmt":"2021-05-02T17:59:24","slug":"1-mai-keine-solidaritaet-mit-dem-kapital-2","status":"publish","type":"post","link":"https:\/\/www.antifaschistische-linke.de\/?p=7024","title":{"rendered":"1. Mai: Antikapitalistischer Block auf der DGB-Demo"},"content":{"rendered":"\n<p>Wir zahlen nicht f\u00fcr ihre Krise! <br>Antikapitalistischer Block auf der DGB-Demo<\/p>\n\n\n\n<p>Mit einem gro\u00dfen Antikapitalistischen Block haben wir uns am 1. Mai auf der Gewerkschaftsdemonstration beteiligt. Trotz str\u00f6mendem Regen folgten unserem Aufruf unter dem Motto  &#8222;Keine Solidarit\u00e4t mit dem Kapital &#8211; Wir zahlen nicht f\u00fcr ihre Krise&#8220; \u00fcber 500 Personen. <br><br>Unter Einhaltung der Schutzma\u00dfnahmen machten wir zusammen mit vielen anderen Gruppen und Demonstrierenden mit Transparenten, Schildern und lauten Parolen unsere Forderungen nach einer solidarischen Gesellschaft deutlich. Die Demonstration am diesj\u00e4hrigen Kampftag der Arbeiter:innenklasse war besonders von aktuellen Themen in der Corona-Pandemie gepr\u00e4gt. Die Wut auf das Sytem, in dem einige wenige aus  der Krise Profite schlagen, w\u00e4hrend der Gro\u00dfteil unter miserablen Arbeitsbedingungen und ohne ausreichende Schutzma\u00dfnahmen daf\u00fcr ausgebeutet wird, war deutlich zu sp\u00fcren. Wir sind weder solidarisch mit den Krisengewinner:innen., noch mit dem Kapitalismus, dem System, das hinter diesem Wahnsinn steht. Unsere Solidarit\u00e4t geh\u00f6rt denen, die unter dem Egoismus der anderen leiden. Denen, die f\u00fcr eine solidarische Gesellschaft k\u00e4mpfen.<\/p>\n\n\n\n<p>So wie es ist, kann es nicht bleiben &#8211; F\u00fcr eine solidarische Gesellschaft!<\/p>\n\n\n\n<figure class=\"wp-block-image size-large\"><img decoding=\"async\" loading=\"lazy\" width=\"1024\" height=\"681\" src=\"https:\/\/www.antifaschistische-linke.de\/wp-content\/uploads\/1-6-1024x681.jpg\" alt=\"\" class=\"wp-image-7016\" srcset=\"https:\/\/www.antifaschistische-linke.de\/wp-content\/uploads\/1-6-1024x681.jpg 1024w, https:\/\/www.antifaschistische-linke.de\/wp-content\/uploads\/1-6-300x199.jpg 300w, https:\/\/www.antifaschistische-linke.de\/wp-content\/uploads\/1-6.jpg 1500w\" sizes=\"(max-width: 1024px) 100vw, 1024px\" \/><\/figure>\n\n\n\n<figure class=\"wp-block-image size-large\"><img decoding=\"async\" loading=\"lazy\" width=\"1024\" height=\"681\" src=\"https:\/\/www.antifaschistische-linke.de\/wp-content\/uploads\/6-3-1024x681.jpg\" alt=\"\" class=\"wp-image-7021\" srcset=\"https:\/\/www.antifaschistische-linke.de\/wp-content\/uploads\/6-3-1024x681.jpg 1024w, https:\/\/www.antifaschistische-linke.de\/wp-content\/uploads\/6-3-300x199.jpg 300w, https:\/\/www.antifaschistische-linke.de\/wp-content\/uploads\/6-3.jpg 1500w\" sizes=\"(max-width: 1024px) 100vw, 1024px\" \/><\/figure>\n\n\n\n<figure class=\"wp-block-image size-large\"><img decoding=\"async\" loading=\"lazy\" width=\"1024\" height=\"681\" src=\"https:\/\/www.antifaschistische-linke.de\/wp-content\/uploads\/3-3-1024x681.jpg\" alt=\"\" class=\"wp-image-7018\" srcset=\"https:\/\/www.antifaschistische-linke.de\/wp-content\/uploads\/3-3-1024x681.jpg 1024w, https:\/\/www.antifaschistische-linke.de\/wp-content\/uploads\/3-3-300x199.jpg 300w, https:\/\/www.antifaschistische-linke.de\/wp-content\/uploads\/3-3.jpg 1500w\" sizes=\"(max-width: 1024px) 100vw, 1024px\" \/><\/figure>\n\n\n\n<figure class=\"wp-block-image size-large\"><img decoding=\"async\" loading=\"lazy\" width=\"1024\" height=\"681\" src=\"https:\/\/www.antifaschistische-linke.de\/wp-content\/uploads\/7-1-1024x681.jpg\" alt=\"\" class=\"wp-image-7022\" srcset=\"https:\/\/www.antifaschistische-linke.de\/wp-content\/uploads\/7-1-1024x681.jpg 1024w, https:\/\/www.antifaschistische-linke.de\/wp-content\/uploads\/7-1-300x199.jpg 300w, https:\/\/www.antifaschistische-linke.de\/wp-content\/uploads\/7-1.jpg 1500w\" sizes=\"(max-width: 1024px) 100vw, 1024px\" \/><\/figure>\n\n\n\n<figure class=\"wp-block-image size-large\"><img decoding=\"async\" loading=\"lazy\" width=\"1024\" height=\"681\" src=\"https:\/\/www.antifaschistische-linke.de\/wp-content\/uploads\/2-4-1024x681.jpg\" alt=\"\" class=\"wp-image-7017\" srcset=\"https:\/\/www.antifaschistische-linke.de\/wp-content\/uploads\/2-4-1024x681.jpg 1024w, https:\/\/www.antifaschistische-linke.de\/wp-content\/uploads\/2-4-300x199.jpg 300w, https:\/\/www.antifaschistische-linke.de\/wp-content\/uploads\/2-4.jpg 1500w\" sizes=\"(max-width: 1024px) 100vw, 1024px\" \/><\/figure>\n\n\n\n<figure class=\"wp-block-image size-large\"><img decoding=\"async\" loading=\"lazy\" width=\"1024\" height=\"681\" src=\"https:\/\/www.antifaschistische-linke.de\/wp-content\/uploads\/5-3-1024x681.jpg\" alt=\"\" class=\"wp-image-7020\" srcset=\"https:\/\/www.antifaschistische-linke.de\/wp-content\/uploads\/5-3-1024x681.jpg 1024w, https:\/\/www.antifaschistische-linke.de\/wp-content\/uploads\/5-3-300x199.jpg 300w, https:\/\/www.antifaschistische-linke.de\/wp-content\/uploads\/5-3.jpg 1500w\" sizes=\"(max-width: 1024px) 100vw, 1024px\" \/><\/figure>\n\n\n\n<p><\/p>\n","protected":false},"excerpt":{"rendered":"<p>Wir zahlen nicht f\u00fcr ihre Krise! Antikapitalistischer Block auf der DGB-Demo Mit einem gro\u00dfen Antikapitalistischen Block haben wir uns am 1. Mai auf der Gewerkschaftsdemonstration beteiligt. Trotz str\u00f6mendem Regen folgten unserem Aufruf unter dem Motto &#8222;Keine Solidarit\u00e4t mit dem Kapital &#8211; Wir zahlen nicht f\u00fcr ihre Krise&#8220; \u00fcber 500 Personen. Unter Einhaltung der Schutzma\u00dfnahmen machten [&hellip;]<\/p>\n","protected":false},"author":1,"featured_media":7016,"comment_status":"closed","ping_status":"closed","sticky":false,"template":"","format":"standard","meta":[],"categories":[10,1,1087,1030,790,1032,6,4],"tags":[],"_links":{"self":[{"href":"https:\/\/www.antifaschistische-linke.de\/index.php?rest_route=\/wp\/v2\/posts\/7024"}],"collection":[{"href":"https:\/\/www.antifaschistische-linke.de\/index.php?rest_route=\/wp\/v2\/posts"}],"about":[{"href":"https:\/\/www.antifaschistische-linke.de\/index.php?rest_route=\/wp\/v2\/types\/post"}],"author":[{"embeddable":true,"href":"https:\/\/www.antifaschistische-linke.de\/index.php?rest_route=\/wp\/v2\/users\/1"}],"replies":[{"embeddable":true,"href":"https:\/\/www.antifaschistische-linke.de\/index.php?rest_route=%2Fwp%2Fv2%2Fcomments&post=7024"}],"version-history":[{"count":0,"href":"https:\/\/www.antifaschistische-linke.de\/index.php?rest_route=\/wp\/v2\/posts\/7024\/revisions"}],"wp:featuredmedia":[{"embeddable":true,"href":"https:\/\/www.antifaschistische-linke.de\/index.php?rest_route=\/wp\/v2\/media\/7016"}],"wp:attachment":[{"href":"https:\/\/www.antifaschistische-linke.de\/index.php?rest_route=%2Fwp%2Fv2%2Fmedia&parent=7024"}],"wp:term":[{"taxonomy":"category","embeddable":true,"href":"https:\/\/www.antifaschistische-linke.de\/index.php?rest_route=%2Fwp%2Fv2%2Fcategories&post=7024"},{"taxonomy":"post_tag","embeddable":true,"href":"https:\/\/www.antifaschistische-linke.de\/index.php?rest_route=%2Fwp%2Fv2%2Ftags&post=7024"}],"curies":[{"name":"wp","href":"https:\/\/api.w.org\/{rel}","templated":true}]}}