{"id":7037,"date":"2021-05-29T14:03:39","date_gmt":"2021-05-29T12:03:39","guid":{"rendered":"https:\/\/www.antifaschistische-linke.de\/?p=7037"},"modified":"2021-05-29T14:07:57","modified_gmt":"2021-05-29T12:07:57","slug":"alles-auf-den-kopf-gestellt","status":"publish","type":"post","link":"https:\/\/www.antifaschistische-linke.de\/?p=7037","title":{"rendered":"Alles auf den Kopf gestellt"},"content":{"rendered":"\n<p>Liebe Freund_innen, Genoss_innen und Unterst\u00fctzer_innen,<\/p>\n\n\n\n<p>f\u00fcr einige ist es nicht neu und f\u00fcr andere eventuell \u00fcberraschend, deswegen teilen wir es euch hier noch einmal ganz offiziell mit: <strong>wir treten nach doch einigen Jahren aus der IL aus. <\/strong>Auch wenn unsere damals getroffene, grundlegende strategische Entscheidung in die IL einzutreten nicht an Richtigkeit verloren hat, so ist es aktuell doch f\u00fcr uns falsch, uns nicht auf uns und unsere Arbeit vor Ort zu konzentrieren. In der Zukunft wollen wir weiterhin zuverl\u00e4ssig und mit klarem Klassenstandpunkt in den bestehenden K\u00e4mpfen aktiv sein. Dazu geh\u00f6rt auch, die bestehenden K\u00e4mpfe mit den Leuten an unserer Seite weiter zu vertiefen und weiterzuentwickeln und genau deswegen braucht es gerade unsere ganze politische Kraft hier vor Ort.<\/p>\n\n\n\n<p>Wir sehen weiterhin die IL als relevantestes Projekt in der \u201eradikalen Linken\u201c. Au\u00dferdem fanden und finden wir immer noch den Anspruch gut, als Sammlungsprojekt verschiedene Traditionen aufzunehmen und in der Defensive der Linken Kr\u00e4fte zu b\u00fcndeln. Als ALFR wollen und m\u00fcssen wir uns aber jetzt ersteinmal auf uns und unsere Arbeit vor Ort konzentrieren. Eine \u00fcberregionale Organisierung wird in nicht allzu ferner Zukunft auch wieder f\u00fcr uns in der Diskussion stehen.<\/p>\n","protected":false},"excerpt":{"rendered":"<p>Liebe Freund_innen, Genoss_innen und Unterst\u00fctzer_innen, f\u00fcr einige ist es nicht neu und f\u00fcr andere eventuell \u00fcberraschend, deswegen teilen wir es euch hier noch einmal ganz offiziell mit: wir treten nach doch einigen Jahren aus der IL aus. Auch wenn unsere damals getroffene, grundlegende strategische Entscheidung in die IL einzutreten nicht an Richtigkeit verloren hat, so [&hellip;]<\/p>\n","protected":false},"author":1,"featured_media":7040,"comment_status":"closed","ping_status":"closed","sticky":false,"template":"","format":"standard","meta":[],"categories":[1],"tags":[41],"_links":{"self":[{"href":"https:\/\/www.antifaschistische-linke.de\/index.php?rest_route=\/wp\/v2\/posts\/7037"}],"collection":[{"href":"https:\/\/www.antifaschistische-linke.de\/index.php?rest_route=\/wp\/v2\/posts"}],"about":[{"href":"https:\/\/www.antifaschistische-linke.de\/index.php?rest_route=\/wp\/v2\/types\/post"}],"author":[{"embeddable":true,"href":"https:\/\/www.antifaschistische-linke.de\/index.php?rest_route=\/wp\/v2\/users\/1"}],"replies":[{"embeddable":true,"href":"https:\/\/www.antifaschistische-linke.de\/index.php?rest_route=%2Fwp%2Fv2%2Fcomments&post=7037"}],"version-history":[{"count":0,"href":"https:\/\/www.antifaschistische-linke.de\/index.php?rest_route=\/wp\/v2\/posts\/7037\/revisions"}],"wp:featuredmedia":[{"embeddable":true,"href":"https:\/\/www.antifaschistische-linke.de\/index.php?rest_route=\/wp\/v2\/media\/7040"}],"wp:attachment":[{"href":"https:\/\/www.antifaschistische-linke.de\/index.php?rest_route=%2Fwp%2Fv2%2Fmedia&parent=7037"}],"wp:term":[{"taxonomy":"category","embeddable":true,"href":"https:\/\/www.antifaschistische-linke.de\/index.php?rest_route=%2Fwp%2Fv2%2Fcategories&post=7037"},{"taxonomy":"post_tag","embeddable":true,"href":"https:\/\/www.antifaschistische-linke.de\/index.php?rest_route=%2Fwp%2Fv2%2Ftags&post=7037"}],"curies":[{"name":"wp","href":"https:\/\/api.w.org\/{rel}","templated":true}]}}