{"id":704,"date":"2009-06-20T22:00:21","date_gmt":"2009-06-20T20:00:21","guid":{"rendered":"http:\/\/alfr.blogsport.de\/2009\/06\/20\/soliparty-fuer-die-antifaschistische-linke-freiburg\/"},"modified":"2009-06-20T22:00:21","modified_gmt":"2009-06-20T20:00:21","slug":"soliparty-fuer-die-antifaschistische-linke-freiburg","status":"publish","type":"post","link":"https:\/\/www.antifaschistische-linke.de\/?p=704","title":{"rendered":"Soliparty f\u00fcr die Antifaschistische Linke Freiburg"},"content":{"rendered":"<p><img decoding=\"async\" src=\"http:\/\/www.antifaschistische-linke.de\/Bilder\/2009-06-20-party.jpg\" align=\"left\" alt=\"\" \/>Heute Abend l\u00e4dt die Antifaschistische Linke Freiburg (ALFR) ein, das Tanzbein zu schwingen. Neben unfassbar guter Musik gibt es Cocktails vom Feinsten und bei gutem Wetter werden drau\u00dfen Chill-M\u00f6glichkeiten und s\u00fc\u00dfe Verpflegung f\u00fcr zwischendurch angeboten.<!--more--><\/p>\n<p>Im LL-Mainfloor (Elektro) gibt sich das DORFPUNX-DJ Team die Ehre uns im 4\/4 Takt beizustehen, um euch eine Hammer Party zu garantieren. An den Plattenteller stehen: Adam Adapter, der seit l\u00e4ngerem die Tanzfl\u00e4chen in S\u00fcddeutschland und der Schweiz mit treibenden Minimalbeats mit Instrumental-Samples im Stile von Daniel Steinberg rockt. Don Kanalie serviert abwechslungsreichen und tanzpflichtigen Elektro \u00e0 la Justice. Abschlie\u00dfend r\u00e4umt Landplage mit gepflegtem HardTekk die H\u00fctte leer. Wer hier nicht tanzt ist schon zu Hause.<\/p>\n<p>Im Castro-Keller pr\u00e4sentieren wir Freiburger Hip Hop erster Klasse. So wird die <a href=\"http:\/\/www.myspace.com\/bpmcrew79\">BPM Crew<\/a>, die sich in den letzten Jahren in und um Freiburgcity einen Namen gemacht hat, f\u00fcr Stimmung sorgen. Neben bekannten Party-Tracks rappen die Jungs auch selbst geschriebene Texte mit tieferen Aussagen. Au\u00dferdem wird <a href=\"http:\/\/www.myspace.com\/mckrom\">MC Krom<\/a> das Mikro \u00fcbernehmen. Krom ist durch seinen ehrlichen Deutschrap bekannt geworden. Seine Lyrics sind abwechslungsreich, mit verschiedenen Instrumentals versehen und in jeder Zeile steckt sein Herzblut. Zwischen und nach den Acts wird <a href=\"http:\/\/www.myspace.com\/djtekxbe\">DJ Tekx Be<\/a> euch mit einem Mix aus Old-School, 90er und Funk bei Laune halten. F\u00fcr den ein oder anderen \u00dcberraschungsact wird noch gesorgt.<\/p>\n<p>Also kommt in Scharen und rockt die Bude bis in die Morgenstunden.<\/p>\n<p><strong><em>22.06.2009 &#8211; KTS Freiburg &#8211; 22 Uhr bis in die Puppen<\/em><\/strong><\/p>\n","protected":false},"excerpt":{"rendered":"<p>Heute Abend l\u00e4dt die Antifaschistische Linke Freiburg (ALFR) ein, das Tanzbein zu schwingen. Neben unfassbar guter Musik gibt es Cocktails vom Feinsten und bei gutem Wetter werden drau\u00dfen Chill-M\u00f6glichkeiten und s\u00fc\u00dfe Verpflegung f\u00fcr zwischendurch angeboten.<\/p>\n","protected":false},"author":1,"featured_media":0,"comment_status":"closed","ping_status":"closed","sticky":false,"template":"","format":"standard","meta":[],"categories":[1],"tags":[],"_links":{"self":[{"href":"https:\/\/www.antifaschistische-linke.de\/index.php?rest_route=\/wp\/v2\/posts\/704"}],"collection":[{"href":"https:\/\/www.antifaschistische-linke.de\/index.php?rest_route=\/wp\/v2\/posts"}],"about":[{"href":"https:\/\/www.antifaschistische-linke.de\/index.php?rest_route=\/wp\/v2\/types\/post"}],"author":[{"embeddable":true,"href":"https:\/\/www.antifaschistische-linke.de\/index.php?rest_route=\/wp\/v2\/users\/1"}],"replies":[{"embeddable":true,"href":"https:\/\/www.antifaschistische-linke.de\/index.php?rest_route=%2Fwp%2Fv2%2Fcomments&post=704"}],"version-history":[{"count":0,"href":"https:\/\/www.antifaschistische-linke.de\/index.php?rest_route=\/wp\/v2\/posts\/704\/revisions"}],"wp:attachment":[{"href":"https:\/\/www.antifaschistische-linke.de\/index.php?rest_route=%2Fwp%2Fv2%2Fmedia&parent=704"}],"wp:term":[{"taxonomy":"category","embeddable":true,"href":"https:\/\/www.antifaschistische-linke.de\/index.php?rest_route=%2Fwp%2Fv2%2Fcategories&post=704"},{"taxonomy":"post_tag","embeddable":true,"href":"https:\/\/www.antifaschistische-linke.de\/index.php?rest_route=%2Fwp%2Fv2%2Ftags&post=704"}],"curies":[{"name":"wp","href":"https:\/\/api.w.org\/{rel}","templated":true}]}}