{"id":705,"date":"2009-07-15T20:00:30","date_gmt":"2009-07-15T18:00:30","guid":{"rendered":"http:\/\/alfr.blogsport.de\/2009\/07\/15\/antifakneipe-im-juli-2009\/"},"modified":"2009-07-15T20:00:30","modified_gmt":"2009-07-15T18:00:30","slug":"antifakneipe-im-juli-2009","status":"publish","type":"post","link":"https:\/\/www.antifaschistische-linke.de\/?p=705","title":{"rendered":"Antifakneipe im Juli 2009"},"content":{"rendered":"<p><img decoding=\"async\" src=\"http:\/\/www.antifaschistische-linke.de\/Bilder\/2009-07-15-kneipe.jpg\" align=\"left\" alt=\"Hoch die internationale Solidait\u00e4t!\"\/>Die heutige Freiburger Antifa-Kneipe dreht sich um die kurdische Befreiungsbewegung und ihren Kampf um ein freies Kurdistan. In einem gem\u00fctlichen Rahmen mit mesopotamischen Speisen, Tee und Musik beleuchten wir mit einem Eingangsreferat die historischen und politischen Hintergr\u00fcnde dieser Bewegung, ihre Verortung innerhalb der revolution\u00e4ren Linken, die Rolle der PKK und die Repression gegen den Befreiungskampf der Kurden.<!--more--><\/p>\n<p>Im Anschluss zeigen wir den preisgekr\u00f6nten Film \u201eGuerilleros in den kurdischen Bergen\u201c von Stefano Savona, eine Koproduktion von JBA Prod und ARTE Frankreich, der 2006 erstmals ausgestrahlt wurde. Zusammen mit dem Filmemacher begleitet Akif, der Protagonist der Dokumentation, vier kurdische K\u00e4mpfer &#8211; zwei Frauen und zwei M\u00e4nner &#8211; aus dem irakischen Quandil unweit der Grenze zum Iran auf ihrem Weg zum Lager Kani Cenge, das nur wenige Kilometer von der t\u00fcrkischen Grenze entfernt ist, und in welchem sich die \u201eSonderkr\u00e4fte\u201c der Guerillabewegung auf ihren Einsatz im n\u00f6rdlichen Kurdistan in der T\u00fcrkei vorbereiten. Tagebuchartig schildert der Dokumentarfilm aus Akifs Sicht den beschwerlichen Marsch durch die Berge und das bewegende Wiedersehen mit alten Bekannten beim Zwischenstopp in den kurdischen Stellungen.<br \/>\nDer Film erz\u00e4hlt vom Alltag der jungen K\u00e4mpfer und K\u00e4mpferinnen, ihrem Engagement, ihren Hoffnungen und Tr\u00e4umen. Lagerfeuergespr\u00e4che \u00fcber \u201edie Sache\u201c werden bald schon zu Gespr\u00e4chen \u00fcber die Angst, den Tod und \u00fcber das Gesicht des Feindes, des \u201eTodesengels\u201c, den man nur einmal trifft.<\/p>\n<p>Im Anschluss an den Film gibt es gen\u00fcgend Zeit f\u00fcr Diskussionen und nat\u00fcrlich wie immer auch k\u00fchle Getr\u00e4nke, Snacks und unglaublich gute Musik.<\/p>\n<p><em><strong>Mittwoch, 15.07.2009 &#8211; <a href=\"http:\/\/alfr.blogsport.de\/2009\/07\/15\/unsere-antifakneipe-im-susi-cafa-im-freiburger-stadtteil-vauban\/\">SUSI-Cafe in der Vauban<\/a> &#8211; 20:00 Uhr<\/strong><\/em><\/p>\n<p><strong>Mehr lesen:<\/strong><br \/>\n<a href=\"tinyurl.com\/hauptfeind\">Artikel zur Repression gegen Kurden in der BRD<\/a><br \/>\n<a href=\"http:\/\/www.nadir.org\/nadir\/initiativ\/isku\/hintergrund\/Licht\/index.htm\">Hintergr\u00fcnde zur Geschichte und Verortung der PKK<\/a><\/p>\n<p><strong>Download Flyer:<\/strong> <a href=\"http:\/\/www.antifaschistische-linke.de\/Bilder\/2009-07-15-kneipe-flyer-front.jpg\">Vorderseite<\/a> | <a href=\"http:\/\/www.antifaschistische-linke.de\/Bilder\/2009-07-15-kneipe-flyer-back.jpg\">R\u00fcckseite<\/a><\/p>\n","protected":false},"excerpt":{"rendered":"<p>Die heutige Freiburger Antifa-Kneipe dreht sich um die kurdische Befreiungsbewegung und ihren Kampf um ein freies Kurdistan. In einem gem\u00fctlichen Rahmen mit mesopotamischen Speisen, Tee und Musik beleuchten wir mit einem Eingangsreferat die historischen und politischen Hintergr\u00fcnde dieser Bewegung, ihre Verortung innerhalb der revolution\u00e4ren Linken, die Rolle der PKK und die Repression gegen den Befreiungskampf [&hellip;]<\/p>\n","protected":false},"author":1,"featured_media":0,"comment_status":"closed","ping_status":"closed","sticky":false,"template":"","format":"standard","meta":[],"categories":[1],"tags":[],"_links":{"self":[{"href":"https:\/\/www.antifaschistische-linke.de\/index.php?rest_route=\/wp\/v2\/posts\/705"}],"collection":[{"href":"https:\/\/www.antifaschistische-linke.de\/index.php?rest_route=\/wp\/v2\/posts"}],"about":[{"href":"https:\/\/www.antifaschistische-linke.de\/index.php?rest_route=\/wp\/v2\/types\/post"}],"author":[{"embeddable":true,"href":"https:\/\/www.antifaschistische-linke.de\/index.php?rest_route=\/wp\/v2\/users\/1"}],"replies":[{"embeddable":true,"href":"https:\/\/www.antifaschistische-linke.de\/index.php?rest_route=%2Fwp%2Fv2%2Fcomments&post=705"}],"version-history":[{"count":0,"href":"https:\/\/www.antifaschistische-linke.de\/index.php?rest_route=\/wp\/v2\/posts\/705\/revisions"}],"wp:attachment":[{"href":"https:\/\/www.antifaschistische-linke.de\/index.php?rest_route=%2Fwp%2Fv2%2Fmedia&parent=705"}],"wp:term":[{"taxonomy":"category","embeddable":true,"href":"https:\/\/www.antifaschistische-linke.de\/index.php?rest_route=%2Fwp%2Fv2%2Fcategories&post=705"},{"taxonomy":"post_tag","embeddable":true,"href":"https:\/\/www.antifaschistische-linke.de\/index.php?rest_route=%2Fwp%2Fv2%2Ftags&post=705"}],"curies":[{"name":"wp","href":"https:\/\/api.w.org\/{rel}","templated":true}]}}