{"id":7070,"date":"2021-07-07T22:56:01","date_gmt":"2021-07-07T20:56:01","guid":{"rendered":"https:\/\/www.antifaschistische-linke.de\/?p=7070"},"modified":"2021-07-07T23:11:03","modified_gmt":"2021-07-07T21:11:03","slug":"24-7-kein-angriff-ohne-antwort","status":"publish","type":"post","link":"https:\/\/www.antifaschistische-linke.de\/?p=7070","title":{"rendered":"24.7. &#8211; Kein Angriff ohne Antwort!"},"content":{"rendered":"\n<p><strong>24.07.2021 | 14 Uhr | Rathaus im St\u00fchlinger | Freiburg im Breisgau <\/strong><\/p>\n\n\n\n<p>Wir beteiligen uns an der <strong>Antifaschistischen Demonstration \u201eKein Angriff ohne Antwort\u201c<\/strong> und teilen hier den Aufruf des Demob\u00fcndnisses:<\/p>\n\n\n\n<p>\u201eViel zu viele Einzelf\u00e4lle \u2013 Kein Angriff ohne Antwort!<\/p>\n\n\n\n<p>Die allgemeinen faschistischen Tendenzen zeigen sich auch in Deutschland vermehrt durch gewaltsame, physische Angriffe sowohl auf Antifas als auch auf Menschen mit einem nicht-stereotypisch deutschem Erscheinungsbild und helfende Passant*innen. Auch in den Medien, in der Politik oder auf der Stra\u00dfe wird rechtes Gedankengut immer mehr in die Tat umgesetzt. So fassen auch in Freiburg Faschist*innen immer mehr Fu\u00df.<\/p>\n\n\n\n<p>Diese Entwicklung wurde am Samstag den 12. Juni besonders deutlich, als es in Freiburg zu zwei Angriffen von Faschist*innen auf Linke und Passant*innen kam. Gegen 16 Uhr verfolgte der AfD-Fascho Robert Hagerman zwei jugendliche Antifas, weil sie ihn als Faschisten bezeichnet hatten. Nachdem er sie festhalten wollte und eine*r der Antifas mit der Hand versuchte, den Fascho vom Filmen abzuhalten, attackierte Hagerman die beiden mehrmals mit Pfeffergel. Ein Passant sah das Geschehen und eilte den au\u00dfer Gefecht gesetzten Jugendlichen mit einer Wasserflasche zur Hilfe. Die beiden konnten sich durch die Zivilcourage des Mannes in Sicherheit bringen. W\u00e4hrenddessen griff Hagerman auch noch die Begleitung des Helfenden mit dem Gel an. Es kam es zu einem Wortgefecht, woraufhin der Fascho den Passanten mit seinem Taschenmesser im unteren Brustbereich eine Schnittverletzung zuf\u00fcgte.&nbsp;<\/p>\n\n\n\n<p>Die Polizei und auch die Lokalzeitung BZ wichen bei der Berichterstattung nicht von ihrer \u00fcblichen Vorgehensweise ab. So \u00fcbernahm die BZ ohne weitere Recherche den Polizeibericht. Die Polizei \u00fcbernahm ebenfalls die alleinige Aussage Hagermans, obwohl ihr zu diesem Zeitpunkt bereits mehrere Zeug*innenaussagen vorlagen, die die Sicht Hagermans widerlegen. In Konsequenz wurden dadurch einseitige und verharmlosendende Berichte ver\u00f6ffentlicht, dei ein v\u00f6llig falsches Bild der eigentlichen Situation vermittelten.<\/p>\n\n\n\n<p>Ein paar Stunden sp\u00e4ter kam es im Stadtteil St\u00fchlinger zu einem weiteren Vorfall rechter Gewalt. Eine Gruppe stark alkoholisierter M\u00e4nner rief einem lettischen Punk \u201eAusl\u00e4nder raus!\u201c hinterher. Auf die R\u00fcckfrage, wohin er denn gehen solle, antwortete der Hauptt\u00e4ter, der au\u00dferdem ein langj\u00e4hriger Freiburger Polizeibeamter ist, dass er den Antifaschisten erschie\u00dfen w\u00fcrde. Darauf folgte eine, sich \u00fcber eine halbe Stunde hinziehende, Hetzjagd, bei der in diesem Fall von Zivilcourage seitens Passant*innen keine Spur zu sehen war. Bis zu 30 Menschen wurden w\u00e4hrend dieser Zeit von dem Verfolgten pers\u00f6nlich angesprochen. Nicht eine dieser Personen griff ein, um die Gruppe aus bis zu 12 Rassisten davon abzuhalten den 35-j\u00e4hrigen weiterhin zu bedrohen und auch k\u00f6rperlich zu attackieren. Stattdessen schaffte der Antifaschist es am Ende in einer Tankstelle selbstst\u00e4ndig die Bullen zu rufen, die den Hauptt\u00e4ter der Gruppe daraufhin mit Umarmung begr\u00fc\u00dfte. Sp\u00e4ter stellte sich nicht nur heraus, dass es sogar zwei Polizisten waren, die an dem Angriff beteiligt waren, sondern auch dass es sich mindestens bei dem Hauptt\u00e4ter um einen Polizeihauptkomissar handelt, der bereits seit ungef\u00e4hr 35 Jahren im Dienst ist.<\/p>\n\n\n\n<p>Zu diesem zweiten Vorfall \u00e4u\u00dferte die Polizei sich erst eine Woche sp\u00e4ter, nachdem ein Communiqu\u00e9 von der Autonomen Antifa Freiburg ver\u00f6ffentlicht wurde. Beide Angriffe wurden von den Cops in ihrer \u00fcblichen taktischen Vorgehensweise stark marginalisiert, was sich wieder einmal darauf zur\u00fcckf\u00fchren l\u00e4sst, dass Bullen die rechten Strukturen in ihrer Institution und somit sich selbst untereinander sch\u00fctzen.<\/p>\n\n\n\n<p>Bei diesen Attacken handelt es sich jedoch keineswegs um Einzelf\u00e4lle oder dergleichen, wie Bullen und rechts-b\u00fcrgerliche Presse uns gerne weismachen wollen. Diese Vorf\u00e4lle gliedern sich ein in eine Reihe von immer weiter ansteigender rechter Gewalt, wobei deutlich sichtbar wird, was im Vorhinein schon klar war. Und zwar, dass der Faschismus und die damit einhergehende menschenverachtende Skrupellosigkeit tief im Staat verankert ist. Zudem macht sich hierbei auch der allgemeine Rechtsruck bemerkbar, der daf\u00fcr sorgt, dass Faschist*innen sich, wie hier in Freiburg, auf die Stra\u00dfe trauen und sich nicht vor Konsequenzen durch den Staat f\u00fcrchten m\u00fcssen.<\/p>\n\n\n\n<p>Deshalb gilt es am 24.07 gegen rechte (Polizei-) Gewalt auf die Stra\u00dfe zu gehen und gemeinsam konsequenten, k\u00e4mpferischen, antifaschistischen Widerstand zu leisten! Zeigt den Faschist*innen, dass sie nicht willkommen sind, hier und anderswo!\u201c<\/p>\n\n\n\n<figure class=\"wp-block-image size-large\"><img decoding=\"async\" loading=\"lazy\" width=\"1024\" height=\"1024\" src=\"https:\/\/www.antifaschistische-linke.de\/wp-content\/uploads\/210724.cleaned-1024x1024.jpg\" alt=\"\" class=\"wp-image-7071\" srcset=\"https:\/\/www.antifaschistische-linke.de\/wp-content\/uploads\/210724.cleaned-1024x1024.jpg 1024w, https:\/\/www.antifaschistische-linke.de\/wp-content\/uploads\/210724.cleaned-300x300.jpg 300w, https:\/\/www.antifaschistische-linke.de\/wp-content\/uploads\/210724.cleaned-180x180.jpg 180w, https:\/\/www.antifaschistische-linke.de\/wp-content\/uploads\/210724.cleaned-50x50.jpg 50w, https:\/\/www.antifaschistische-linke.de\/wp-content\/uploads\/210724.cleaned-80x80.jpg 80w, https:\/\/www.antifaschistische-linke.de\/wp-content\/uploads\/210724.cleaned.jpg 1080w\" sizes=\"(max-width: 1024px) 100vw, 1024px\" \/><\/figure>\n","protected":false},"excerpt":{"rendered":"<p>24.07.2021 | 14 Uhr | Rathaus im St\u00fchlinger | Freiburg im Breisgau Wir beteiligen uns an der Antifaschistischen Demonstration \u201eKein Angriff ohne Antwort\u201c und teilen hier den Aufruf des Demob\u00fcndnisses: \u201eViel zu viele Einzelf\u00e4lle \u2013 Kein Angriff ohne Antwort! Die allgemeinen faschistischen Tendenzen zeigen sich auch in Deutschland vermehrt durch gewaltsame, physische Angriffe sowohl auf [&hellip;]<\/p>\n","protected":false},"author":1,"featured_media":7075,"comment_status":"closed","ping_status":"closed","sticky":false,"template":"","format":"standard","meta":[],"categories":[1033,10,1,820,1030,1032,7],"tags":[1134,17,207,101,1024,13],"_links":{"self":[{"href":"https:\/\/www.antifaschistische-linke.de\/index.php?rest_route=\/wp\/v2\/posts\/7070"}],"collection":[{"href":"https:\/\/www.antifaschistische-linke.de\/index.php?rest_route=\/wp\/v2\/posts"}],"about":[{"href":"https:\/\/www.antifaschistische-linke.de\/index.php?rest_route=\/wp\/v2\/types\/post"}],"author":[{"embeddable":true,"href":"https:\/\/www.antifaschistische-linke.de\/index.php?rest_route=\/wp\/v2\/users\/1"}],"replies":[{"embeddable":true,"href":"https:\/\/www.antifaschistische-linke.de\/index.php?rest_route=%2Fwp%2Fv2%2Fcomments&post=7070"}],"version-history":[{"count":0,"href":"https:\/\/www.antifaschistische-linke.de\/index.php?rest_route=\/wp\/v2\/posts\/7070\/revisions"}],"wp:featuredmedia":[{"embeddable":true,"href":"https:\/\/www.antifaschistische-linke.de\/index.php?rest_route=\/wp\/v2\/media\/7075"}],"wp:attachment":[{"href":"https:\/\/www.antifaschistische-linke.de\/index.php?rest_route=%2Fwp%2Fv2%2Fmedia&parent=7070"}],"wp:term":[{"taxonomy":"category","embeddable":true,"href":"https:\/\/www.antifaschistische-linke.de\/index.php?rest_route=%2Fwp%2Fv2%2Fcategories&post=7070"},{"taxonomy":"post_tag","embeddable":true,"href":"https:\/\/www.antifaschistische-linke.de\/index.php?rest_route=%2Fwp%2Fv2%2Ftags&post=7070"}],"curies":[{"name":"wp","href":"https:\/\/api.w.org\/{rel}","templated":true}]}}