{"id":708,"date":"2009-08-19T14:12:33","date_gmt":"2009-08-19T12:12:33","guid":{"rendered":"http:\/\/alfr.blogsport.de\/2009\/08\/19\/infoveranstaltung-im-strandcafe\/"},"modified":"2009-08-19T14:12:33","modified_gmt":"2009-08-19T12:12:33","slug":"infoveranstaltung-im-strandcafe","status":"publish","type":"post","link":"https:\/\/www.antifaschistische-linke.de\/?p=708","title":{"rendered":"Infoveranstaltung im Strandcaf\u00e9"},"content":{"rendered":"<p><img decoding=\"async\" src=\"http:\/\/www.antifaschistische-linke.de\/Bilder\/afalogoklein.png\" alt=\"Kein Fu\u00dfbreit den Faschisten!\"align=\"left\"\/><em>Mittwoch, 19.08.2009<\/em><br \/><strong>Freiburg.<\/strong> Am Donnerstag, den 20. August, findet im Strandcaf\u00e9 auf dem Grethergel\u00e4nde 20 Uhr eine Mobilisierungsveranstaltung f\u00fcr die bundesweite Antifa-Demonstration und Gegenaktivit\u00e4ten am 5. September in Dortmund statt. <a href=\"http:\/\/bus.blogsport.de\">Mehr Infos<\/a><\/p>\n","protected":false},"excerpt":{"rendered":"<p>Mittwoch, 19.08.2009Freiburg. Am Donnerstag, den 20. August, findet im Strandcaf\u00e9 auf dem Grethergel\u00e4nde 20 Uhr eine Mobilisierungsveranstaltung f\u00fcr die bundesweite Antifa-Demonstration und Gegenaktivit\u00e4ten am 5. September in Dortmund statt. Mehr Infos<\/p>\n","protected":false},"author":1,"featured_media":0,"comment_status":"closed","ping_status":"closed","sticky":false,"template":"","format":"standard","meta":[],"categories":[1],"tags":[],"_links":{"self":[{"href":"https:\/\/www.antifaschistische-linke.de\/index.php?rest_route=\/wp\/v2\/posts\/708"}],"collection":[{"href":"https:\/\/www.antifaschistische-linke.de\/index.php?rest_route=\/wp\/v2\/posts"}],"about":[{"href":"https:\/\/www.antifaschistische-linke.de\/index.php?rest_route=\/wp\/v2\/types\/post"}],"author":[{"embeddable":true,"href":"https:\/\/www.antifaschistische-linke.de\/index.php?rest_route=\/wp\/v2\/users\/1"}],"replies":[{"embeddable":true,"href":"https:\/\/www.antifaschistische-linke.de\/index.php?rest_route=%2Fwp%2Fv2%2Fcomments&post=708"}],"version-history":[{"count":0,"href":"https:\/\/www.antifaschistische-linke.de\/index.php?rest_route=\/wp\/v2\/posts\/708\/revisions"}],"wp:attachment":[{"href":"https:\/\/www.antifaschistische-linke.de\/index.php?rest_route=%2Fwp%2Fv2%2Fmedia&parent=708"}],"wp:term":[{"taxonomy":"category","embeddable":true,"href":"https:\/\/www.antifaschistische-linke.de\/index.php?rest_route=%2Fwp%2Fv2%2Fcategories&post=708"},{"taxonomy":"post_tag","embeddable":true,"href":"https:\/\/www.antifaschistische-linke.de\/index.php?rest_route=%2Fwp%2Fv2%2Ftags&post=708"}],"curies":[{"name":"wp","href":"https:\/\/api.w.org\/{rel}","templated":true}]}}