{"id":709,"date":"2009-08-21T10:33:07","date_gmt":"2009-08-21T08:33:07","guid":{"rendered":"http:\/\/alfr.blogsport.de\/2009\/08\/21\/25-jahre-bewaffneter-aufstand\/"},"modified":"2009-08-21T10:33:07","modified_gmt":"2009-08-21T08:33:07","slug":"25-jahre-bewaffneter-aufstand","status":"publish","type":"post","link":"https:\/\/www.antifaschistische-linke.de\/?p=709","title":{"rendered":"25 Jahre bewaffneter Aufstand"},"content":{"rendered":"<p><img decoding=\"async\" src=\"http:\/\/www.antifaschistische-linke.de\/Bilder\/kurden.png\" align=\"left\" alt=\"Hoch die internationale Solidarit\u00e4t!\" \/>Zehntausende Kurden haben am 15. August 2009 in der T\u00fcrkei und in Europa an den Beginn des bewaffneten Aufstandes der Arbeiterpartei Kurdistans (PKK) vor 25 Jahren erinnert. In der kurdischen Kleinstadt Eruh, in der am 15. August 1984 die Bildung der Guerilla verk\u00fcndet wurde, versammelten sich mehr als 25.000 Menschen auf einem Kulturfestival der linken Partei f\u00fcr eine Demokratische Gesellschaft (DTP).<\/p>\n<p>Auch in Berlin  demonstrierten an dem Tag hunderte Menschen, um ihre Solidarit\u00e4t mit dem kurdischen Freiheitskampf zu zeigen. Erstmals wurde die Demonstration, an der mehrheitlich Kurdinnen und Kurden teilnahmen, von einem Block deutscher antifaschistischer und sozialistischer Gruppierungen angef\u00fchrt, die so ihre internationale Solidarit\u00e4t mit dem Befreiungskampf zeigten.<!--more--><\/p>\n<p>Ein Sprecher des Kurdistan-Solidarit\u00e4tskomitees betonte, dass der kurdische Freiheitskampf von Anfang an eine internationalistische Ausrichtung hatte. So hatten die kurdischen Freiheitsk\u00e4mpfer bereits bei ihren ersten Aktionen vor genau 25 Jahren erkl\u00e4rt, dass jeder Schlag gegen den t\u00fcrkischen Kolonialismus in Kurdistan zugleich ein Schritt zur Befreiung der t\u00fcrkischen Werkt\u00e4tigen von der seit dem Putsch 1980 herrschenden Milit\u00e4rdiktatur sei. In dieser Tradition gelte es heute, eine politische L\u00f6sung im Interesse nicht nur des kurdischen sondern auch des t\u00fcrkischen Volkes zu finden. Voraussetzung sei dabei, dass es Verhandlungen auf gleicher Augenh\u00f6he gebe.<\/p>\n<p><strong>Mehr lesen:<\/strong><br \/>\n<a href=\"http:\/\/arab.antifa.de\/index.php\/themen\/international\/321-roj-bas-guerilla\">Aufruf der Antifaschistischen Revolution\u00e4ren Aktion Berlin (ARAB)<\/a><br \/>\n<a href=\"http:\/\/kurdistan.blogsport.de\/2009\/08\/16\/pressemitteilung-internationale-solidaritaetsdemonstration-mit-kurdischem-befreiungskampf\/\">Pressemitteilung des Kurdistan-Solidarit\u00e4tskomitee Berlin<\/a><br \/>\n<a href=\"http:\/\/www.jungewelt.de\/2009\/08-17\/022.php?sstr=\">Artikel in der Tageszeitung Junge Welt<\/a><\/p>\n","protected":false},"excerpt":{"rendered":"<p>Zehntausende Kurden haben am 15. August 2009 in der T\u00fcrkei und in Europa an den Beginn des bewaffneten Aufstandes der Arbeiterpartei Kurdistans (PKK) vor 25 Jahren erinnert. In der kurdischen Kleinstadt Eruh, in der am 15. August 1984 die Bildung der Guerilla verk\u00fcndet wurde, versammelten sich mehr als 25.000 Menschen auf einem Kulturfestival der linken [&hellip;]<\/p>\n","protected":false},"author":1,"featured_media":0,"comment_status":"closed","ping_status":"closed","sticky":false,"template":"","format":"standard","meta":[],"categories":[1],"tags":[],"_links":{"self":[{"href":"https:\/\/www.antifaschistische-linke.de\/index.php?rest_route=\/wp\/v2\/posts\/709"}],"collection":[{"href":"https:\/\/www.antifaschistische-linke.de\/index.php?rest_route=\/wp\/v2\/posts"}],"about":[{"href":"https:\/\/www.antifaschistische-linke.de\/index.php?rest_route=\/wp\/v2\/types\/post"}],"author":[{"embeddable":true,"href":"https:\/\/www.antifaschistische-linke.de\/index.php?rest_route=\/wp\/v2\/users\/1"}],"replies":[{"embeddable":true,"href":"https:\/\/www.antifaschistische-linke.de\/index.php?rest_route=%2Fwp%2Fv2%2Fcomments&post=709"}],"version-history":[{"count":0,"href":"https:\/\/www.antifaschistische-linke.de\/index.php?rest_route=\/wp\/v2\/posts\/709\/revisions"}],"wp:attachment":[{"href":"https:\/\/www.antifaschistische-linke.de\/index.php?rest_route=%2Fwp%2Fv2%2Fmedia&parent=709"}],"wp:term":[{"taxonomy":"category","embeddable":true,"href":"https:\/\/www.antifaschistische-linke.de\/index.php?rest_route=%2Fwp%2Fv2%2Fcategories&post=709"},{"taxonomy":"post_tag","embeddable":true,"href":"https:\/\/www.antifaschistische-linke.de\/index.php?rest_route=%2Fwp%2Fv2%2Ftags&post=709"}],"curies":[{"name":"wp","href":"https:\/\/api.w.org\/{rel}","templated":true}]}}