{"id":7097,"date":"2021-09-23T23:52:56","date_gmt":"2021-09-23T21:52:56","guid":{"rendered":"https:\/\/www.antifaschistische-linke.de\/?p=7097"},"modified":"2021-09-23T23:52:59","modified_gmt":"2021-09-23T21:52:59","slug":"adbusting-aktion-in-freiburg-2","status":"publish","type":"post","link":"https:\/\/www.antifaschistische-linke.de\/?p=7097","title":{"rendered":"Adbusting-Aktion in Freiburg"},"content":{"rendered":"\n<p>Anl\u00e4sslich der bevorstehenden Bundestagswahl am 26. September wurden in der vergangenen Nacht in ganz Freiburg Plakate in Leuchtreklamek\u00e4sten geh\u00e4ngt. Die Plakate \u00e4hneln auf den ersten Blick stark den AfD-Wahlplakaten \u2013 machen mit ihren Aussagen jedoch auf die tats\u00e4chlichen Inhalte der rechten Partei aufmerksam. So stehen auf den Plakaten statt faschistischer Hetze oder nichts aussagenden, hohlen Phrasen die Worte \u201eWof\u00fcr wir stehen? Wir machen Politik f\u00fcr Bonzen\u201c. Auch durch den umgewandelten Slogan \u201eDeutschland. F\u00fcr die 1%\u201c wird deutlich, dass die Politik der AfD eben nicht, wie so oft von sich selbst behauptet, den \u201ekleinen Leuten\u201c, den sozial und \u00f6konomisch schw\u00e4cher gestellten Menschen und Lohnabh\u00e4ngigen dient. Die AfD macht Politik im Interesse der Reichen \u2013 dem einen Prozent der Bev\u00f6lkerung in Deutschland, das \u00fcber rund 35% des gesamten Kapitals verf\u00fcgt. So wird auch auf den Plakaten aufgezeigt, was die AfD wirklich will: \u201eUmwelt zerst\u00f6ren, Wirtschaft vor Menschenleben stellen, Frauenrechte abschaffen, Schuften bis zum Umfallen, Reiche noch reicher machen\u201c.<\/p>\n\n\n\n<p>Um W\u00e4hler*innen zu gewinnen, werden ganz bewusst in der eigenen Wahlwerbung der AfD nur ausgew\u00e4hlte Inhalte der Partei pr\u00e4sentiert und die Positionen, die offensichtlich nicht im Sinne der angestrebten Zielgruppe sind, werden einfach verschwiegen. Denn L\u00f6sungen f\u00fcr die Probleme dieser Menschen hat die rechte Partei nach wie vor nicht zu bieten. Mit den alternativen Wahlplakaten, die gestern in Freiburg verteilt worden sind, ist so eine Erg\u00e4nzung gelungen, die die tats\u00e4chlichen politischen Ziele der Partei deutlich im Stadtbild sichtbar macht.<\/p>\n\n\n\n<p>#Zusammenstehen gegen die AfD. Gemeinsam k\u00e4mpfen f\u00fcr eine solidarische Perspektive!<\/p>\n\n\n\n<figure class=\"wp-block-image size-large\"><img decoding=\"async\" loading=\"lazy\" width=\"1024\" height=\"1024\" src=\"https:\/\/www.antifaschistische-linke.de\/wp-content\/uploads\/image00003-1024x1024.jpeg\" alt=\"\" class=\"wp-image-7100\" srcset=\"https:\/\/www.antifaschistische-linke.de\/wp-content\/uploads\/image00003-1024x1024.jpeg 1024w, https:\/\/www.antifaschistische-linke.de\/wp-content\/uploads\/image00003-300x300.jpeg 300w, https:\/\/www.antifaschistische-linke.de\/wp-content\/uploads\/image00003-180x180.jpeg 180w, https:\/\/www.antifaschistische-linke.de\/wp-content\/uploads\/image00003-1536x1536.jpeg 1536w, https:\/\/www.antifaschistische-linke.de\/wp-content\/uploads\/image00003-50x50.jpeg 50w, https:\/\/www.antifaschistische-linke.de\/wp-content\/uploads\/image00003-80x80.jpeg 80w, https:\/\/www.antifaschistische-linke.de\/wp-content\/uploads\/image00003.jpeg 2008w\" sizes=\"(max-width: 1024px) 100vw, 1024px\" \/><\/figure>\n\n\n\n<figure class=\"wp-block-image size-large\"><img decoding=\"async\" loading=\"lazy\" width=\"1024\" height=\"1024\" src=\"https:\/\/www.antifaschistische-linke.de\/wp-content\/uploads\/image00001-1024x1024.jpeg\" alt=\"\" class=\"wp-image-7098\" srcset=\"https:\/\/www.antifaschistische-linke.de\/wp-content\/uploads\/image00001-1024x1024.jpeg 1024w, https:\/\/www.antifaschistische-linke.de\/wp-content\/uploads\/image00001-300x300.jpeg 300w, https:\/\/www.antifaschistische-linke.de\/wp-content\/uploads\/image00001-180x180.jpeg 180w, https:\/\/www.antifaschistische-linke.de\/wp-content\/uploads\/image00001-1536x1536.jpeg 1536w, https:\/\/www.antifaschistische-linke.de\/wp-content\/uploads\/image00001-50x50.jpeg 50w, https:\/\/www.antifaschistische-linke.de\/wp-content\/uploads\/image00001-80x80.jpeg 80w, https:\/\/www.antifaschistische-linke.de\/wp-content\/uploads\/image00001.jpeg 2048w\" sizes=\"(max-width: 1024px) 100vw, 1024px\" \/><\/figure>\n\n\n\n<figure class=\"wp-block-image size-large\"><img decoding=\"async\" loading=\"lazy\" width=\"1024\" height=\"1024\" src=\"https:\/\/www.antifaschistische-linke.de\/wp-content\/uploads\/image00002-1024x1024.jpeg\" alt=\"\" class=\"wp-image-7099\" srcset=\"https:\/\/www.antifaschistische-linke.de\/wp-content\/uploads\/image00002-1024x1024.jpeg 1024w, https:\/\/www.antifaschistische-linke.de\/wp-content\/uploads\/image00002-300x300.jpeg 300w, https:\/\/www.antifaschistische-linke.de\/wp-content\/uploads\/image00002-180x180.jpeg 180w, https:\/\/www.antifaschistische-linke.de\/wp-content\/uploads\/image00002-1536x1536.jpeg 1536w, https:\/\/www.antifaschistische-linke.de\/wp-content\/uploads\/image00002-50x50.jpeg 50w, https:\/\/www.antifaschistische-linke.de\/wp-content\/uploads\/image00002-80x80.jpeg 80w, https:\/\/www.antifaschistische-linke.de\/wp-content\/uploads\/image00002.jpeg 2048w\" sizes=\"(max-width: 1024px) 100vw, 1024px\" \/><\/figure>\n","protected":false},"excerpt":{"rendered":"<p>Anl\u00e4sslich der bevorstehenden Bundestagswahl am 26. September wurden in der vergangenen Nacht in ganz Freiburg Plakate in Leuchtreklamek\u00e4sten geh\u00e4ngt. Die Plakate \u00e4hneln auf den ersten Blick stark den AfD-Wahlplakaten \u2013 machen mit ihren Aussagen jedoch auf die tats\u00e4chlichen Inhalte der rechten Partei aufmerksam. So stehen auf den Plakaten statt faschistischer Hetze oder nichts aussagenden, hohlen [&hellip;]<\/p>\n","protected":false},"author":1,"featured_media":0,"comment_status":"closed","ping_status":"closed","sticky":false,"template":"","format":"standard","meta":[],"categories":[1033,10,1,1087,1032],"tags":[],"_links":{"self":[{"href":"https:\/\/www.antifaschistische-linke.de\/index.php?rest_route=\/wp\/v2\/posts\/7097"}],"collection":[{"href":"https:\/\/www.antifaschistische-linke.de\/index.php?rest_route=\/wp\/v2\/posts"}],"about":[{"href":"https:\/\/www.antifaschistische-linke.de\/index.php?rest_route=\/wp\/v2\/types\/post"}],"author":[{"embeddable":true,"href":"https:\/\/www.antifaschistische-linke.de\/index.php?rest_route=\/wp\/v2\/users\/1"}],"replies":[{"embeddable":true,"href":"https:\/\/www.antifaschistische-linke.de\/index.php?rest_route=%2Fwp%2Fv2%2Fcomments&post=7097"}],"version-history":[{"count":0,"href":"https:\/\/www.antifaschistische-linke.de\/index.php?rest_route=\/wp\/v2\/posts\/7097\/revisions"}],"wp:attachment":[{"href":"https:\/\/www.antifaschistische-linke.de\/index.php?rest_route=%2Fwp%2Fv2%2Fmedia&parent=7097"}],"wp:term":[{"taxonomy":"category","embeddable":true,"href":"https:\/\/www.antifaschistische-linke.de\/index.php?rest_route=%2Fwp%2Fv2%2Fcategories&post=7097"},{"taxonomy":"post_tag","embeddable":true,"href":"https:\/\/www.antifaschistische-linke.de\/index.php?rest_route=%2Fwp%2Fv2%2Ftags&post=7097"}],"curies":[{"name":"wp","href":"https:\/\/api.w.org\/{rel}","templated":true}]}}