{"id":710,"date":"2009-08-21T11:30:05","date_gmt":"2009-08-21T09:30:05","guid":{"rendered":"http:\/\/alfr.blogsport.de\/2009\/08\/21\/bescheidenes-rudolf-hess-gedenken\/"},"modified":"2009-08-21T11:30:05","modified_gmt":"2009-08-21T09:30:05","slug":"bescheidenes-rudolf-hess-gedenken","status":"publish","type":"post","link":"https:\/\/www.antifaschistische-linke.de\/?p=710","title":{"rendered":"Bescheidenes Rudolf-He\u00df-Gedenken"},"content":{"rendered":"<p><img decoding=\"async\" src=\"http:\/\/www.antifaschistische-linke.de\/Bilder\/afalogogross.png\" align=\"left\" alt=\"Kein Fu\u00dfbreit den Faschisten!\" \/>Die gro\u00dfspurig angek\u00fcndigten bundesweiten und dezentralen Neonazi-Aktionen zu Ehren des Hitler-Stellvertreters Rudolf He\u00df sind am Abend des 17. August 2009, sein 22. Todestag, durchweg ausgeblieben. Mit sogenannten Flashmobs wollten sich Verehrer des Nazi-F\u00fchrers angeblich in \u00fcber 100 Orten versammeln, doch es blieb bei vereinzelten Auftritten von Kleingruppen. In den Reihen der Faschisten stie\u00df diese Aktionsform nicht nur wegen zu viel Modernismus auf Kritik. Sie bef\u00fcrchteten dar\u00fcber hinaus Repression und antifaschistische Gegenwehr, weil  der jeweils genaue Ort und Zeitpunkt der Aktionen im Internet ver\u00f6ffentlicht wurde.<!--more--><\/p>\n<p>Das Verbot des He\u00dfmarsches im fr\u00e4nkischen Wunsiedel wurde erneut vom Bundesverfassungsgericht best\u00e4tigt und eine geplante faschistische Demonstration zu Ehren des Massenm\u00f6rders im ungarischen Budapest von den Beh\u00f6rden untersagt.<\/p>\n<p><strong>Mehr lesen:<\/strong><br \/>\n<a href=\"http:\/\/www.stattweb.de\/baseportal\/NewsDetail&#038;db=News&#038;Id=5865\">\u00dcbersichtsartikel \u00fcber Aktionen in Baden-W\u00fcrttemberg auf stattweb.de<\/a><br \/>\n<a href=\"http:\/\/www.redok.de\/content\/view\/1484\/38\/\">Artikel bei redok.de zu den bundesweiten Aktionen<\/a><br \/>\n<a href=\"http:\/\/www.antifa-freiburg.de\/spip.php?page=antifa&#038;id_article=340&#038;design=2\">Hintergr\u00fcnde zu den He\u00df-M\u00e4rschen im Archiv der alten Antifa Freiburg<\/a><br \/>\n<a href=\"http:\/\/ns-stoppen2.nadir.org\/\">Viele gute Infos auf der Seite der Kampagne NS-Verherrlichung-stoppen!<\/a><br \/>\n<a href=\"http:\/\/de.wikipedia.org\/wiki\/Flashmob\">Was ist ein Flashmob?<\/a><\/p>\n","protected":false},"excerpt":{"rendered":"<p>Die gro\u00dfspurig angek\u00fcndigten bundesweiten und dezentralen Neonazi-Aktionen zu Ehren des Hitler-Stellvertreters Rudolf He\u00df sind am Abend des 17. August 2009, sein 22. Todestag, durchweg ausgeblieben. Mit sogenannten Flashmobs wollten sich Verehrer des Nazi-F\u00fchrers angeblich in \u00fcber 100 Orten versammeln, doch es blieb bei vereinzelten Auftritten von Kleingruppen. In den Reihen der Faschisten stie\u00df diese Aktionsform [&hellip;]<\/p>\n","protected":false},"author":1,"featured_media":0,"comment_status":"closed","ping_status":"closed","sticky":false,"template":"","format":"standard","meta":[],"categories":[1],"tags":[],"_links":{"self":[{"href":"https:\/\/www.antifaschistische-linke.de\/index.php?rest_route=\/wp\/v2\/posts\/710"}],"collection":[{"href":"https:\/\/www.antifaschistische-linke.de\/index.php?rest_route=\/wp\/v2\/posts"}],"about":[{"href":"https:\/\/www.antifaschistische-linke.de\/index.php?rest_route=\/wp\/v2\/types\/post"}],"author":[{"embeddable":true,"href":"https:\/\/www.antifaschistische-linke.de\/index.php?rest_route=\/wp\/v2\/users\/1"}],"replies":[{"embeddable":true,"href":"https:\/\/www.antifaschistische-linke.de\/index.php?rest_route=%2Fwp%2Fv2%2Fcomments&post=710"}],"version-history":[{"count":0,"href":"https:\/\/www.antifaschistische-linke.de\/index.php?rest_route=\/wp\/v2\/posts\/710\/revisions"}],"wp:attachment":[{"href":"https:\/\/www.antifaschistische-linke.de\/index.php?rest_route=%2Fwp%2Fv2%2Fmedia&parent=710"}],"wp:term":[{"taxonomy":"category","embeddable":true,"href":"https:\/\/www.antifaschistische-linke.de\/index.php?rest_route=%2Fwp%2Fv2%2Fcategories&post=710"},{"taxonomy":"post_tag","embeddable":true,"href":"https:\/\/www.antifaschistische-linke.de\/index.php?rest_route=%2Fwp%2Fv2%2Ftags&post=710"}],"curies":[{"name":"wp","href":"https:\/\/api.w.org\/{rel}","templated":true}]}}