{"id":7104,"date":"2022-02-04T17:52:04","date_gmt":"2022-02-04T16:52:04","guid":{"rendered":"https:\/\/www.antifaschistische-linke.de\/?p=7104"},"modified":"2022-02-04T17:52:06","modified_gmt":"2022-02-04T16:52:06","slug":"die-profitmacherei-ist-das-problem","status":"publish","type":"post","link":"https:\/\/www.antifaschistische-linke.de\/?p=7104","title":{"rendered":"Die Profitmacherei ist das Problem"},"content":{"rendered":"\n<p><em>Die Proteste der Querdenker-Bewegung dauern weiter an. F\u00fcr uns ist klar, auf diesen Demos werden egoistische und zum Teil rechte Positionen vertreten. Querdenken bietet keine solidarische Antwort auf die aktuelle solidarische Krise. Gleichzeitig wollen wir uns aber auch nicht sch\u00fctzend vor die deutsche Regierung stellen, denn es gibt allen Grund f\u00fcr Kritik an der aktuellen Politik. Kurz gesagt, stellt sie wie immer die Profite vor die Menschen und wird so die Probleme f\u00fcr uns nicht \u00e4ndern. <\/em><\/p>\n\n\n\n<p>Unsere Freund*innen vom Netzwerk solidarisches Gesundheitswesen sehen das zum Gl\u00fcck genauso. Wir teilen hier gerne den Aufruf des Netzwerks, das sich deutlich gegen Querdenken positioniert. Kritik am Gesundheitswesen? Auf jeden Fall, aber solidarisch:<\/p>\n\n\n\n<p><\/p>\n\n\n\n<p class=\"has-text-align-center\"><strong>&#8222;Nicht die Impfung, sondern die Profitorientierung ist das Problem&#8220;<\/strong><\/p>\n\n\n\n<p>In den letzten Wochen erhielten die Demonstrationen der sog. Querdenker*innen auch in Freiburg massiven Zulauf. Zugespitzt durch die mediale Debatte um eine m\u00f6gliche Impfpflicht folgten mehrere Tausend Menschen dem Aufruf der Gruppe FreiSein Freiburg die sich nach au\u00dfen hin f\u00fcr Frieden, Freiheit und Demokratie einsetzt. Bei n\u00e4herem Hinsehen entpuppen sich die ma\u00dfgeblich beteiligten Personen als eine <a href=\"https:\/\/freivac.de\/\">Mischung aus Rechtsradikalen, Antisemit*innen und Anh\u00e4nger*innen von Verschw\u00f6rungstheorien<\/a>. Eine klare Abgrenzung dagegen findet von vielen Menschen, die \u2019nur\u2018 mitdemostrieren wollen nicht statt.\u00a0<\/p>\n\n\n\n<p><br>Aus Infektionsschutzgr\u00fcnden wird bei stark steigenden Inzidenzen auf eine zentrale Gegenkundgebung wie in der letzten Woche verzichtet. Wir k\u00f6nnen und wollen trotzdem nicht zulassen, dass die L\u00fcgen wie die angebliche Unwirksamkeit von Impfungen, die Verharmlosung des Corona-Virus und die Instrumentalisierung unserer ausgebrannten Kolleg*innen durch die Querdenker*innen unwidersprochen bleibt.<\/p>\n\n\n\n<p><br>Gleichzeitig m\u00fcssen wir feststellen, dass all die Talkshows und Dokumentationen \u00fcber \u00fcberlastetes Klinikpersonal, das Klatschen auf den Balkonen oder die Appelle zur Freigabe von Impfpatenten f\u00fcr die L\u00e4nder des globalen S\u00fcdens nichts ge\u00e4ndert haben. Dieses Gesundheitssystem ist ausgerichtet auf den Profit von wenigen der auf dem R\u00fccken von Besch\u00e4ftigten und Patient*innen erwirtschaftet wird. Aus dieser Pandemie m\u00fcssen Konsequenzen gezogen werden, insbesondere muss die <a href=\"https:\/\/krankenhaus-statt-fabrik.de\/\">Kommerzialisierung der Gesundheitsversorgung<\/a> abgeschafft werden, Daseinsf\u00fcrsorge geh\u00f6rt bedarfsgerecht finanziert! Nur so lassen sich die Arbeitsbedingungen zum Wohle des Personals als auch der Patient*innen nachhaltig verbessern.<\/p>\n\n\n\n<figure class=\"wp-block-image size-large\"><img decoding=\"async\" loading=\"lazy\" width=\"1024\" height=\"768\" src=\"https:\/\/www.antifaschistische-linke.de\/wp-content\/uploads\/Solges-1-1024x768.jpg\" alt=\"\" class=\"wp-image-7106\" srcset=\"https:\/\/www.antifaschistische-linke.de\/wp-content\/uploads\/Solges-1-1024x768.jpg 1024w, https:\/\/www.antifaschistische-linke.de\/wp-content\/uploads\/Solges-1-300x225.jpg 300w, https:\/\/www.antifaschistische-linke.de\/wp-content\/uploads\/Solges-1-1536x1152.jpg 1536w, https:\/\/www.antifaschistische-linke.de\/wp-content\/uploads\/Solges-1-2048x1536.jpg 2048w, https:\/\/www.antifaschistische-linke.de\/wp-content\/uploads\/Solges-1-400x300.jpg 400w\" sizes=\"(max-width: 1024px) 100vw, 1024px\" \/><figcaption>Vor der Uniklinik Freiburg<\/figcaption><\/figure>\n","protected":false},"excerpt":{"rendered":"<p>Die Proteste der Querdenker-Bewegung dauern weiter an. F\u00fcr uns ist klar, auf diesen Demos werden egoistische und zum Teil rechte Positionen vertreten. Querdenken bietet keine solidarische Antwort auf die aktuelle solidarische Krise. Gleichzeitig wollen wir uns aber auch nicht sch\u00fctzend vor die deutsche Regierung stellen, denn es gibt allen Grund f\u00fcr Kritik an der aktuellen [&hellip;]<\/p>\n","protected":false},"author":1,"featured_media":7105,"comment_status":"closed","ping_status":"closed","sticky":false,"template":"","format":"standard","meta":[],"categories":[10,922,1032,642,1144,4],"tags":[1116,50],"_links":{"self":[{"href":"https:\/\/www.antifaschistische-linke.de\/index.php?rest_route=\/wp\/v2\/posts\/7104"}],"collection":[{"href":"https:\/\/www.antifaschistische-linke.de\/index.php?rest_route=\/wp\/v2\/posts"}],"about":[{"href":"https:\/\/www.antifaschistische-linke.de\/index.php?rest_route=\/wp\/v2\/types\/post"}],"author":[{"embeddable":true,"href":"https:\/\/www.antifaschistische-linke.de\/index.php?rest_route=\/wp\/v2\/users\/1"}],"replies":[{"embeddable":true,"href":"https:\/\/www.antifaschistische-linke.de\/index.php?rest_route=%2Fwp%2Fv2%2Fcomments&post=7104"}],"version-history":[{"count":0,"href":"https:\/\/www.antifaschistische-linke.de\/index.php?rest_route=\/wp\/v2\/posts\/7104\/revisions"}],"wp:featuredmedia":[{"embeddable":true,"href":"https:\/\/www.antifaschistische-linke.de\/index.php?rest_route=\/wp\/v2\/media\/7105"}],"wp:attachment":[{"href":"https:\/\/www.antifaschistische-linke.de\/index.php?rest_route=%2Fwp%2Fv2%2Fmedia&parent=7104"}],"wp:term":[{"taxonomy":"category","embeddable":true,"href":"https:\/\/www.antifaschistische-linke.de\/index.php?rest_route=%2Fwp%2Fv2%2Fcategories&post=7104"},{"taxonomy":"post_tag","embeddable":true,"href":"https:\/\/www.antifaschistische-linke.de\/index.php?rest_route=%2Fwp%2Fv2%2Ftags&post=7104"}],"curies":[{"name":"wp","href":"https:\/\/api.w.org\/{rel}","templated":true}]}}