{"id":711,"date":"2009-08-21T15:08:34","date_gmt":"2009-08-21T13:08:34","guid":{"rendered":"http:\/\/alfr.blogsport.de\/2009\/08\/21\/infoveranstaltung-im-mesopotamischen-kulturzentrum\/"},"modified":"2009-08-21T15:08:34","modified_gmt":"2009-08-21T13:08:34","slug":"infoveranstaltung-im-mesopotamischen-kulturzentrum","status":"publish","type":"post","link":"https:\/\/www.antifaschistische-linke.de\/?p=711","title":{"rendered":"Infoveranstaltung im Mesopotamischen Kulturzentrum"},"content":{"rendered":"<p><img decoding=\"async\" src=\"http:\/\/www.antifaschistische-linke.de\/Bilder\/afalogoklein.png\" alt=\"Kein Fu\u00dfbreit den Faschisten!\"align=\"left\"\/><em>Freitag, 21.08.2009<\/em><br \/><strong>Freiburg.<\/strong> Am Freitag, den 21. August, findet im Mesopotamischen Kulturzentrum in der Merianstra\u00dfe 26 um 20 Uhr eine Mobilisierungsveranstaltung f\u00fcr die bundesweite Antifa-Demonstration und Gegenaktivit\u00e4ten am 5. September in Dortmund statt. <a href=\"http:\/\/bus.blogsport.de\">Mehr Infos<\/a><\/p>\n","protected":false},"excerpt":{"rendered":"<p>Freitag, 21.08.2009Freiburg. Am Freitag, den 21. August, findet im Mesopotamischen Kulturzentrum in der Merianstra\u00dfe 26 um 20 Uhr eine Mobilisierungsveranstaltung f\u00fcr die bundesweite Antifa-Demonstration und Gegenaktivit\u00e4ten am 5. September in Dortmund statt. Mehr Infos<\/p>\n","protected":false},"author":1,"featured_media":0,"comment_status":"closed","ping_status":"closed","sticky":false,"template":"","format":"standard","meta":[],"categories":[1],"tags":[],"_links":{"self":[{"href":"https:\/\/www.antifaschistische-linke.de\/index.php?rest_route=\/wp\/v2\/posts\/711"}],"collection":[{"href":"https:\/\/www.antifaschistische-linke.de\/index.php?rest_route=\/wp\/v2\/posts"}],"about":[{"href":"https:\/\/www.antifaschistische-linke.de\/index.php?rest_route=\/wp\/v2\/types\/post"}],"author":[{"embeddable":true,"href":"https:\/\/www.antifaschistische-linke.de\/index.php?rest_route=\/wp\/v2\/users\/1"}],"replies":[{"embeddable":true,"href":"https:\/\/www.antifaschistische-linke.de\/index.php?rest_route=%2Fwp%2Fv2%2Fcomments&post=711"}],"version-history":[{"count":0,"href":"https:\/\/www.antifaschistische-linke.de\/index.php?rest_route=\/wp\/v2\/posts\/711\/revisions"}],"wp:attachment":[{"href":"https:\/\/www.antifaschistische-linke.de\/index.php?rest_route=%2Fwp%2Fv2%2Fmedia&parent=711"}],"wp:term":[{"taxonomy":"category","embeddable":true,"href":"https:\/\/www.antifaschistische-linke.de\/index.php?rest_route=%2Fwp%2Fv2%2Fcategories&post=711"},{"taxonomy":"post_tag","embeddable":true,"href":"https:\/\/www.antifaschistische-linke.de\/index.php?rest_route=%2Fwp%2Fv2%2Ftags&post=711"}],"curies":[{"name":"wp","href":"https:\/\/api.w.org\/{rel}","templated":true}]}}