{"id":712,"date":"2009-08-22T12:11:58","date_gmt":"2009-08-22T10:11:58","guid":{"rendered":"http:\/\/alfr.blogsport.de\/2009\/08\/22\/rostock-lichtenhagen-nichts-ist-vergessen\/"},"modified":"2009-08-22T12:11:58","modified_gmt":"2009-08-22T10:11:58","slug":"rostock-lichtenhagen-nichts-ist-vergessen","status":"publish","type":"post","link":"https:\/\/www.antifaschistische-linke.de\/?p=712","title":{"rendered":"Rostock-Lichtenhagen: Nichts ist vergessen"},"content":{"rendered":"<p><img decoding=\"async\" src=\"http:\/\/www.antifaschistische-linke.de\/Bilder\/rostocklichtenhagen.jpg\" align=\"left\" alt=\"Kein Vergessen, kein Vergeben!\" \/>Heute vor 17 Jahren, am 22. August 1992, begann im Rostocker Stadtteil Lichtenhagen der massivste faschistische Pogrom in der deutschen Nachkriegsgeschichte. Mehrere hundert Neonazis griffen unter dem Applaus tausender Schaulustiger \u00fcber mehrere Tage lang zuerst die Zentrale Aufnahmestelle f\u00fcr Asylbewerber (ZAst) und sp\u00e4ter nach deren R\u00e4umung durch die Beh\u00f6rden ein Wohnheim von ehemaligen vietnamesischen Vertragsarbeitern an. Unter faschistischen Parolen warf der braune Mob Steine und sp\u00e4ter Brands\u00e4tze in das Geb\u00e4ude. Die 115 Menschen im sogenannten \u201eSonnenblumenhaus\u201c waren eingeschlossen und konnten sich nur noch \u00fcber das Dach in Sicherheit bringen. Die \u00fcberforderte Polizei konnte die Lage erst am 26. August unter Kontrolle bringen.<!--more--><\/p>\n<p>Interventionen von autonomen Antifaschisten zum Schutz der Vietnamesen w\u00e4hrend der Ausschreitungen wurden mit staatlicher Repression beantwortet. Statt die Faschisten zu vertreiben, nahm die Polizei die Jugendlichen aus der Antifa-Bewegung fest.<\/p>\n<p>Die Debatte um Ursachen der Geschehnisse wurde schnell mit der Diskussion um das deutsche Asylrecht verkn\u00fcpft.  Nur wenig sp\u00e4ter und von einigen CDU-Politikern mit der Begr\u00fcndung, in Zukunft Attacken wie in Lichtenhagen verhindern zu wollen, wurde das Asylrecht so ge\u00e4ndert, dass es f\u00fcr politische Fl\u00fcchtlinge quasi unm\u00f6glich ist, Asyl in Deutschland zu bekommen. Die SPD gab ihren Widerstand gegen die \u00c4nderung des Artikel 16 Grundgesetz zuvor auf.<\/p>\n<p><strong>Mehr lesen:<\/strong><br \/>\n<a href=\"http:\/\/de.wikipedia.org\/wiki\/Ausschreitungen_von_Rostock-Lichtenhagen\">Sehr informativer Hintergrundartikel auf Wikipedia<\/a><br \/>\n<a href=\"http:\/\/video.indymedia.org\/en\/2006\/06\/392.shtml\">Film \u201eThe truth lies in Rostock\u201c zum Download<\/a><br \/>\n<a href=\"http:\/\/www.youtube.com\/watch?v=2RSsTMIyXAg\">NDR-Bericht zu den Ereignissen<\/a><br \/>\n<a href=\"http:\/\/www.umbruch-bildarchiv.de\/bildarchiv\/ereignis\/10jahrerostockpogrome.html\">Bilder beim Umbruch-Bildarchiv<\/a><\/p>\n","protected":false},"excerpt":{"rendered":"<p>Heute vor 17 Jahren, am 22. August 1992, begann im Rostocker Stadtteil Lichtenhagen der massivste faschistische Pogrom in der deutschen Nachkriegsgeschichte. Mehrere hundert Neonazis griffen unter dem Applaus tausender Schaulustiger \u00fcber mehrere Tage lang zuerst die Zentrale Aufnahmestelle f\u00fcr Asylbewerber (ZAst) und sp\u00e4ter nach deren R\u00e4umung durch die Beh\u00f6rden ein Wohnheim von ehemaligen vietnamesischen Vertragsarbeitern [&hellip;]<\/p>\n","protected":false},"author":1,"featured_media":0,"comment_status":"closed","ping_status":"closed","sticky":false,"template":"","format":"standard","meta":[],"categories":[1],"tags":[],"_links":{"self":[{"href":"https:\/\/www.antifaschistische-linke.de\/index.php?rest_route=\/wp\/v2\/posts\/712"}],"collection":[{"href":"https:\/\/www.antifaschistische-linke.de\/index.php?rest_route=\/wp\/v2\/posts"}],"about":[{"href":"https:\/\/www.antifaschistische-linke.de\/index.php?rest_route=\/wp\/v2\/types\/post"}],"author":[{"embeddable":true,"href":"https:\/\/www.antifaschistische-linke.de\/index.php?rest_route=\/wp\/v2\/users\/1"}],"replies":[{"embeddable":true,"href":"https:\/\/www.antifaschistische-linke.de\/index.php?rest_route=%2Fwp%2Fv2%2Fcomments&post=712"}],"version-history":[{"count":0,"href":"https:\/\/www.antifaschistische-linke.de\/index.php?rest_route=\/wp\/v2\/posts\/712\/revisions"}],"wp:attachment":[{"href":"https:\/\/www.antifaschistische-linke.de\/index.php?rest_route=%2Fwp%2Fv2%2Fmedia&parent=712"}],"wp:term":[{"taxonomy":"category","embeddable":true,"href":"https:\/\/www.antifaschistische-linke.de\/index.php?rest_route=%2Fwp%2Fv2%2Fcategories&post=712"},{"taxonomy":"post_tag","embeddable":true,"href":"https:\/\/www.antifaschistische-linke.de\/index.php?rest_route=%2Fwp%2Fv2%2Ftags&post=712"}],"curies":[{"name":"wp","href":"https:\/\/api.w.org\/{rel}","templated":true}]}}