{"id":7127,"date":"2022-02-18T22:09:07","date_gmt":"2022-02-18T21:09:07","guid":{"rendered":"https:\/\/www.antifaschistische-linke.de\/?p=7127"},"modified":"2022-02-18T22:09:15","modified_gmt":"2022-02-18T21:09:15","slug":"2-jahre-nach-hanau-say-their-names","status":"publish","type":"post","link":"https:\/\/www.antifaschistische-linke.de\/?p=7127","title":{"rendered":"2 Jahre nach Hanau: Say their names!"},"content":{"rendered":"\n<figure class=\"wp-block-image size-large\"><img decoding=\"async\" src=\"https:\/\/tacker.fr\/sites\/default\/files\/images\/event\/2022-02\/flyer_hanau_2022.png\" alt=\"\"\/><\/figure>\n\n\n\n<p><strong>Kundgebung am 19. Februar um 11 Uhr am Platz der Alten Synagoge<\/strong><\/p>\n\n\n\n<p>(Der folgende Aufruf orientiert sich an dem der Initiative 19. Feburar Hanau)<\/p>\n\n\n\n<p>Am 19. Februar j\u00e4hrt sich der rassistische Anschlag in Hanau zum zweiten Mal.<\/p>\n\n\n\n<p>Bis heute sind noch viele Fragen offen. Aktuell spricht die Inititative 19. Februar im Untersuchungsausschuss vor dem Hessischen Landtag \u00fcber das Versagen der Beh\u00f6rden vor, w\u00e4hrend und nach der Tat, \u00fcber die Schwerf\u00e4lligkeit der \u00c4mter bei der Unterst\u00fctzung und Hilfe, \u00fcber die K\u00e4lte der B\u00fcrokratie. Sie sprechen \u00fcber das unverzeihliche Fehlverhalten der Polizei in der Tatnacht, \u00fcber die Unwilligkeit und Nachl\u00e4ssigkeit von Staatsanwaltschaft und Polizei bei den Ermittlungen, bei der Verfolgung von Spuren, bei dem Ernstnehmen neuer Gefahren, bei unserem Schutz. Sie sprechen \u00fcber die wiederkehrenden Respektlosigkeiten und herabw\u00fcrdigenden Gesten von Beamt:innen, Vertreter:innen von Beh\u00f6rden und Polizei gegen\u00fcber Angeh\u00f6rigen und \u00dcberlebenden und selbst gegen\u00fcber den Toten. Sie sprechen \u00fcber den Normalzustand von institutionellem Rassismus.<\/p>\n\n\n\n<p>Lasst uns gemeinsam die Namen der Opfer unvergessen machen. Ihre Namen sollen erinnern und mahnen, den rassistischen Normalzustand im Alltag, in den Beh\u00f6rden, den Sicherheitsapparaten und \u00fcberall zu beenden. Der rassistische Anschlag war auch ein Ergebnis der rechten Hetze von Politiker:innen, Parteien und Medien. Beh\u00f6rden und Sicherheitsapparate haben ihn durch ihre strukturelle Inkompetenz und Ignoranz weder verhindert noch aufgekl\u00e4rt. Das ist das Zusammenspiel, das in den Handlungen Einzelner ihre m\u00f6rderische Zuspitzung und Folge findet. Damit sind rechte Terrorakte niemals Einzeltaten.<\/p>\n\n\n\n<p>Schluss damit! Damit wir keine Angst mehr haben m\u00fcssen, muss es politische Konsequenzen geben. Rassismus, egal in welcher Form, darf nicht mehr geduldet, verharmlost oder ignoriert werden. Wir geben keine Ruhe!<\/p>\n\n\n\n<p>Kommt deshalb am 19. Februar um 11 Uhr zum Platz der Alten Synagoge, um den Opfern zu gedenken, Solidarit\u00e4t mit allen Angeh\u00f6rigen zu zeigen und auf rechten Terror aufmerksam zu machen. Es muss endlich politische Konsequenzen geben!<\/p>\n\n\n\n<p>Wir stehen zusammen und k\u00e4mpfen gemeinsam.<\/p>\n\n\n\n<p>Gegen die Angst. F\u00fcr das Leben. Erinnern hei\u00dft ver\u00e4ndern!<\/p>\n\n\n\n<p>Achtet bei der Kundgebung auf einen Mindestabstand von 1,5m, tragt eine FFP2-Maske und testet euch nach M\u00f6glichkeit vorher. Seid solidarisch miteinander!<\/p>\n\n\n\n<p>Wegen der zeitlichen N\u00e4he zu einer Demonstration von FreiSein Freiburg wird es ein Sicherheitskonzept geben. Die Veranstaltung wurde angemeldet. Es werden u.U. viele Ordner*innen ben\u00f6tigt. Wenn ihr uns unterst\u00fctzen m\u00f6chtet, dann kommt um 10:40 Uhr zum Platz der Alten Synagoge und holt euch eine Armbinde ab.<\/p>\n\n\n\n<p>Die Kungebung wird organisiert vom B\u00fcndnis Freiburg gegen Rechts, der BIPoC-Gruppe Freiburg und der Fantifa Freiburg.<\/p>\n","protected":false},"excerpt":{"rendered":"<p>Kundgebung am 19. Februar um 11 Uhr am Platz der Alten Synagoge (Der folgende Aufruf orientiert sich an dem der Initiative 19. Feburar Hanau) Am 19. Februar j\u00e4hrt sich der rassistische Anschlag in Hanau zum zweiten Mal. Bis heute sind noch viele Fragen offen. Aktuell spricht die Inititative 19. Februar im Untersuchungsausschuss vor dem Hessischen [&hellip;]<\/p>\n","protected":false},"author":1,"featured_media":0,"comment_status":"closed","ping_status":"closed","sticky":false,"template":"","format":"standard","meta":[],"categories":[1],"tags":[],"_links":{"self":[{"href":"https:\/\/www.antifaschistische-linke.de\/index.php?rest_route=\/wp\/v2\/posts\/7127"}],"collection":[{"href":"https:\/\/www.antifaschistische-linke.de\/index.php?rest_route=\/wp\/v2\/posts"}],"about":[{"href":"https:\/\/www.antifaschistische-linke.de\/index.php?rest_route=\/wp\/v2\/types\/post"}],"author":[{"embeddable":true,"href":"https:\/\/www.antifaschistische-linke.de\/index.php?rest_route=\/wp\/v2\/users\/1"}],"replies":[{"embeddable":true,"href":"https:\/\/www.antifaschistische-linke.de\/index.php?rest_route=%2Fwp%2Fv2%2Fcomments&post=7127"}],"version-history":[{"count":0,"href":"https:\/\/www.antifaschistische-linke.de\/index.php?rest_route=\/wp\/v2\/posts\/7127\/revisions"}],"wp:attachment":[{"href":"https:\/\/www.antifaschistische-linke.de\/index.php?rest_route=%2Fwp%2Fv2%2Fmedia&parent=7127"}],"wp:term":[{"taxonomy":"category","embeddable":true,"href":"https:\/\/www.antifaschistische-linke.de\/index.php?rest_route=%2Fwp%2Fv2%2Fcategories&post=7127"},{"taxonomy":"post_tag","embeddable":true,"href":"https:\/\/www.antifaschistische-linke.de\/index.php?rest_route=%2Fwp%2Fv2%2Ftags&post=7127"}],"curies":[{"name":"wp","href":"https:\/\/api.w.org\/{rel}","templated":true}]}}