{"id":7132,"date":"2022-02-28T17:37:16","date_gmt":"2022-02-28T16:37:16","guid":{"rendered":"https:\/\/www.antifaschistische-linke.de\/?p=7132"},"modified":"2022-03-01T18:52:44","modified_gmt":"2022-03-01T17:52:44","slug":"initiative-fuer-ein-soziales-zentrum-in-freiburg-gegruendet","status":"publish","type":"post","link":"https:\/\/www.antifaschistische-linke.de\/?p=7132","title":{"rendered":"Initiative f\u00fcr ein Soziales Zentrum in Freiburg gegr\u00fcndet"},"content":{"rendered":"\n<p>Gemeinsam mit anderen engagierten Genossinnen und Genossen haben wir die <a href=\"http:\/\/www.sz-freiburg.org\">\u201eInitiative f\u00fcr ein Soziales Zentrum in Freiburg\u201c<\/a> gegr\u00fcndet. Nachdem wir lange als Gruppe aktiv am Aufbau und dem Erhalt des \u201eLinken Zentrums Freiburg\u201c (LIZ) mitgearbeitet haben, ist es nun Zeit f\u00fcr uns neue Wege zu gehen und andere Ans\u00e4tze zu erproben. Denn:&#8230;<\/p>\n\n\n\n<h2><a><\/a>Es gibt viel zu tun!<\/h2>\n\n\n\n<p>Schauen wir auf Freiburg, sehen wir Herausforderungen. Seien es steigende Mieten und fehlender sozialer Wohnraum, schlechte Arbeitsbedingungen, beispielsweise im Gesundheitssektor, der Ausschluss von immer mehr Menschen von sozialer Teilhabe oder rassistische Spaltung, durch die wir gegeneinander ausgespielt werden. Es gibt also viel zu tun f\u00fcr uns!<\/p>\n\n\n\n<p>Wir wollen f\u00fcr eine Stadt und eine Gesellschaft k\u00e4mpfen, in der nicht Konkurrenz und Profitinteresse im Mittelpunkt stehen, sondern die Bed\u00fcrfnisse der Menschen, die in ihr leben. Dieser Wunsch eint uns als Linke \u2013 sowohl solche, die schon lange in Freiburg Politik machen, als auch solche, die gerade erst damit anfangen, aktiv zu werden.<\/p>\n\n\n\n<h2><a><\/a>Wir m\u00fcssen neu denken\u2026<\/h2>\n\n\n\n<p>Gleichzeitig geraten wir mit unseren Politikformen immer \u00f6fter an Grenzen. Messbare Erfolge bleiben aus und Mobilisierungen erreichen haupts\u00e4chlich die eigene linke Blase. Als Linke schaffen wir es nur selten, mit unseren Antworten auf gesellschaftspolitische und soziale Fragen, die Menschen zu erreichen, die von den Auswirkungen des kapitalistischen Systems am meisten betroffen sind. Niedrigschwellige Orte f\u00fcr Menschen, die sich noch nie innerhalb der Linken mit all ihren Codes und eigenen Verhaltensweisen bewegt haben, gibt es viel zu selten. In den n\u00e4chsten Jahren geht es uns darum, das zu \u00e4ndern!<\/p>\n\n\n\n<p>Wir haben uns mit vielen anderen in Freiburg \u00fcber eine Neuausrichtung linker Politik ausgetauscht und dabei einiges erreicht und vieles wieder verworfen. Wir wissen noch nicht genau, wie diese Erneuerung aussehen kann. Wir sind uns aber sicher, dass es sich lohnt, sich dieser Fragen gemeinsam zu stellen und Neues auszuprobieren. Als folgerichtiger erster Schritt steht f\u00fcr uns an, linke Politik da hinzutragen, wo sie hingeh\u00f6rt \u2013 raus aus unserer Blase und rein ins Viertel.<\/p>\n\n\n\n<h2><a><\/a>\u2026und handeln!<\/h2>\n\n\n\n<p>Und deshalb brauchen wir ein soziales Zentrum \u2013 als einen Raum f\u00fcr all diejenigen, die in Freiburg etwas ver\u00e4ndern, die sich politisch und kulturell unabh\u00e4ngig entfalten und die sich mit Gleichgesinnten vernetzen m\u00f6chten. Das soziale Zentrum soll ein Ort sein, der es erm\u00f6glicht, sich zu lokalen Themen, die uns im Alltag besch\u00e4ftigen, auszutauschen, zu organisieren und gemeinsam f\u00fcr Ver\u00e4nderung einzutreten. Ein Ort, der fest im Viertel verankert ist und ein politischer wie kultureller Anlaufpunkt \u2013 f\u00fcr alle, die hier leben.&nbsp;<\/p>\n\n\n\n<p>Unser Soziales Zentrum soll dabei finanziell und organisatorisch unabh\u00e4ngig von staatlichen Institutionen sein und ausschlie\u00dflich von denjenigen verwaltet werden, die es nutzen, weiterentwickeln und mit Leben f\u00fcllen.&nbsp;<\/p>\n\n\n\n<p>Mehr Informationen zur Initiative und wie Ihr selbst mit machen und unterst\u00fctzen k\u00f6nnt findet ihr unter: <\/p>\n\n\n\n<p>www.sz-freiburg.org<\/p>\n\n\n\n<p><\/p>\n","protected":false},"excerpt":{"rendered":"<p>Gemeinsam mit anderen engagierten Genossinnen und Genossen haben wir die \u201eInitiative f\u00fcr ein Soziales Zentrum in Freiburg\u201c gegr\u00fcndet. Nachdem wir lange als Gruppe aktiv am Aufbau und dem Erhalt des \u201eLinken Zentrums Freiburg\u201c (LIZ) mitgearbeitet haben, ist es nun Zeit f\u00fcr uns neue Wege zu gehen und andere Ans\u00e4tze zu erproben. Denn:&#8230; Es gibt viel [&hellip;]<\/p>\n","protected":false},"author":1,"featured_media":7133,"comment_status":"closed","ping_status":"closed","sticky":false,"template":"","format":"standard","meta":[],"categories":[1087,922,1032,642,4,317],"tags":[],"_links":{"self":[{"href":"https:\/\/www.antifaschistische-linke.de\/index.php?rest_route=\/wp\/v2\/posts\/7132"}],"collection":[{"href":"https:\/\/www.antifaschistische-linke.de\/index.php?rest_route=\/wp\/v2\/posts"}],"about":[{"href":"https:\/\/www.antifaschistische-linke.de\/index.php?rest_route=\/wp\/v2\/types\/post"}],"author":[{"embeddable":true,"href":"https:\/\/www.antifaschistische-linke.de\/index.php?rest_route=\/wp\/v2\/users\/1"}],"replies":[{"embeddable":true,"href":"https:\/\/www.antifaschistische-linke.de\/index.php?rest_route=%2Fwp%2Fv2%2Fcomments&post=7132"}],"version-history":[{"count":0,"href":"https:\/\/www.antifaschistische-linke.de\/index.php?rest_route=\/wp\/v2\/posts\/7132\/revisions"}],"wp:featuredmedia":[{"embeddable":true,"href":"https:\/\/www.antifaschistische-linke.de\/index.php?rest_route=\/wp\/v2\/media\/7133"}],"wp:attachment":[{"href":"https:\/\/www.antifaschistische-linke.de\/index.php?rest_route=%2Fwp%2Fv2%2Fmedia&parent=7132"}],"wp:term":[{"taxonomy":"category","embeddable":true,"href":"https:\/\/www.antifaschistische-linke.de\/index.php?rest_route=%2Fwp%2Fv2%2Fcategories&post=7132"},{"taxonomy":"post_tag","embeddable":true,"href":"https:\/\/www.antifaschistische-linke.de\/index.php?rest_route=%2Fwp%2Fv2%2Ftags&post=7132"}],"curies":[{"name":"wp","href":"https:\/\/api.w.org\/{rel}","templated":true}]}}