{"id":7143,"date":"2022-03-01T21:01:00","date_gmt":"2022-03-01T20:01:00","guid":{"rendered":"https:\/\/www.antifaschistische-linke.de\/?p=7143"},"modified":"2022-03-01T21:01:02","modified_gmt":"2022-03-01T20:01:02","slug":"feminismus-mit-klasse-diskussionsveranstaltung","status":"publish","type":"post","link":"https:\/\/www.antifaschistische-linke.de\/?p=7143","title":{"rendered":"Feminismus mit Klasse! Diskussionsveranstaltung"},"content":{"rendered":"\n<p><strong>Vom Krankenhaus bis in die Kita ausgebrannte Kolleginnen! Herzliche Einladung zur Diskussionsveranstaltung zu feministischen Arbeitsk\u00e4mpfen. Davor sehen wir uns freilich noch am 8. M\u00e4rz, dem internationalen Frauen*kampftag und feministischen Streik.<\/strong><\/p>\n\n\n\n<p><br>17. M\u00e4rz 2022, 19 Uhr<br><a href=\"https:\/\/meet.jit.si\/femarbeitskampf\">https:\/\/meet.jit.si\/femarbeitskampf<\/a><\/p>\n\n\n\n<p><\/p>\n\n\n\n<p>Viele feministische Debatten drehen sich heutzutage darum, wie wir Sprache m\u00f6glichst inklusiv gestalten und m\u00f6glichst alle Personen in ihrer Individualit\u00e4t repr\u00e4sentieren k\u00f6nnen. Fragen der Wirtschaft geraten so h\u00e4ufig in den Hintergrund. Dabei ist es gerade auch die Ausbeutung durch prek\u00e4re Jobs oder die unbezahlte Sorgearbeit die vielen Frauen* das Leben schwer macht.<br><br>In den letzten Jahren haben einige Feminist*innen sich wieder st\u00e4rker in feministischen Arbeitsk\u00e4mpfen eingebracht \u2013 allen voran im Gesundheitswesen und im Sozial- und Erziehungsdienst. Diese Entwicklung finden wir wichtig und richtig. Doch was passiert, wenn die Kollegin auf Station nichts vom \u201eFeminismus\u201c wissen will? Wenn sie sich gar nicht \u201eals Frau\u201c unterdr\u00fcckt f\u00fchlt, sondern es erst mal nur um die Lohnarbeit geht?<br><br>In dieser Diskussionsveranstaltung m\u00f6chten wir als Aktivist*innen des Netzwerks Solidarisches Gesundheitswesens mit euch unsere Analyse und Erfahrungen teilen und \u00fcber die Zukunft von feministischen Arbeitsk\u00e4mpfen und einen Feminismus mit Klasse ins Gespr\u00e4ch kommen.<br><\/p>\n\n\n\n<figure class=\"wp-block-image size-full\"><img decoding=\"async\" loading=\"lazy\" width=\"1000\" height=\"1000\" src=\"https:\/\/www.antifaschistische-linke.de\/wp-content\/uploads\/flyer_online-1.jpg\" alt=\"\" class=\"wp-image-7146\" srcset=\"https:\/\/www.antifaschistische-linke.de\/wp-content\/uploads\/flyer_online-1.jpg 1000w, https:\/\/www.antifaschistische-linke.de\/wp-content\/uploads\/flyer_online-1-300x300.jpg 300w, https:\/\/www.antifaschistische-linke.de\/wp-content\/uploads\/flyer_online-1-180x180.jpg 180w, https:\/\/www.antifaschistische-linke.de\/wp-content\/uploads\/flyer_online-1-50x50.jpg 50w, https:\/\/www.antifaschistische-linke.de\/wp-content\/uploads\/flyer_online-1-80x80.jpg 80w\" sizes=\"(max-width: 1000px) 100vw, 1000px\" \/><\/figure>\n","protected":false},"excerpt":{"rendered":"<p>Vom Krankenhaus bis in die Kita ausgebrannte Kolleginnen! Herzliche Einladung zur Diskussionsveranstaltung zu feministischen Arbeitsk\u00e4mpfen. Davor sehen wir uns freilich noch am 8. M\u00e4rz, dem internationalen Frauen*kampftag und feministischen Streik. 17. M\u00e4rz 2022, 19 Uhrhttps:\/\/meet.jit.si\/femarbeitskampf Viele feministische Debatten drehen sich heutzutage darum, wie wir Sprache m\u00f6glichst inklusiv gestalten und m\u00f6glichst alle Personen in ihrer Individualit\u00e4t [&hellip;]<\/p>\n","protected":false},"author":1,"featured_media":7144,"comment_status":"closed","ping_status":"closed","sticky":false,"template":"","format":"standard","meta":[],"categories":[969,1087,922,790,1032,642,11],"tags":[],"_links":{"self":[{"href":"https:\/\/www.antifaschistische-linke.de\/index.php?rest_route=\/wp\/v2\/posts\/7143"}],"collection":[{"href":"https:\/\/www.antifaschistische-linke.de\/index.php?rest_route=\/wp\/v2\/posts"}],"about":[{"href":"https:\/\/www.antifaschistische-linke.de\/index.php?rest_route=\/wp\/v2\/types\/post"}],"author":[{"embeddable":true,"href":"https:\/\/www.antifaschistische-linke.de\/index.php?rest_route=\/wp\/v2\/users\/1"}],"replies":[{"embeddable":true,"href":"https:\/\/www.antifaschistische-linke.de\/index.php?rest_route=%2Fwp%2Fv2%2Fcomments&post=7143"}],"version-history":[{"count":0,"href":"https:\/\/www.antifaschistische-linke.de\/index.php?rest_route=\/wp\/v2\/posts\/7143\/revisions"}],"wp:featuredmedia":[{"embeddable":true,"href":"https:\/\/www.antifaschistische-linke.de\/index.php?rest_route=\/wp\/v2\/media\/7144"}],"wp:attachment":[{"href":"https:\/\/www.antifaschistische-linke.de\/index.php?rest_route=%2Fwp%2Fv2%2Fmedia&parent=7143"}],"wp:term":[{"taxonomy":"category","embeddable":true,"href":"https:\/\/www.antifaschistische-linke.de\/index.php?rest_route=%2Fwp%2Fv2%2Fcategories&post=7143"},{"taxonomy":"post_tag","embeddable":true,"href":"https:\/\/www.antifaschistische-linke.de\/index.php?rest_route=%2Fwp%2Fv2%2Ftags&post=7143"}],"curies":[{"name":"wp","href":"https:\/\/api.w.org\/{rel}","templated":true}]}}