{"id":715,"date":"2009-08-22T17:30:00","date_gmt":"2009-08-22T15:30:00","guid":{"rendered":"http:\/\/alfr.blogsport.de\/2009\/08\/22\/mahnwache-gegen-staatsstreich-in-honduras\/"},"modified":"2009-08-22T17:30:00","modified_gmt":"2009-08-22T15:30:00","slug":"mahnwache-gegen-staatsstreich-in-honduras","status":"publish","type":"post","link":"https:\/\/www.antifaschistische-linke.de\/?p=715","title":{"rendered":"Mahnwache gegen Staatsstreich in Honduras"},"content":{"rendered":"<p><img decoding=\"async\" src=\"http:\/\/www.antifaschistische-linke.de\/Bilder\/roterstern.png\" align=\"left\" alt=\"\" \/><em>Samstag, 22.08.2009<\/em><br \/><strong>Berlin.<\/strong> Zahlreiche Menschen hielten in der letzten Woche vor dem Geb\u00e4ude der honduranischen Botschaft in Berlin eine Mahnwache ab gegen den Staatsstreich vom 28. Juni und f\u00fcr eine Wiedereinsetzung des rechtm\u00e4\u00dfigen Pr\u00e4sidenten Manuel Zelaya in sein Amt. Aufgerufen hatte die DKP und das Berliner Aktionsb\u00fcndnis f\u00fcr Venezuela. <strong><a href=\"http:\/\/www.redglobe.de\/index.php?option=com_content&#038;task=view&#038;id=3283&#038;Itemid=1\">Mehr Infos<\/a><\/strong><\/p>\n","protected":false},"excerpt":{"rendered":"<p>Samstag, 22.08.2009Berlin. Zahlreiche Menschen hielten in der letzten Woche vor dem Geb\u00e4ude der honduranischen Botschaft in Berlin eine Mahnwache ab gegen den Staatsstreich vom 28. Juni und f\u00fcr eine Wiedereinsetzung des rechtm\u00e4\u00dfigen Pr\u00e4sidenten Manuel Zelaya in sein Amt. Aufgerufen hatte die DKP und das Berliner Aktionsb\u00fcndnis f\u00fcr Venezuela. Mehr Infos<\/p>\n","protected":false},"author":1,"featured_media":0,"comment_status":"closed","ping_status":"closed","sticky":false,"template":"","format":"standard","meta":[],"categories":[1],"tags":[],"_links":{"self":[{"href":"https:\/\/www.antifaschistische-linke.de\/index.php?rest_route=\/wp\/v2\/posts\/715"}],"collection":[{"href":"https:\/\/www.antifaschistische-linke.de\/index.php?rest_route=\/wp\/v2\/posts"}],"about":[{"href":"https:\/\/www.antifaschistische-linke.de\/index.php?rest_route=\/wp\/v2\/types\/post"}],"author":[{"embeddable":true,"href":"https:\/\/www.antifaschistische-linke.de\/index.php?rest_route=\/wp\/v2\/users\/1"}],"replies":[{"embeddable":true,"href":"https:\/\/www.antifaschistische-linke.de\/index.php?rest_route=%2Fwp%2Fv2%2Fcomments&post=715"}],"version-history":[{"count":0,"href":"https:\/\/www.antifaschistische-linke.de\/index.php?rest_route=\/wp\/v2\/posts\/715\/revisions"}],"wp:attachment":[{"href":"https:\/\/www.antifaschistische-linke.de\/index.php?rest_route=%2Fwp%2Fv2%2Fmedia&parent=715"}],"wp:term":[{"taxonomy":"category","embeddable":true,"href":"https:\/\/www.antifaschistische-linke.de\/index.php?rest_route=%2Fwp%2Fv2%2Fcategories&post=715"},{"taxonomy":"post_tag","embeddable":true,"href":"https:\/\/www.antifaschistische-linke.de\/index.php?rest_route=%2Fwp%2Fv2%2Ftags&post=715"}],"curies":[{"name":"wp","href":"https:\/\/api.w.org\/{rel}","templated":true}]}}