{"id":7157,"date":"2022-04-08T15:35:42","date_gmt":"2022-04-08T13:35:42","guid":{"rendered":"https:\/\/www.antifaschistische-linke.de\/?p=7157"},"modified":"2022-04-08T15:37:42","modified_gmt":"2022-04-08T13:37:42","slug":"kicken-gegen-rechts","status":"publish","type":"post","link":"https:\/\/www.antifaschistische-linke.de\/?p=7157","title":{"rendered":"Kicken gegen Rechts am 28.05.2022"},"content":{"rendered":"\n<p><\/p>\n\n\n\n<p>Im Rahmen des Aktionsmonats vom B\u00fcndnis &#8222;Freiburg gegen Rechts&#8220; organisieren wir als Antifaschistische Linke zusammen mit dem Offenen Antifa Treffen Freiburg und der Kulturinitiative Freiburg e.V. am 28. Mai ein Fu\u00dfballturnier gegen Rechts in Freiburg! Dieses mal wird in Freiburg-Haslach gekickt.\u00a0<\/p>\n\n\n\n<p><br>&#x1f4c6; WANN: Samstag, 28. Mai<br><br>&#x1f55b; UHRZEIT: Anmeldung ab 11:30 Uhr, gekickt wird ab 12 Uhr.<br><br>&#x1f945; ORT: Das Turnier findet auf der Freisportanlage der Staudinger Gesamtschule statt. Der Platz ist barrierefrei und es gibt Umkleiden und Toiletten.<br><br>&#x1f468;&#x200d;&#x1f469;&#x200d;&#x1f466;&#x200d;&#x1f466; TEAMS: Gespielt wird in 6er-Teams (5+1) auf Kleinfeldern. Ihr d\u00fcrft gerne Ersatzspieler:innen mitbringen.<br>Beim Turnier soll es vor allem um Spa\u00df und einen gemeinsamen politischen Ausdruck gehen. Achtet deshalb auf einen solidarischen Umgang miteinander. Bitte keine reinen Vereinsteams; es wird keine Schiedsrichter:innen geben.<br><br>&#x1f96a;&#x1f964; VERPFLEGUNG: Selbstverst\u00e4ndlich ist f\u00fcr k\u00fchle Getr\u00e4nke und Essen zu g\u00fcnstigen Preisen gesorgt.\u00a0<br><br>&#x1f6a9; Neben dem Turnier wird es St\u00e4nde von verschiedenen linken Gruppen aus Freiburg geben. Dort k\u00f6nnt ihr euch informieren, austauschen und selbst gegen Rechts aktiv werden.\u00a0<br><br>&#x1f4e7;ANMELDUNG: Ihr k\u00f6nnt euch ab jetzt bis zum 23.5. per Mail anmelden unter kicken-gegen-rechts@gmx.de. Gebt dabei euren Teamnamen mit an.<br>Habt ihr kein Team, k\u00f6nnt ihr euch auch gerne alleine anmelden und wir stellen ein Team zusammen!\u00a0<br>Wenn ihr als politische Gruppe einen Stand machen m\u00f6chtet, k\u00f6nnt ihr uns auch gerne schreiben.\u00a0<br><br>Es gibt keine Teilnahmegeb\u00fchr. Falls es euch m\u00f6glich ist, freuen wir uns \u00fcber eine kleine Spende.<br><br>Wir freuen uns auf euch!<\/p>\n\n\n\n<figure class=\"wp-block-image size-large\"><img decoding=\"async\" loading=\"lazy\" width=\"1024\" height=\"1024\" src=\"https:\/\/www.antifaschistische-linke.de\/wp-content\/uploads\/KGR-2022-Sharepic.cleaned-1024x1024.png\" alt=\"\" class=\"wp-image-7158\" srcset=\"https:\/\/www.antifaschistische-linke.de\/wp-content\/uploads\/KGR-2022-Sharepic.cleaned-1024x1024.png 1024w, https:\/\/www.antifaschistische-linke.de\/wp-content\/uploads\/KGR-2022-Sharepic.cleaned-300x300.png 300w, https:\/\/www.antifaschistische-linke.de\/wp-content\/uploads\/KGR-2022-Sharepic.cleaned-180x180.png 180w, https:\/\/www.antifaschistische-linke.de\/wp-content\/uploads\/KGR-2022-Sharepic.cleaned-1536x1536.png 1536w, https:\/\/www.antifaschistische-linke.de\/wp-content\/uploads\/KGR-2022-Sharepic.cleaned-2048x2048.png 2048w, https:\/\/www.antifaschistische-linke.de\/wp-content\/uploads\/KGR-2022-Sharepic.cleaned-50x50.png 50w, https:\/\/www.antifaschistische-linke.de\/wp-content\/uploads\/KGR-2022-Sharepic.cleaned-80x80.png 80w\" sizes=\"(max-width: 1024px) 100vw, 1024px\" \/><\/figure>\n","protected":false},"excerpt":{"rendered":"<p>Im Rahmen des Aktionsmonats vom B\u00fcndnis &#8222;Freiburg gegen Rechts&#8220; organisieren wir als Antifaschistische Linke zusammen mit dem Offenen Antifa Treffen Freiburg und der Kulturinitiative Freiburg e.V. am 28. Mai ein Fu\u00dfballturnier gegen Rechts in Freiburg! Dieses mal wird in Freiburg-Haslach gekickt.\u00a0 &#x1f4c6; WANN: Samstag, 28. Mai &#x1f55b; UHRZEIT: Anmeldung ab 11:30 Uhr, gekickt wird ab [&hellip;]<\/p>\n","protected":false},"author":1,"featured_media":7160,"comment_status":"closed","ping_status":"closed","sticky":false,"template":"","format":"standard","meta":[],"categories":[1],"tags":[],"_links":{"self":[{"href":"https:\/\/www.antifaschistische-linke.de\/index.php?rest_route=\/wp\/v2\/posts\/7157"}],"collection":[{"href":"https:\/\/www.antifaschistische-linke.de\/index.php?rest_route=\/wp\/v2\/posts"}],"about":[{"href":"https:\/\/www.antifaschistische-linke.de\/index.php?rest_route=\/wp\/v2\/types\/post"}],"author":[{"embeddable":true,"href":"https:\/\/www.antifaschistische-linke.de\/index.php?rest_route=\/wp\/v2\/users\/1"}],"replies":[{"embeddable":true,"href":"https:\/\/www.antifaschistische-linke.de\/index.php?rest_route=%2Fwp%2Fv2%2Fcomments&post=7157"}],"version-history":[{"count":0,"href":"https:\/\/www.antifaschistische-linke.de\/index.php?rest_route=\/wp\/v2\/posts\/7157\/revisions"}],"wp:featuredmedia":[{"embeddable":true,"href":"https:\/\/www.antifaschistische-linke.de\/index.php?rest_route=\/wp\/v2\/media\/7160"}],"wp:attachment":[{"href":"https:\/\/www.antifaschistische-linke.de\/index.php?rest_route=%2Fwp%2Fv2%2Fmedia&parent=7157"}],"wp:term":[{"taxonomy":"category","embeddable":true,"href":"https:\/\/www.antifaschistische-linke.de\/index.php?rest_route=%2Fwp%2Fv2%2Fcategories&post=7157"},{"taxonomy":"post_tag","embeddable":true,"href":"https:\/\/www.antifaschistische-linke.de\/index.php?rest_route=%2Fwp%2Fv2%2Ftags&post=7157"}],"curies":[{"name":"wp","href":"https:\/\/api.w.org\/{rel}","templated":true}]}}