{"id":718,"date":"2009-09-05T10:00:37","date_gmt":"2009-09-05T08:00:37","guid":{"rendered":"http:\/\/alfr.blogsport.de\/?p=10"},"modified":"2009-09-05T10:00:37","modified_gmt":"2009-09-05T08:00:37","slug":"naziaufmarsch-in-dortmund-verhindern","status":"publish","type":"post","link":"https:\/\/www.antifaschistische-linke.de\/?p=718","title":{"rendered":"Naziaufmarsch in Dortmund verhindern"},"content":{"rendered":"<p><img decoding=\"async\" src=\"http:\/\/www.antifaschistische-linke.de\/Bilder\/faschismus-heisst-krieg.jpg\" alt=\"Faschismus bedeutet Krieg!\"align=\"left\"\/>Am 5. September 2009 wird in den fr\u00fchen Morgenstunden ein Bus aus Freiburg zur bundesweiten antifaschistischen <a href=\"http:\/\/dortmundquergestellt.wordpress.com\">Gro\u00dfdemonstration<\/a> nach Dortmund fahren. Er kehrt am sp\u00e4ten Abend zur\u00fcck. Auch aus anderen St\u00e4dten Baden-W\u00fcrttembergs gibt es Mobilisierungen in den Pott (<a href=\"http:\/\/aufbau.redio.de\/antifa\/index.php?option=com_content&#038;view=article&#038;id=19:faschismus-heisst-krieg-den-qnationalen-antikriegstagq-angreifen&#038;catid=6:aktuelles\">Stuttgart<\/a>, <a href=\"http:\/\/antifaka.blogsport.de\/2009\/07\/31\/faschismus-heisst-krieg-den-naziaufmarsch-verhindern\/\">Karlsruhe<\/a>, <a href=\"http:\/\/www.aabw.antifa.net\/\">u.a.<\/a>). Alle wichtigen Informationen zu Dortmund und der gemeinsamen Fahrt aus Freiburg findet ihr unter <a href=\"http:\/\/www.bus.blogsport.de\">www.antifabus.tk<\/a> und bei den Mobilisierungsveranstaltungen.<\/p>\n<p><strong>Interview auf <\/strong><a href=\"http:\/\/www.rdl.de\">Radio Dreyeckland<\/a>:<br \/>\n[audio:http:\/\/www.antifaschistische-linke.de\/Audio\/2009-08-20-antifabus.mp3]<\/p>\n<hr NOSHADE SIZE=1\/>\n","protected":false},"excerpt":{"rendered":"<p>Am 5. September 2009 wird in den fr\u00fchen Morgenstunden ein Bus aus Freiburg zur bundesweiten antifaschistischen Gro\u00dfdemonstration nach Dortmund fahren. Er kehrt am sp\u00e4ten Abend zur\u00fcck. Auch aus anderen St\u00e4dten Baden-W\u00fcrttembergs gibt es Mobilisierungen in den Pott (Stuttgart, Karlsruhe, u.a.). Alle wichtigen Informationen zu Dortmund und der gemeinsamen Fahrt aus Freiburg findet ihr unter www.antifabus.tk [&hellip;]<\/p>\n","protected":false},"author":1,"featured_media":0,"comment_status":"closed","ping_status":"closed","sticky":false,"template":"","format":"standard","meta":[],"categories":[1],"tags":[],"_links":{"self":[{"href":"https:\/\/www.antifaschistische-linke.de\/index.php?rest_route=\/wp\/v2\/posts\/718"}],"collection":[{"href":"https:\/\/www.antifaschistische-linke.de\/index.php?rest_route=\/wp\/v2\/posts"}],"about":[{"href":"https:\/\/www.antifaschistische-linke.de\/index.php?rest_route=\/wp\/v2\/types\/post"}],"author":[{"embeddable":true,"href":"https:\/\/www.antifaschistische-linke.de\/index.php?rest_route=\/wp\/v2\/users\/1"}],"replies":[{"embeddable":true,"href":"https:\/\/www.antifaschistische-linke.de\/index.php?rest_route=%2Fwp%2Fv2%2Fcomments&post=718"}],"version-history":[{"count":0,"href":"https:\/\/www.antifaschistische-linke.de\/index.php?rest_route=\/wp\/v2\/posts\/718\/revisions"}],"wp:attachment":[{"href":"https:\/\/www.antifaschistische-linke.de\/index.php?rest_route=%2Fwp%2Fv2%2Fmedia&parent=718"}],"wp:term":[{"taxonomy":"category","embeddable":true,"href":"https:\/\/www.antifaschistische-linke.de\/index.php?rest_route=%2Fwp%2Fv2%2Fcategories&post=718"},{"taxonomy":"post_tag","embeddable":true,"href":"https:\/\/www.antifaschistische-linke.de\/index.php?rest_route=%2Fwp%2Fv2%2Ftags&post=718"}],"curies":[{"name":"wp","href":"https:\/\/api.w.org\/{rel}","templated":true}]}}