{"id":720,"date":"2009-09-07T22:58:11","date_gmt":"2009-09-07T20:58:11","guid":{"rendered":"http:\/\/alfr.blogsport.de\/2009\/09\/07\/npd-in-lueneburg-verdraengt\/"},"modified":"2009-09-07T22:58:11","modified_gmt":"2009-09-07T20:58:11","slug":"npd-in-lueneburg-verdraengt","status":"publish","type":"post","link":"https:\/\/www.antifaschistische-linke.de\/?p=720","title":{"rendered":"NPD in L\u00fcneburg verdr\u00e4ngt"},"content":{"rendered":"<p><img decoding=\"async\" src=\"http:\/\/www.antifaschistische-linke.de\/Bilder\/afalogoklein.png\" align=\"left\" alt=\"Antifaschistische Aktion\" \/><em>Montag, 07.09.2009<\/em><br \/><strong>L\u00fcneburg.<\/strong> Am 5. September 2009 wollte sich die NPD mit einem Infostand in L\u00fcneburg pr\u00e4sentieren. F\u00fcr ihren Wahlkampf hatte der L\u00fcneburger Nazi Christian Berisha f\u00fcr die n\u00e4chsten vier Samstage St\u00e4nde angemeldet. Die Stadtverwaltung hat diese allerdings mit der Begr\u00fcndung untersagt, dass alle m\u00f6glichen Standorte bereits belegt seien. Und so kam es zur angenehmen Situation, dass nicht die NPD in der Innenstadt stand, sondern die Antifaschistische Aktion L\u00fcneburg\/Uelzen mit einem eigenen Infostand. <a href=\"http:\/\/de.indymedia.org\/2009\/09\/259880.shtml\">Mehr Infos<\/a><\/p>\n","protected":false},"excerpt":{"rendered":"<p>Montag, 07.09.2009L\u00fcneburg. Am 5. September 2009 wollte sich die NPD mit einem Infostand in L\u00fcneburg pr\u00e4sentieren. F\u00fcr ihren Wahlkampf hatte der L\u00fcneburger Nazi Christian Berisha f\u00fcr die n\u00e4chsten vier Samstage St\u00e4nde angemeldet. Die Stadtverwaltung hat diese allerdings mit der Begr\u00fcndung untersagt, dass alle m\u00f6glichen Standorte bereits belegt seien. Und so kam es zur angenehmen Situation, [&hellip;]<\/p>\n","protected":false},"author":1,"featured_media":0,"comment_status":"closed","ping_status":"closed","sticky":false,"template":"","format":"standard","meta":[],"categories":[1],"tags":[],"_links":{"self":[{"href":"https:\/\/www.antifaschistische-linke.de\/index.php?rest_route=\/wp\/v2\/posts\/720"}],"collection":[{"href":"https:\/\/www.antifaschistische-linke.de\/index.php?rest_route=\/wp\/v2\/posts"}],"about":[{"href":"https:\/\/www.antifaschistische-linke.de\/index.php?rest_route=\/wp\/v2\/types\/post"}],"author":[{"embeddable":true,"href":"https:\/\/www.antifaschistische-linke.de\/index.php?rest_route=\/wp\/v2\/users\/1"}],"replies":[{"embeddable":true,"href":"https:\/\/www.antifaschistische-linke.de\/index.php?rest_route=%2Fwp%2Fv2%2Fcomments&post=720"}],"version-history":[{"count":0,"href":"https:\/\/www.antifaschistische-linke.de\/index.php?rest_route=\/wp\/v2\/posts\/720\/revisions"}],"wp:attachment":[{"href":"https:\/\/www.antifaschistische-linke.de\/index.php?rest_route=%2Fwp%2Fv2%2Fmedia&parent=720"}],"wp:term":[{"taxonomy":"category","embeddable":true,"href":"https:\/\/www.antifaschistische-linke.de\/index.php?rest_route=%2Fwp%2Fv2%2Fcategories&post=720"},{"taxonomy":"post_tag","embeddable":true,"href":"https:\/\/www.antifaschistische-linke.de\/index.php?rest_route=%2Fwp%2Fv2%2Ftags&post=720"}],"curies":[{"name":"wp","href":"https:\/\/api.w.org\/{rel}","templated":true}]}}