{"id":7204,"date":"2022-10-07T08:36:11","date_gmt":"2022-10-07T06:36:11","guid":{"rendered":"https:\/\/www.antifaschistische-linke.de\/?p=7204"},"modified":"2022-10-07T08:38:55","modified_gmt":"2022-10-07T06:38:55","slug":"kundgebung-mietpreise-stoppen-strom-und-gas-fuer-alle-bezahlbar-machen-am-08-10-2022","status":"publish","type":"post","link":"https:\/\/www.antifaschistische-linke.de\/?p=7204","title":{"rendered":"Kundgebung &#8222;Mietpreise stoppen, Strom und Gas f\u00fcr alle bezahlbar machen&#8220; am 08.10.2022"},"content":{"rendered":"\n<p>Als Teil des &#8222;Freiburger Mietenb\u00fcndnis f\u00fcr dauerhaft bezahlbare Mietwohnungen&#8220; rufen wir zur Kundgebung &#8222;Mietpreise stoppen, Strom und Gas f\u00fcr alle bezahlbar machen auf. Die Kundgebung beginnt am <strong>Samstag, den 08.10.2022, um 16 Uhr vor dem Rathaus in Freiburg<\/strong>. Es wird Infost\u00e4nde und mehrere Redenbeitr\u00e4ge geben. <\/p>\n\n\n\n<p>Wir wollen zeigen, dass wir mit der aktuellen Krisenpolitik unzufrieden sind und es nicht weiter hinnehmen werden, dass Mineral\u00f6lkonzerne und Unternehmen fette Gewinne machen w\u00e4hrend ein Gro\u00dfteil der Bev\u00f6lkerung unter der Inflation und der Umverteilung von unten nach oben leidet.<\/p>\n\n\n\n<p>Kommt mit uns auf die Stra\u00dfe, f\u00fcr ein gutes Leben f\u00fcr alle!<\/p>\n\n\n\n<p>Mehr Infos: https:\/\/www.mietenbuendnis-freiburg.de\/2022\/09\/sa-8-10-22-um-16-uhr-kundgebung-auf-rathausplatz-freiburg\/<\/p>\n","protected":false},"excerpt":{"rendered":"<p>Als Teil des &#8222;Freiburger Mietenb\u00fcndnis f\u00fcr dauerhaft bezahlbare Mietwohnungen&#8220; rufen wir zur Kundgebung &#8222;Mietpreise stoppen, Strom und Gas f\u00fcr alle bezahlbar machen auf. Die Kundgebung beginnt am Samstag, den 08.10.2022, um 16 Uhr vor dem Rathaus in Freiburg. Es wird Infost\u00e4nde und mehrere Redenbeitr\u00e4ge geben. Wir wollen zeigen, dass wir mit der aktuellen Krisenpolitik unzufrieden [&hellip;]<\/p>\n","protected":false},"author":1,"featured_media":7205,"comment_status":"closed","ping_status":"closed","sticky":false,"template":"","format":"standard","meta":[],"categories":[1032,1159,4,317,7],"tags":[1164,1163,1162],"_links":{"self":[{"href":"https:\/\/www.antifaschistische-linke.de\/index.php?rest_route=\/wp\/v2\/posts\/7204"}],"collection":[{"href":"https:\/\/www.antifaschistische-linke.de\/index.php?rest_route=\/wp\/v2\/posts"}],"about":[{"href":"https:\/\/www.antifaschistische-linke.de\/index.php?rest_route=\/wp\/v2\/types\/post"}],"author":[{"embeddable":true,"href":"https:\/\/www.antifaschistische-linke.de\/index.php?rest_route=\/wp\/v2\/users\/1"}],"replies":[{"embeddable":true,"href":"https:\/\/www.antifaschistische-linke.de\/index.php?rest_route=%2Fwp%2Fv2%2Fcomments&post=7204"}],"version-history":[{"count":0,"href":"https:\/\/www.antifaschistische-linke.de\/index.php?rest_route=\/wp\/v2\/posts\/7204\/revisions"}],"wp:featuredmedia":[{"embeddable":true,"href":"https:\/\/www.antifaschistische-linke.de\/index.php?rest_route=\/wp\/v2\/media\/7205"}],"wp:attachment":[{"href":"https:\/\/www.antifaschistische-linke.de\/index.php?rest_route=%2Fwp%2Fv2%2Fmedia&parent=7204"}],"wp:term":[{"taxonomy":"category","embeddable":true,"href":"https:\/\/www.antifaschistische-linke.de\/index.php?rest_route=%2Fwp%2Fv2%2Fcategories&post=7204"},{"taxonomy":"post_tag","embeddable":true,"href":"https:\/\/www.antifaschistische-linke.de\/index.php?rest_route=%2Fwp%2Fv2%2Ftags&post=7204"}],"curies":[{"name":"wp","href":"https:\/\/api.w.org\/{rel}","templated":true}]}}