{"id":7236,"date":"2022-12-04T20:30:09","date_gmt":"2022-12-04T19:30:09","guid":{"rendered":"https:\/\/www.antifaschistische-linke.de\/?p=7236"},"modified":"2022-12-04T20:33:24","modified_gmt":"2022-12-04T19:33:24","slug":"vortrag-die-afd-im-bundestag-wie-stimmt-sie-ab-am-08-12-22","status":"publish","type":"post","link":"https:\/\/www.antifaschistische-linke.de\/?p=7236","title":{"rendered":"Vortrag: &#8222;Die AFD im Bundestag &#8211; Wie stimmt sie ab?&#8220; am 08.12.22"},"content":{"rendered":"\n<h3 style=\"font-size:18px\">Das B\u00fcndnis Freiburg gegen Rechts l\u00e4dt ein zu Vortrag und Diskussion mit Gerd Wiegel: <br>&#8222;Die AfD im Bundestag \u2013 Wie stimmt sie ab?&#8220; <br><\/h3>\n\n\n\n<p><strong>08.12.2022, 19:00 Uhr<\/strong><br><strong>Gewerkschaftshaus<\/strong><br><strong>Friedrichstr. 41 \u2013 43<\/strong> <br><\/p>\n\n\n\n<p>Die AfD inszeniert sich gerne als \u201ePartei der kleinen Leute\u201c und behauptet, deren Interessen im Bundestag zu vertreten. Die Realit\u00e4t sieht meist ganz anders aus, wie man am konkreten Verhalten ihrer Fraktion im Bundestag sehen kann. Regelm\u00e4\u00dfig stimmt sie hier gegen sozialpolitische Vorhaben, tritt f\u00fcr Versch\u00e4rfungen f\u00fcr Arbeitslose ein und ist Teil des \u201eEigentumsblock\u201c. In der letzten Wahlperiode stand die AfD bei sozial- und wirtschaftspolitischen Themen h\u00e4ufig an der Seite der FDP und auch aktuell steht sie in der Krise gegen alle Eingriffe in den Markt. Anspruch und Wirklichkeit einer Partei, die h\u00e4ufig sozial blinkt aber marktradikal abbiegt sollen im Vortrag genauer in den Blick genommen werden.<\/p>\n\n\n\n<p>Dr. Gerd Wiegel studierte in Marburg Politologie und arbeitete nach dem Studium sechs Jahre als Wissenschaftlicher Mitarbeiter am dortigen Institut f\u00fcr Politikwissenschaften. Er ist Autor zahlreicher B\u00fccher und Publikationen zur politischen Rechten in Deutschland und Europa. Seit mehreren Jahren arbeitet er als Referent f\u00fcr Rechtsextremismus und Antifaschismus f\u00fcr die Fraktion Die Linke im Deutschen Bundestag.<\/p>\n\n\n\n<figure class=\"wp-block-image size-full\"><img decoding=\"async\" loading=\"lazy\" width=\"526\" height=\"526\" src=\"https:\/\/www.antifaschistische-linke.de\/wp-content\/uploads\/FGR_Wiegel-1.jpg\" alt=\"\" class=\"wp-image-7238\" srcset=\"https:\/\/www.antifaschistische-linke.de\/wp-content\/uploads\/FGR_Wiegel-1.jpg 526w, https:\/\/www.antifaschistische-linke.de\/wp-content\/uploads\/FGR_Wiegel-1-300x300.jpg 300w, https:\/\/www.antifaschistische-linke.de\/wp-content\/uploads\/FGR_Wiegel-1-180x180.jpg 180w, https:\/\/www.antifaschistische-linke.de\/wp-content\/uploads\/FGR_Wiegel-1-50x50.jpg 50w, https:\/\/www.antifaschistische-linke.de\/wp-content\/uploads\/FGR_Wiegel-1-80x80.jpg 80w\" sizes=\"(max-width: 526px) 100vw, 526px\" \/><\/figure>\n","protected":false},"excerpt":{"rendered":"<p>Das B\u00fcndnis Freiburg gegen Rechts l\u00e4dt ein zu Vortrag und Diskussion mit Gerd Wiegel: &#8222;Die AfD im Bundestag \u2013 Wie stimmt sie ab?&#8220; 08.12.2022, 19:00 UhrGewerkschaftshausFriedrichstr. 41 \u2013 43 Die AfD inszeniert sich gerne als \u201ePartei der kleinen Leute\u201c und behauptet, deren Interessen im Bundestag zu vertreten. Die Realit\u00e4t sieht meist ganz anders aus, wie [&hellip;]<\/p>\n","protected":false},"author":1,"featured_media":7237,"comment_status":"closed","ping_status":"closed","sticky":false,"template":"","format":"standard","meta":[],"categories":[1],"tags":[],"_links":{"self":[{"href":"https:\/\/www.antifaschistische-linke.de\/index.php?rest_route=\/wp\/v2\/posts\/7236"}],"collection":[{"href":"https:\/\/www.antifaschistische-linke.de\/index.php?rest_route=\/wp\/v2\/posts"}],"about":[{"href":"https:\/\/www.antifaschistische-linke.de\/index.php?rest_route=\/wp\/v2\/types\/post"}],"author":[{"embeddable":true,"href":"https:\/\/www.antifaschistische-linke.de\/index.php?rest_route=\/wp\/v2\/users\/1"}],"replies":[{"embeddable":true,"href":"https:\/\/www.antifaschistische-linke.de\/index.php?rest_route=%2Fwp%2Fv2%2Fcomments&post=7236"}],"version-history":[{"count":3,"href":"https:\/\/www.antifaschistische-linke.de\/index.php?rest_route=\/wp\/v2\/posts\/7236\/revisions"}],"predecessor-version":[{"id":7243,"href":"https:\/\/www.antifaschistische-linke.de\/index.php?rest_route=\/wp\/v2\/posts\/7236\/revisions\/7243"}],"wp:featuredmedia":[{"embeddable":true,"href":"https:\/\/www.antifaschistische-linke.de\/index.php?rest_route=\/wp\/v2\/media\/7237"}],"wp:attachment":[{"href":"https:\/\/www.antifaschistische-linke.de\/index.php?rest_route=%2Fwp%2Fv2%2Fmedia&parent=7236"}],"wp:term":[{"taxonomy":"category","embeddable":true,"href":"https:\/\/www.antifaschistische-linke.de\/index.php?rest_route=%2Fwp%2Fv2%2Fcategories&post=7236"},{"taxonomy":"post_tag","embeddable":true,"href":"https:\/\/www.antifaschistische-linke.de\/index.php?rest_route=%2Fwp%2Fv2%2Ftags&post=7236"}],"curies":[{"name":"wp","href":"https:\/\/api.w.org\/{rel}","templated":true}]}}