{"id":7282,"date":"2023-01-24T18:05:29","date_gmt":"2023-01-24T17:05:29","guid":{"rendered":"https:\/\/www.antifaschistische-linke.de\/?p=7282"},"modified":"2023-01-24T18:08:01","modified_gmt":"2023-01-24T17:08:01","slug":"vortrag-wie-viel-1933-steckt-in-2023","status":"publish","type":"post","link":"https:\/\/www.antifaschistische-linke.de\/?p=7282","title":{"rendered":"Vortrag: Wie viel 1933 steckt in 2023? am 06.02.23"},"content":{"rendered":"\n<p>Wir freuen uns euch zum n\u00e4chsten Vortrag einladen zu k\u00f6nnen:<\/p>\n\n\n\n<p><strong>Wie viel 1933 steckt in 2023?<\/strong><br \/><strong>Damals und heute: Gesellschaftliche Situation, faschistische Gefahr und Gegenwehr.<\/strong><\/p>\n\n\n\n<p>Ein Vortrag mit anschlie\u00dfender Diskussion mit Maxi Schneider von der VVN BdA presented by Freiburg gegen Rechts, unterst\u00fctzt durch das neue NS Dokumentationszentrum in Freiburg.<\/p>\n\n\n\n<p>______________<br \/><\/p>\n\n\n\n<h5>Wie viel 1933 steckt in 2023?<br \/>Damals und heute: Gesellschaftliche Situation, faschistische Gefahr und Gegenwehr<\/h5>\n\n\n\n<p>90 Jahre nach der Macht\u00fcbertragung an die NSDAP und dem Beginn der faschistischen Herrschaft in Deutschland fragen wir uns: Wie konnte es damals so weit kommen?<br \/>Angesichts rechtsterroristischer Netzwerke, regelm\u00e4\u00dfiger Neonaziskandale in den Sicherheitsbeh\u00f6rden, einer in Teilen faschistischen Partei im Bundestag und rechten Massenmobilisierungen auf der Stra\u00dfe fragen wir uns aber auch: Wie ist die Situation heute und wie gro\u00df ist die faschistische Gefahr aktuell?<br \/><\/p>\n\n\n\n<p>Maxi Schneider wirft einen genaueren Blick auf das Ende der Weimarer Republik und den Aufstieg des Nazismus zur Macht und beleuchtet Parallelen und Unterschiede zum Heute. Dabei bespricht sie auch die Frage, was wir aus der Geschichte lernen k\u00f6nnen und wie sich in der Gegenwart wirksame Gegenwehr gegen Neofaschismus und Neonazismus organisieren l\u00e4sst. Maxi Schneider ist Historikerin und Referentin f\u00fcr Geschichts- und Erinnerungspolitik der Bundesvereinigung der VVN-BdA e.V.<\/p>\n\n\n\n<p><strong>Vortrag und Diskussion:<\/strong><br \/><em><strong>Montag 6. Februar 19:00 Uhr<br \/>Quartierraum Gutleutmatten<br \/>Magdalena-Gerber-Str. 11<br \/>79115 Freiburg<\/strong><\/em><\/p>\n\n\n\n<p><strong>Stra\u00dfenbahn Linie 3, Haltestelle Pressehaus<br \/>s. Wegbeschreibung<\/strong><\/p>\n\n\n\n<p><strong>Veranstalter*innen:<br \/>VVN-BdA Freiburg, B\u00fcndnis Freiburg gegen rechts, in Kooperation mit dem NS-Doku-Zentrum Freiburg<\/strong><\/p>\n\n\n\n<figure class=\"wp-block-image size-large is-resized\"><img decoding=\"async\" loading=\"lazy\" src=\"https:\/\/www.antifaschistische-linke.de\/wp-content\/uploads\/IMG_5059-1024x1024-1-1024x1024.png\" alt=\"\" class=\"wp-image-7283\" width=\"691\" height=\"691\" srcset=\"https:\/\/www.antifaschistische-linke.de\/wp-content\/uploads\/IMG_5059-1024x1024-1.png 1024w, https:\/\/www.antifaschistische-linke.de\/wp-content\/uploads\/IMG_5059-1024x1024-1-300x300.png 300w, https:\/\/www.antifaschistische-linke.de\/wp-content\/uploads\/IMG_5059-1024x1024-1-180x180.png 180w, https:\/\/www.antifaschistische-linke.de\/wp-content\/uploads\/IMG_5059-1024x1024-1-50x50.png 50w, https:\/\/www.antifaschistische-linke.de\/wp-content\/uploads\/IMG_5059-1024x1024-1-80x80.png 80w\" sizes=\"(max-width: 691px) 100vw, 691px\" \/><\/figure>\n\n\n\n<figure class=\"wp-block-image size-full\"><img decoding=\"async\" loading=\"lazy\" width=\"300\" height=\"300\" src=\"https:\/\/www.antifaschistische-linke.de\/wp-content\/uploads\/IMG_5048-300x300-1.png\" alt=\"\" class=\"wp-image-7284\" srcset=\"https:\/\/www.antifaschistische-linke.de\/wp-content\/uploads\/IMG_5048-300x300-1.png 300w, https:\/\/www.antifaschistische-linke.de\/wp-content\/uploads\/IMG_5048-300x300-1-180x180.png 180w, https:\/\/www.antifaschistische-linke.de\/wp-content\/uploads\/IMG_5048-300x300-1-50x50.png 50w, https:\/\/www.antifaschistische-linke.de\/wp-content\/uploads\/IMG_5048-300x300-1-80x80.png 80w\" sizes=\"(max-width: 300px) 100vw, 300px\" \/><\/figure>\n\n\n\n<figure class=\"wp-block-image size-full\"><img decoding=\"async\" loading=\"lazy\" width=\"300\" height=\"300\" src=\"https:\/\/www.antifaschistische-linke.de\/wp-content\/uploads\/IMG_5049-300x300-1.png\" alt=\"\" class=\"wp-image-7285\" srcset=\"https:\/\/www.antifaschistische-linke.de\/wp-content\/uploads\/IMG_5049-300x300-1.png 300w, https:\/\/www.antifaschistische-linke.de\/wp-content\/uploads\/IMG_5049-300x300-1-180x180.png 180w, https:\/\/www.antifaschistische-linke.de\/wp-content\/uploads\/IMG_5049-300x300-1-50x50.png 50w, https:\/\/www.antifaschistische-linke.de\/wp-content\/uploads\/IMG_5049-300x300-1-80x80.png 80w\" sizes=\"(max-width: 300px) 100vw, 300px\" \/><\/figure>\n","protected":false},"excerpt":{"rendered":"<p>Wir freuen uns euch zum n\u00e4chsten Vortrag einladen zu k\u00f6nnen: Wie viel 1933 steckt in 2023?Damals und heute: Gesellschaftliche Situation, faschistische Gefahr und Gegenwehr. Ein Vortrag mit anschlie\u00dfender Diskussion mit Maxi Schneider von der VVN BdA presented by Freiburg gegen Rechts, unterst\u00fctzt durch das neue NS Dokumentationszentrum in Freiburg. ______________ Wie viel 1933 steckt in [&hellip;]<\/p>\n","protected":false},"author":1,"featured_media":7283,"comment_status":"closed","ping_status":"closed","sticky":false,"template":"","format":"standard","meta":[],"categories":[1033,1,11],"tags":[],"_links":{"self":[{"href":"https:\/\/www.antifaschistische-linke.de\/index.php?rest_route=\/wp\/v2\/posts\/7282"}],"collection":[{"href":"https:\/\/www.antifaschistische-linke.de\/index.php?rest_route=\/wp\/v2\/posts"}],"about":[{"href":"https:\/\/www.antifaschistische-linke.de\/index.php?rest_route=\/wp\/v2\/types\/post"}],"author":[{"embeddable":true,"href":"https:\/\/www.antifaschistische-linke.de\/index.php?rest_route=\/wp\/v2\/users\/1"}],"replies":[{"embeddable":true,"href":"https:\/\/www.antifaschistische-linke.de\/index.php?rest_route=%2Fwp%2Fv2%2Fcomments&post=7282"}],"version-history":[{"count":3,"href":"https:\/\/www.antifaschistische-linke.de\/index.php?rest_route=\/wp\/v2\/posts\/7282\/revisions"}],"predecessor-version":[{"id":7288,"href":"https:\/\/www.antifaschistische-linke.de\/index.php?rest_route=\/wp\/v2\/posts\/7282\/revisions\/7288"}],"wp:featuredmedia":[{"embeddable":true,"href":"https:\/\/www.antifaschistische-linke.de\/index.php?rest_route=\/wp\/v2\/media\/7283"}],"wp:attachment":[{"href":"https:\/\/www.antifaschistische-linke.de\/index.php?rest_route=%2Fwp%2Fv2%2Fmedia&parent=7282"}],"wp:term":[{"taxonomy":"category","embeddable":true,"href":"https:\/\/www.antifaschistische-linke.de\/index.php?rest_route=%2Fwp%2Fv2%2Fcategories&post=7282"},{"taxonomy":"post_tag","embeddable":true,"href":"https:\/\/www.antifaschistische-linke.de\/index.php?rest_route=%2Fwp%2Fv2%2Ftags&post=7282"}],"curies":[{"name":"wp","href":"https:\/\/api.w.org\/{rel}","templated":true}]}}