{"id":7329,"date":"2023-03-07T17:45:50","date_gmt":"2023-03-07T16:45:50","guid":{"rendered":"https:\/\/www.antifaschistische-linke.de\/?p=7329"},"modified":"2023-03-07T17:45:54","modified_gmt":"2023-03-07T16:45:54","slug":"grosse-proteste-gegen-afd-landesparteitag-in-offenburg","status":"publish","type":"post","link":"https:\/\/www.antifaschistische-linke.de\/?p=7329","title":{"rendered":"Gro\u00dfe Proteste gegen AfD-Landesparteitag in\u00a0Offenburg"},"content":{"rendered":"\n<p><strong>Wir teilen hier einen ersten Nachbericht zu den antifaschistischen Protesten gegen den AfD-Landesparteitag in Offenburg, der auf der Plattform <a href=\"https:\/\/antifa-info.net\/2023\/03\/05\/grosse-proteste-gegen-afd-parteitag-in-offenburg\/\" data-type=\"URL\" data-id=\"https:\/\/antifa-info.net\/2023\/03\/05\/grosse-proteste-gegen-afd-parteitag-in-offenburg\/\">Antifa-Info<\/a> ver\u00f6ffentlicht wurde:<\/strong><\/p>\n\n\n\n<p>Mit den seit Langem gr\u00f6\u00dften Protesten hat der Landesparteitag der baden-w\u00fcrttembergischen AfD am Samstag in Offenburg begonnen. Mehr als 1200 Menschen beteiligten sich am 4. M\u00e4rz 2023 an unterschiedlichen Kundgebungen und Demonstrationen gegen das Treffen der Rechten in der st\u00e4dtischen Oberrheinhalle. Die Polizei griff im Laufe des Tages eine antifaschistische Demonstration brutal an und sorgte f\u00fcr deren Aufl\u00f6sung.<\/p>\n\n\n\n<p>Begonnen hatte der Tag mit einer Kundgebung des DGB S\u00fcdbaden auf dem Marktplatz, auf der unter anderem die GEW-Landesvorsitzende sprach. Im Anschluss daran folgte eine von der Offenburger \u201eAufstehen gegen Rassismus\u201c-Gruppe initiierte Demonstration von der Innenstadt zum Messegel\u00e4nde, an der sich auch viele Menschen aus Offenburg und Umgebung beteiligten.<br \/>Zur Beteiligung an beiden Veranstaltungen hatte auch die \u00fcberregionale <a href=\"https:\/\/antifa-info.net\/og23\/\">antifaschistische Kampagne<\/a> aufgerufen, welche von \u00fcber 20 Gruppen, Initiativen und Parteien getragen wurde. Mehrere hundert Menschen aus vielen Ecken Baden-W\u00fcrttembergs, dem Elsass und der nahen Schweiz unterst\u00fctzen deswegen mit organisierten Anreisen den lokalen Widerstand. Etwa 4\u2013500 Menschen schlossen sich auf dem Weg zur AfD-Tagungshalle zu einem organisierten Bereich zusammen, welcher mit einem eigenen Lautsprecherwagen, lautstarken Parolen und hier und da etwas buntem Rauch die kurze Strecke zur\u00fccklegte.<\/p>\n\n\n\n<p>Auf dem Vorplatz der Messehalle folgte im Anschluss an die erste Demonstration eine l\u00e4ngere Kundgebung, auf der auch eigens mit Polizeischutz angereiste Funktion\u00e4rin der SPD und ein Landtagsabgeordneter der Gr\u00fcnen sprach. Die Beitr\u00e4ge der beiden Regierungsvertreter:innen blieben im Publikum nicht ohne Widerspruch. Mehrere Hochtransparente kritisierten den Kriegskurs der Ampelregierung und deren unsoziale Krisenpolitik, Buhrufe und Pfiffe mischten sich mit dem Klatschen der extra landesweit mobilisierten SPD-Mitglieder.<br \/>Deutlich wurde im Anschluss auch ein Redner der antifaschistischen Kampagne \u201e<a href=\"https:\/\/antifa-info.net\/2023\/02\/08\/gemeinsam-gegen-den-afd-landesparteitag-in-offenburg\/\">Den Widerstand nicht abrei\u00dfen lassen \u2013 gemeinsam gegen den AfD-Landesparteitag<\/a>\u201c. Sein Tenor: Nat\u00fcrlich sind und bleiben die Faschist:innen der gef\u00e4hrlichste Gegner. Gegen AfD und Co. gilt es gemeinsam eine breite antifaschistische Front aufzubauen, die auch die soziale Frage stellt. Genau deswegen d\u00fcrften aber die bestehenden gesellschaftlichen Probleme und ihre aktuellen Verursacher nicht ausklammert werden. Die Kritik ziele explizit auf die Politik der Ampel und deren Funktion\u00e4r:innen und nicht auf Teile der SPD\/Gr\u00fcne-Basis und deren ehrlichem antifaschistischen Engagement.<\/p>\n\n\n\n<p>Die zweite Demonstration des Tages startete dann gegen 13 Uhr von der Messe aus in Richtung Innenstadt. An ihr beteiligten sich fast 700 Menschen und somit ein Gro\u00dfteil der verbliebenen Teilnehmer:innen der AgR-Kundgebung. Zu Demonstration aufgerufen hatte die \u00fcberregionale antifaschistische Kampagne <a href=\"https:\/\/antifa-info.net\/2023\/02\/23\/aktionsplan-gegen-den-afd-landesparteitag\/\">aufgerufen<\/a>. Ziel der Demonstration war eigentlich der dicht bewohnte Ostteil der Offenburger Innenstadt. Dort befindet sich mit der <a href=\"https:\/\/biergarten-brandeck.eatbu.com\/\">Gastst\u00e4tte \u201eBrandeck\u201c<\/a> eine Location, welcher der AfD in regelm\u00e4\u00dfigen Abst\u00e4nden ihre R\u00e4ume f\u00fcr Stammtische zur Verf\u00fcgung stellt. Im Anschluss sollte es wieder in die Innenstadt und zum Bahnhof gehen. Der Tenor: Wenn sich die AfD in einer Halle verschanzt, nimmt sich die antifaschistische Bewegung die Stra\u00dfen der Stadt und schafft \u00d6ffentlichkeit f\u00fcr den Kampf gegen Rechts.<\/p>\n\n\n\n<p>Bereits im Loslaufen flogen rote Farbbeutel auf die Fassade der AfD-Tagungshalle. Aus einer dynamischen Anfangssituation, in der eine forsche Demonstration auf unvorbereitete und chaotische Bereitschaftspolizist:innen traf, entwickelte sich schnell ein Kampf um jeden Meter Demo-Strecke und eine un\u00fcbersichtliche und in Teilen unkoordinierte Situation. Nach 200 Meter vorw\u00e4rts gelang es der Polizei, die Demonstration mit massiver Gewalt zu stoppen. Mehrere Teilnehmer:innen der Demonstration wurden hierbei durch Schl\u00e4ge auf den Kopf und Tritte teils schwerer verletzt und auch die Polizei zahlte ihren Preis f\u00fcr das brutale Vorgehen: Einige Beamt:innen wurden durch einen, augenscheinlich zum Selbstschutz eingesetzten, Feuerl\u00f6scher au\u00dfer Gefecht gesetzt.<\/p>\n\n\n\n<p>Was dann folgte, war so bitter wie absehbar. \u00dcber mehr als sechs Stunden, bis in den sp\u00e4ten Abend hinein, kesselte die Offenburger Polizeif\u00fchrung bei Temperaturen im unteren einstelligen Bereich mehrere hundert Antifaschist:innen und f\u00fchrte bei allen Personalienfeststellungen und bei einigen kurzzeitige Festnahmen durch.<br \/>Die Ma\u00dfnahme konnte zwar nicht verhindert, durch das solidarische Zusammenstehen aller Betroffenen und vieler Menschen au\u00dferhalb der Polizeiketten aber zumindest ertr\u00e4glicher gestaltet werden.<\/p>\n\n\n\n<p>F\u00fcr eine ausf\u00fchrliche Nachbereitung ist es an dieser Stelle zu fr\u00fch, daf\u00fcr braucht es Zeit, kollektive Diskussion und Reflexion. Der Tag in Offenburg hat aber gezeigt, dass es nach wie vor eine Bereitschaft gibt, gegen die AfD auf die Stra\u00dfe zu gehen. Daran l\u00e4sst sich ankn\u00fcpfen. Genauso festhalten l\u00e4sst sich, dass die Debatte \u00fcber die richtige politische Strategie im antifaschistischen Kampf notwendiger denn je ist. Und es bleibt einmal mehr die Erkenntnis, dass die baden-w\u00fcrttembergische Polizei wenig unversucht l\u00e4sst, alles daf\u00fcr zu tun, um selbstbestimmte Momente auf der Stra\u00dfe zu unterbinden. Das ist ihnen heute nicht vollends gelungen, der Preis daf\u00fcr war aber hoch.<\/p>\n\n\n\n<p>Die AfD setzte derweil am ersten Tag ihres Parteitags unter teils chaotischen Umst\u00e4nden ihre internen Richtungsk\u00e4mpfe fort. Die eigentlich vorgesehene zentrale Debatte und Abstimmung \u00fcber eine Satzungs\u00e4nderung wurde auf einen sp\u00e4teren Parteitag verschoben.<\/p>\n\n\n\n<figure class=\"is-layout-flex wp-block-gallery-1 wp-block-gallery has-nested-images columns-default is-cropped\">\n<figure class=\"wp-block-image size-large\"><img decoding=\"async\" loading=\"lazy\" width=\"1024\" height=\"682\" data-id=\"7330\"  src=\"https:\/\/www.antifaschistische-linke.de\/wp-content\/uploads\/AfD-stoppen-1024x682.jpg\" alt=\"\" class=\"wp-image-7330\" srcset=\"https:\/\/www.antifaschistische-linke.de\/wp-content\/uploads\/AfD-stoppen-1024x682.jpg 1024w, https:\/\/www.antifaschistische-linke.de\/wp-content\/uploads\/AfD-stoppen-300x200.jpg 300w, https:\/\/www.antifaschistische-linke.de\/wp-content\/uploads\/AfD-stoppen.jpg 1181w\" sizes=\"(max-width: 1024px) 100vw, 1024px\" \/><\/figure>\n\n\n\n<figure class=\"wp-block-image size-large\"><img decoding=\"async\" loading=\"lazy\" width=\"1024\" height=\"683\" data-id=\"7339\"  src=\"https:\/\/www.antifaschistische-linke.de\/wp-content\/uploads\/Antifa-Block-1024x683.jpg\" alt=\"\" class=\"wp-image-7339\" srcset=\"https:\/\/www.antifaschistische-linke.de\/wp-content\/uploads\/Antifa-Block-1024x683.jpg 1024w, https:\/\/www.antifaschistische-linke.de\/wp-content\/uploads\/Antifa-Block-300x200.jpg 300w, https:\/\/www.antifaschistische-linke.de\/wp-content\/uploads\/Antifa-Block.jpg 1476w\" sizes=\"(max-width: 1024px) 100vw, 1024px\" \/><\/figure>\n\n\n\n<figure class=\"wp-block-image size-large\"><img decoding=\"async\" loading=\"lazy\" width=\"1024\" height=\"682\" data-id=\"7336\"  src=\"https:\/\/www.antifaschistische-linke.de\/wp-content\/uploads\/Antifa-Block3-1024x682.jpg\" alt=\"\" class=\"wp-image-7336\" srcset=\"https:\/\/www.antifaschistische-linke.de\/wp-content\/uploads\/Antifa-Block3-1024x682.jpg 1024w, https:\/\/www.antifaschistische-linke.de\/wp-content\/uploads\/Antifa-Block3-300x200.jpg 300w, https:\/\/www.antifaschistische-linke.de\/wp-content\/uploads\/Antifa-Block3.jpg 1071w\" sizes=\"(max-width: 1024px) 100vw, 1024px\" \/><\/figure>\n\n\n\n<figure class=\"wp-block-image size-large\"><img decoding=\"async\" loading=\"lazy\" width=\"1024\" height=\"683\" data-id=\"7331\"  src=\"https:\/\/www.antifaschistische-linke.de\/wp-content\/uploads\/Antifablock2-1024x683.jpg\" alt=\"\" class=\"wp-image-7331\" srcset=\"https:\/\/www.antifaschistische-linke.de\/wp-content\/uploads\/Antifablock2-1024x683.jpg 1024w, https:\/\/www.antifaschistische-linke.de\/wp-content\/uploads\/Antifablock2-300x200.jpg 300w, https:\/\/www.antifaschistische-linke.de\/wp-content\/uploads\/Antifablock2.jpg 1476w\" sizes=\"(max-width: 1024px) 100vw, 1024px\" \/><\/figure>\n\n\n\n<figure class=\"wp-block-image size-large\"><img decoding=\"async\" loading=\"lazy\" width=\"1024\" height=\"683\" data-id=\"7334\"  src=\"https:\/\/www.antifaschistische-linke.de\/wp-content\/uploads\/Auftakt-1024x683.jpg\" alt=\"\" class=\"wp-image-7334\" srcset=\"https:\/\/www.antifaschistische-linke.de\/wp-content\/uploads\/Auftakt-1024x683.jpg 1024w, https:\/\/www.antifaschistische-linke.de\/wp-content\/uploads\/Auftakt-300x200.jpg 300w, https:\/\/www.antifaschistische-linke.de\/wp-content\/uploads\/Auftakt.jpg 1476w\" sizes=\"(max-width: 1024px) 100vw, 1024px\" \/><\/figure>\n\n\n\n<figure class=\"wp-block-image size-large\"><img decoding=\"async\" loading=\"lazy\" width=\"1024\" height=\"683\" data-id=\"7337\"  src=\"https:\/\/www.antifaschistische-linke.de\/wp-content\/uploads\/Block-von-oben-1024x683.jpg\" alt=\"\" class=\"wp-image-7337\" srcset=\"https:\/\/www.antifaschistische-linke.de\/wp-content\/uploads\/Block-von-oben-1024x683.jpg 1024w, https:\/\/www.antifaschistische-linke.de\/wp-content\/uploads\/Block-von-oben-300x200.jpg 300w, https:\/\/www.antifaschistische-linke.de\/wp-content\/uploads\/Block-von-oben.jpg 1476w\" sizes=\"(max-width: 1024px) 100vw, 1024px\" \/><\/figure>\n\n\n\n<figure class=\"wp-block-image size-large\"><img decoding=\"async\" loading=\"lazy\" width=\"1024\" height=\"683\" data-id=\"7335\"  src=\"https:\/\/www.antifaschistische-linke.de\/wp-content\/uploads\/Durchbruch-1024x683.jpg\" alt=\"\" class=\"wp-image-7335\" srcset=\"https:\/\/www.antifaschistische-linke.de\/wp-content\/uploads\/Durchbruch-1024x683.jpg 1024w, https:\/\/www.antifaschistische-linke.de\/wp-content\/uploads\/Durchbruch-300x200.jpg 300w, https:\/\/www.antifaschistische-linke.de\/wp-content\/uploads\/Durchbruch.jpg 1476w\" sizes=\"(max-width: 1024px) 100vw, 1024px\" \/><\/figure>\n\n\n\n<figure class=\"wp-block-image size-large\"><img decoding=\"async\" loading=\"lazy\" width=\"1024\" height=\"682\" data-id=\"7332\"  src=\"https:\/\/www.antifaschistische-linke.de\/wp-content\/uploads\/Feuerloescher-1024x682.jpg\" alt=\"\" class=\"wp-image-7332\" srcset=\"https:\/\/www.antifaschistische-linke.de\/wp-content\/uploads\/Feuerloescher-1024x682.jpg 1024w, https:\/\/www.antifaschistische-linke.de\/wp-content\/uploads\/Feuerloescher-300x200.jpg 300w, https:\/\/www.antifaschistische-linke.de\/wp-content\/uploads\/Feuerloescher.jpg 1181w\" sizes=\"(max-width: 1024px) 100vw, 1024px\" \/><\/figure>\n\n\n\n<figure class=\"wp-block-image size-large\"><img decoding=\"async\" loading=\"lazy\" width=\"1024\" height=\"682\" data-id=\"7333\"  src=\"https:\/\/www.antifaschistische-linke.de\/wp-content\/uploads\/Hochtranspi-Auftakt-1024x682.jpg\" alt=\"\" class=\"wp-image-7333\" srcset=\"https:\/\/www.antifaschistische-linke.de\/wp-content\/uploads\/Hochtranspi-Auftakt-1024x682.jpg 1024w, https:\/\/www.antifaschistische-linke.de\/wp-content\/uploads\/Hochtranspi-Auftakt-300x200.jpg 300w, https:\/\/www.antifaschistische-linke.de\/wp-content\/uploads\/Hochtranspi-Auftakt.jpg 1181w\" sizes=\"(max-width: 1024px) 100vw, 1024px\" \/><\/figure>\n\n\n\n<figure class=\"wp-block-image size-large\"><img decoding=\"async\" loading=\"lazy\" width=\"1024\" height=\"682\" data-id=\"7344\"  src=\"https:\/\/www.antifaschistische-linke.de\/wp-content\/uploads\/Kritik-an-Ampel-Plitik-1024x682.jpg\" alt=\"\" class=\"wp-image-7344\" srcset=\"https:\/\/www.antifaschistische-linke.de\/wp-content\/uploads\/Kritik-an-Ampel-Plitik-1024x682.jpg 1024w, https:\/\/www.antifaschistische-linke.de\/wp-content\/uploads\/Kritik-an-Ampel-Plitik-300x200.jpg 300w, https:\/\/www.antifaschistische-linke.de\/wp-content\/uploads\/Kritik-an-Ampel-Plitik.jpg 1181w\" sizes=\"(max-width: 1024px) 100vw, 1024px\" \/><\/figure>\n\n\n\n<figure class=\"wp-block-image size-large\"><img decoding=\"async\" loading=\"lazy\" width=\"1024\" height=\"682\" data-id=\"7338\"  src=\"https:\/\/www.antifaschistische-linke.de\/wp-content\/uploads\/Polizei-im-Weg-1024x682.jpg\" alt=\"\" class=\"wp-image-7338\" srcset=\"https:\/\/www.antifaschistische-linke.de\/wp-content\/uploads\/Polizei-im-Weg-1024x682.jpg 1024w, https:\/\/www.antifaschistische-linke.de\/wp-content\/uploads\/Polizei-im-Weg-300x200.jpg 300w, https:\/\/www.antifaschistische-linke.de\/wp-content\/uploads\/Polizei-im-Weg.jpg 1181w\" sizes=\"(max-width: 1024px) 100vw, 1024px\" \/><\/figure>\n\n\n\n<figure class=\"wp-block-image size-large\"><img decoding=\"async\" loading=\"lazy\" width=\"1024\" height=\"683\" data-id=\"7340\"  src=\"https:\/\/www.antifaschistische-linke.de\/wp-content\/uploads\/Pyro-1024x683.jpg\" alt=\"\" class=\"wp-image-7340\" srcset=\"https:\/\/www.antifaschistische-linke.de\/wp-content\/uploads\/Pyro-1024x683.jpg 1024w, https:\/\/www.antifaschistische-linke.de\/wp-content\/uploads\/Pyro-300x200.jpg 300w, https:\/\/www.antifaschistische-linke.de\/wp-content\/uploads\/Pyro.jpg 1476w\" sizes=\"(max-width: 1024px) 100vw, 1024px\" \/><\/figure>\n\n\n\n<figure class=\"wp-block-image size-large\"><img decoding=\"async\" loading=\"lazy\" width=\"1024\" height=\"683\" data-id=\"7341\"  src=\"https:\/\/www.antifaschistische-linke.de\/wp-content\/uploads\/an-der-Halle-1024x683.jpg\" alt=\"\" class=\"wp-image-7341\" srcset=\"https:\/\/www.antifaschistische-linke.de\/wp-content\/uploads\/an-der-Halle-1024x683.jpg 1024w, https:\/\/www.antifaschistische-linke.de\/wp-content\/uploads\/an-der-Halle-300x200.jpg 300w, https:\/\/www.antifaschistische-linke.de\/wp-content\/uploads\/an-der-Halle.jpg 1476w\" sizes=\"(max-width: 1024px) 100vw, 1024px\" \/><\/figure>\n\n\n\n<figure class=\"wp-block-image size-large\"><img decoding=\"async\" loading=\"lazy\" width=\"1024\" height=\"682\" data-id=\"7343\"  src=\"https:\/\/www.antifaschistische-linke.de\/wp-content\/uploads\/demostart-an-der-Messe-1024x682.jpg\" alt=\"\" class=\"wp-image-7343\" srcset=\"https:\/\/www.antifaschistische-linke.de\/wp-content\/uploads\/demostart-an-der-Messe-1024x682.jpg 1024w, https:\/\/www.antifaschistische-linke.de\/wp-content\/uploads\/demostart-an-der-Messe-300x200.jpg 300w, https:\/\/www.antifaschistische-linke.de\/wp-content\/uploads\/demostart-an-der-Messe-1536x1024.jpg 1536w, https:\/\/www.antifaschistische-linke.de\/wp-content\/uploads\/demostart-an-der-Messe.jpg 1568w\" sizes=\"(max-width: 1024px) 100vw, 1024px\" \/><\/figure>\n\n\n\n<figure class=\"wp-block-image size-large\"><img decoding=\"async\" loading=\"lazy\" width=\"1024\" height=\"682\" data-id=\"7342\"  src=\"https:\/\/www.antifaschistische-linke.de\/wp-content\/uploads\/durchdruecken-1024x682.jpg\" alt=\"\" class=\"wp-image-7342\" srcset=\"https:\/\/www.antifaschistische-linke.de\/wp-content\/uploads\/durchdruecken-1024x682.jpg 1024w, https:\/\/www.antifaschistische-linke.de\/wp-content\/uploads\/durchdruecken-300x200.jpg 300w, https:\/\/www.antifaschistische-linke.de\/wp-content\/uploads\/durchdruecken.jpg 1181w\" sizes=\"(max-width: 1024px) 100vw, 1024px\" \/><\/figure>\n<\/figure>\n","protected":false},"excerpt":{"rendered":"<p>Mit den seit Langem gr\u00f6\u00dften Protesten hat der Landesparteitag der baden-w\u00fcrttembergischen AfD am Samstag in Offenburg begonnen. Mehr als 1200 Menschen beteiligten sich am 4. M\u00e4rz 2023 an unterschiedlichen Kundgebungen und Demonstrationen gegen das Treffen der Rechten in der st\u00e4dtischen Oberrheinhalle. Die Polizei griff im Laufe des Tages eine antifaschistische Demonstration brutal an und sorgte f\u00fcr deren Aufl\u00f6sung.<\/p>\n","protected":false},"author":1,"featured_media":7334,"comment_status":"closed","ping_status":"closed","sticky":false,"template":"","format":"standard","meta":[],"categories":[1033,10,1,1030],"tags":[176,929,17,146,1167,374],"_links":{"self":[{"href":"https:\/\/www.antifaschistische-linke.de\/index.php?rest_route=\/wp\/v2\/posts\/7329"}],"collection":[{"href":"https:\/\/www.antifaschistische-linke.de\/index.php?rest_route=\/wp\/v2\/posts"}],"about":[{"href":"https:\/\/www.antifaschistische-linke.de\/index.php?rest_route=\/wp\/v2\/types\/post"}],"author":[{"embeddable":true,"href":"https:\/\/www.antifaschistische-linke.de\/index.php?rest_route=\/wp\/v2\/users\/1"}],"replies":[{"embeddable":true,"href":"https:\/\/www.antifaschistische-linke.de\/index.php?rest_route=%2Fwp%2Fv2%2Fcomments&post=7329"}],"version-history":[{"count":1,"href":"https:\/\/www.antifaschistische-linke.de\/index.php?rest_route=\/wp\/v2\/posts\/7329\/revisions"}],"predecessor-version":[{"id":7345,"href":"https:\/\/www.antifaschistische-linke.de\/index.php?rest_route=\/wp\/v2\/posts\/7329\/revisions\/7345"}],"wp:featuredmedia":[{"embeddable":true,"href":"https:\/\/www.antifaschistische-linke.de\/index.php?rest_route=\/wp\/v2\/media\/7334"}],"wp:attachment":[{"href":"https:\/\/www.antifaschistische-linke.de\/index.php?rest_route=%2Fwp%2Fv2%2Fmedia&parent=7329"}],"wp:term":[{"taxonomy":"category","embeddable":true,"href":"https:\/\/www.antifaschistische-linke.de\/index.php?rest_route=%2Fwp%2Fv2%2Fcategories&post=7329"},{"taxonomy":"post_tag","embeddable":true,"href":"https:\/\/www.antifaschistische-linke.de\/index.php?rest_route=%2Fwp%2Fv2%2Ftags&post=7329"}],"curies":[{"name":"wp","href":"https:\/\/api.w.org\/{rel}","templated":true}]}}