{"id":734,"date":"2011-09-26T12:49:33","date_gmt":"2011-09-26T10:49:33","guid":{"rendered":"http:\/\/alfr.blogsport.de\/2011\/09\/26\/vortraege-und-diskussionen-zum-thema-abschiebungen\/"},"modified":"2011-09-26T12:49:33","modified_gmt":"2011-09-26T10:49:33","slug":"vortraege-und-diskussionen-zum-thema-abschiebungen","status":"publish","type":"post","link":"https:\/\/www.antifaschistische-linke.de\/?p=734","title":{"rendered":"Vortr\u00e4ge und Diskussionen zum Thema Abschiebungen"},"content":{"rendered":"<p><img decoding=\"async\" src=\"http:\/\/www.antifaschistische-linke.de\/Bilder\/keinmenschistillegalklein.jpg\" width=\"50\" align=\"left\" alt=\"\" \/><em>Montag, 26.09.2011<\/em><br \/><strong>Freiburg im Breisgau.<\/strong> Am Freitag, 7. Oktober 2011 um 20 h findet auf der Kammerb\u00fchne im <a href=\"http:\/\/theater.freiburg.de\/\">Theater Freiburg<\/a>, Bertholdstra\u00dfe 46, 79098 Freiburg eine Veranstaltung des Freiburger Forum aktiv gegen Ausgrenzung statt. Unter dem Motto &#8222;<a href=\"http:\/\/www.aktionbleiberecht.de\/?p=2641\">Zusammen Abschiebungen verhindern! Alle Roma bleiben!<\/a>&#8220; gibt es 13 Kurzvort\u00e4ge von verschiedenen Gruppen und Einzelpersonen sowie Raum f\u00fcr anschlie\u00dfende Diskussionen.<\/p>\n","protected":false},"excerpt":{"rendered":"<p>Montag, 26.09.2011Freiburg im Breisgau. Am Freitag, 7. Oktober 2011 um 20 h findet auf der Kammerb\u00fchne im Theater Freiburg, Bertholdstra\u00dfe 46, 79098 Freiburg eine Veranstaltung des Freiburger Forum aktiv gegen Ausgrenzung statt. Unter dem Motto &#8222;Zusammen Abschiebungen verhindern! Alle Roma bleiben!&#8220; gibt es 13 Kurzvort\u00e4ge von verschiedenen Gruppen und Einzelpersonen sowie Raum f\u00fcr anschlie\u00dfende Diskussionen.<\/p>\n","protected":false},"author":1,"featured_media":0,"comment_status":"closed","ping_status":"closed","sticky":false,"template":"","format":"standard","meta":[],"categories":[1],"tags":[],"_links":{"self":[{"href":"https:\/\/www.antifaschistische-linke.de\/index.php?rest_route=\/wp\/v2\/posts\/734"}],"collection":[{"href":"https:\/\/www.antifaschistische-linke.de\/index.php?rest_route=\/wp\/v2\/posts"}],"about":[{"href":"https:\/\/www.antifaschistische-linke.de\/index.php?rest_route=\/wp\/v2\/types\/post"}],"author":[{"embeddable":true,"href":"https:\/\/www.antifaschistische-linke.de\/index.php?rest_route=\/wp\/v2\/users\/1"}],"replies":[{"embeddable":true,"href":"https:\/\/www.antifaschistische-linke.de\/index.php?rest_route=%2Fwp%2Fv2%2Fcomments&post=734"}],"version-history":[{"count":0,"href":"https:\/\/www.antifaschistische-linke.de\/index.php?rest_route=\/wp\/v2\/posts\/734\/revisions"}],"wp:attachment":[{"href":"https:\/\/www.antifaschistische-linke.de\/index.php?rest_route=%2Fwp%2Fv2%2Fmedia&parent=734"}],"wp:term":[{"taxonomy":"category","embeddable":true,"href":"https:\/\/www.antifaschistische-linke.de\/index.php?rest_route=%2Fwp%2Fv2%2Fcategories&post=734"},{"taxonomy":"post_tag","embeddable":true,"href":"https:\/\/www.antifaschistische-linke.de\/index.php?rest_route=%2Fwp%2Fv2%2Ftags&post=734"}],"curies":[{"name":"wp","href":"https:\/\/api.w.org\/{rel}","templated":true}]}}